{"id":31763,"date":"2023-06-28T17:00:34","date_gmt":"2023-06-28T20:00:34","guid":{"rendered":"https:\/\/www.vagasdf.com.br\/?p=31763"},"modified":"2023-06-28T17:00:34","modified_gmt":"2023-06-28T20:00:34","slug":"vendedora-brasilia-df-78","status":"publish","type":"post","link":"https:\/\/www.vagasdf.com.br\/index.php\/2023\/06\/28\/vendedora-brasilia-df-78\/","title":{"rendered":"Vendedora &#8211; Bras\u00edlia &#8211; DF"},"content":{"rendered":"<p style=\"text-align: justify;\">Atribui\u00e7\u00f5es:<\/p>\n<ul style=\"text-align: justify;\">\n<li>Opera\u00e7\u00e3o de caixa;<\/li>\n<li>Atendimento a clientes existentes;<\/li>\n<li>Conquista de novos clientes;<\/li>\n<li>Liga\u00e7\u00f5es a clientes;<\/li>\n<li>Separa\u00e7\u00e3o de mercadorias;<\/li>\n<li>Auxiliar na etiquetagem de mercadorias;<\/li>\n<li>Arruma\u00e7\u00e3o de estoque e vitrines;<\/li>\n<li>Cadastramento de clientes no sistema;<\/li>\n<li>Troca de Mercadorias;<\/li>\n<li>Auxiliar na limpeza da loja;<\/li>\n<\/ul>\n<p style=\"text-align: justify;\">Requisitos:<\/p>\n<ul style=\"text-align: justify;\">\n<li>Ensino M\u00e9dio Completo;<\/li>\n<li>Necess\u00e1rio possuir experi\u00eancia em vendas<\/li>\n<li>Desej\u00e1vel ser proativa, ter uma boa comunica\u00e7\u00e3o;<\/li>\n<li>Ter no\u00e7\u00f5es comerciais e de matem\u00e1tica;<\/li>\n<li>Desej\u00e1vel ter habilidade com p\u00fablico;<\/li>\n<li>Disponibilidade de hor\u00e1rio<\/li>\n<\/ul>\n<p style=\"text-align: justify;\">Jornada de Trabalho:<\/p>\n<ul style=\"text-align: justify;\">\n<li>Segunda a S\u00e1bado das 14:00 \u00e0s 22:00. Domingos e feriados: Definidos por escala.<\/li>\n<\/ul>\n<p style=\"text-align: justify;\">Remunera\u00e7\u00e3o:<\/p>\n<ul style=\"text-align: justify;\">\n<li>Sal\u00e1rio Fixo R$ 1.450,00 + Comiss\u00e3o (1% a 3%) + Vale Transporte.<\/li>\n<\/ul>\n<p style=\"text-align: justify;\">Local de Trabalho: Conjunto Nacional<\/p>\n<p style=\"text-align: justify;\">Data m\u00e1xima para envio de curr\u00edculos: 10.07.2023<\/p>\n<p style=\"text-align: justify;\">Enviar curr\u00edculo informando no assunto do e-mail a vaga de interesse para <a href=\"mailto:recrutamento@ansor.com.br\">recrutamento@ansor.com.br <\/a><\/p>\n","protected":false},"excerpt":{"rendered":"<p>Atribui\u00e7\u00f5es: Opera\u00e7\u00e3o de caixa; Atendimento a clientes existentes; Conquista de novos clientes; Liga\u00e7\u00f5es a clientes; Separa\u00e7\u00e3o de mercadorias; Auxiliar na etiquetagem de mercadorias; Arruma\u00e7\u00e3o de [&#8230;]<\/p>\n","protected":false},"author":2,"featured_media":0,"comment_status":"closed","ping_status":"closed","sticky":false,"template":"","format":"standard","meta":{"footnotes":""},"categories":[21,123],"tags":[],"class_list":["post-31763","post","type-post","status-publish","format-standard","hentry","category-comercial-vendas","category-ensino-medio-completo"],"yoast_head":"<!-- This site is optimized with the Yoast SEO plugin v27.5 - https:\/\/yoast.com\/product\/yoast-seo-wordpress\/ -->\n<title>Vendedora - Bras\u00edlia - DF - VagasDF<\/title>\n<meta name=\"robots\" content=\"index, follow, max-snippet:-1, max-image-preview:large, max-video-preview:-1\" \/>\n<link rel=\"canonical\" href=\"https:\/\/www.vagasdf.com.br\/index.php\/2023\/06\/28\/vendedora-brasilia-df-78\/\" \/>\n<meta property=\"og:locale\" content=\"pt_BR\" \/>\n<meta property=\"og:type\" content=\"article\" \/>\n<meta property=\"og:title\" content=\"Vendedora - Bras\u00edlia - DF - VagasDF\" \/>\n<meta property=\"og:description\" content=\"Atribui\u00e7\u00f5es: Opera\u00e7\u00e3o de caixa; Atendimento a clientes existentes; Conquista de novos clientes; Liga\u00e7\u00f5es a clientes; Separa\u00e7\u00e3o de mercadorias; Auxiliar na etiquetagem de mercadorias; Arruma\u00e7\u00e3o de [...]\" \/>\n<meta property=\"og:url\" content=\"https:\/\/www.vagasdf.com.br\/index.php\/2023\/06\/28\/vendedora-brasilia-df-78\/\" \/>\n<meta property=\"og:site_name\" content=\"VagasDF\" \/>\n<meta property=\"article:published_time\" content=\"2023-06-28T20:00:34+00:00\" \/>\n<meta name=\"author\" content=\"Vagas Emprego DF\" \/>\n<meta name=\"twitter:card\" content=\"summary_large_image\" \/>\n<meta name=\"twitter:label1\" content=\"Escrito por\" \/>\n\t<meta name=\"twitter:data1\" content=\"Vagas Emprego DF\" \/>\n\t<meta name=\"twitter:label2\" content=\"Est. tempo de leitura\" \/>\n\t<meta name=\"twitter:data2\" content=\"1 minuto\" \/>\n<!-- \/ Yoast SEO plugin. -->","yoast_head_json":{"title":"Vendedora - Bras\u00edlia - DF - VagasDF","robots":{"index":"index","follow":"follow","max-snippet":"max-snippet:-1","max-image-preview":"max-image-preview:large","max-video-preview":"max-video-preview:-1"},"canonical":"https:\/\/www.vagasdf.com.br\/index.php\/2023\/06\/28\/vendedora-brasilia-df-78\/","og_locale":"pt_BR","og_type":"article","og_title":"Vendedora - Bras\u00edlia - DF - VagasDF","og_description":"Atribui\u00e7\u00f5es: Opera\u00e7\u00e3o de caixa; Atendimento a clientes existentes; Conquista de novos clientes; Liga\u00e7\u00f5es a clientes; Separa\u00e7\u00e3o de mercadorias; Auxiliar na etiquetagem de mercadorias; Arruma\u00e7\u00e3o de [...]","og_url":"https:\/\/www.vagasdf.com.br\/index.php\/2023\/06\/28\/vendedora-brasilia-df-78\/","og_site_name":"VagasDF","article_published_time":"2023-06-28T20:00:34+00:00","author":"Vagas Emprego DF","twitter_card":"summary_large_image","twitter_misc":{"Escrito por":"Vagas Emprego DF","Est. tempo de leitura":"1 minuto"},"schema":{"@context":"https:\/\/schema.org","@graph":[{"@type":"Article","@id":"https:\/\/www.vagasdf.com.br\/index.php\/2023\/06\/28\/vendedora-brasilia-df-78\/#article","isPartOf":{"@id":"https:\/\/www.vagasdf.com.br\/index.php\/2023\/06\/28\/vendedora-brasilia-df-78\/"},"author":{"name":"Vagas Emprego DF","@id":"https:\/\/www.vagasdf.com.br\/#\/schema\/person\/9384a559252cca63e85a3316d81df8a9"},"headline":"Vendedora &#8211; Bras\u00edlia &#8211; DF","datePublished":"2023-06-28T20:00:34+00:00","mainEntityOfPage":{"@id":"https:\/\/www.vagasdf.com.br\/index.php\/2023\/06\/28\/vendedora-brasilia-df-78\/"},"wordCount":148,"publisher":{"@id":"https:\/\/www.vagasdf.com.br\/#organization"},"articleSection":["comercial \/ vendas","ensino m\u00e9dio"],"inLanguage":"pt-BR"},{"@type":"WebPage","@id":"https:\/\/www.vagasdf.com.br\/index.php\/2023\/06\/28\/vendedora-brasilia-df-78\/","url":"https:\/\/www.vagasdf.com.br\/index.php\/2023\/06\/28\/vendedora-brasilia-df-78\/","name":"Vendedora - Bras\u00edlia - DF - VagasDF","isPartOf":{"@id":"https:\/\/www.vagasdf.com.br\/#website"},"datePublished":"2023-06-28T20:00:34+00:00","breadcrumb":{"@id":"https:\/\/www.vagasdf.com.br\/index.php\/2023\/06\/28\/vendedora-brasilia-df-78\/#breadcrumb"},"inLanguage":"pt-BR","potentialAction":[{"@type":"ReadAction","target":["https:\/\/www.vagasdf.com.br\/index.php\/2023\/06\/28\/vendedora-brasilia-df-78\/"]}]},{"@type":"BreadcrumbList","@id":"https:\/\/www.vagasdf.com.br\/index.php\/2023\/06\/28\/vendedora-brasilia-df-78\/#breadcrumb","itemListElement":[{"@type":"ListItem","position":1,"name":"Home","item":"https:\/\/www.vagasdf.com.br\/"},{"@type":"ListItem","position":2,"name":"Vendedora &#8211; Bras\u00edlia &#8211; DF"}]},{"@type":"WebSite","@id":"https:\/\/www.vagasdf.com.br\/#website","url":"https:\/\/www.vagasdf.com.br\/","name":"VagasDF","description":"Vagas de Emprego e Est\u00e1gio no DF","publisher":{"@id":"https:\/\/www.vagasdf.com.br\/#organization"},"potentialAction":[{"@type":"SearchAction","target":{"@type":"EntryPoint","urlTemplate":"https:\/\/www.vagasdf.com.br\/?s={search_term_string}"},"query-input":{"@type":"PropertyValueSpecification","valueRequired":true,"valueName":"search_term_string"}}],"inLanguage":"pt-BR"},{"@type":"Organization","@id":"https:\/\/www.vagasdf.com.br\/#organization","name":"VagasDF","url":"https:\/\/www.vagasdf.com.br\/","logo":{"@type":"ImageObject","inLanguage":"pt-BR","@id":"https:\/\/www.vagasdf.com.br\/#\/schema\/logo\/image\/","url":"https:\/\/www.vagasdf.com.br\/wp-content\/uploads\/2025\/06\/cropped-vdf-logo-2021.jpg","contentUrl":"https:\/\/www.vagasdf.com.br\/wp-content\/uploads\/2025\/06\/cropped-vdf-logo-2021.jpg","width":350,"height":100,"caption":"VagasDF"},"image":{"@id":"https:\/\/www.vagasdf.com.br\/#\/schema\/logo\/image\/"}},{"@type":"Person","@id":"https:\/\/www.vagasdf.com.br\/#\/schema\/person\/9384a559252cca63e85a3316d81df8a9","name":"Vagas Emprego DF","image":{"@type":"ImageObject","inLanguage":"pt-BR","@id":"https:\/\/secure.gravatar.com\/avatar\/e198f9393383244894b06db503be8cb43011f384a429c7a9f84f3f61c138a35e?s=96&d=mm&r=g","url":"https:\/\/secure.gravatar.com\/avatar\/e198f9393383244894b06db503be8cb43011f384a429c7a9f84f3f61c138a35e?s=96&d=mm&r=g","contentUrl":"https:\/\/secure.gravatar.com\/avatar\/e198f9393383244894b06db503be8cb43011f384a429c7a9f84f3f61c138a35e?s=96&d=mm&r=g","caption":"Vagas Emprego DF"},"url":"https:\/\/www.vagasdf.com.br\/index.php\/author\/vagasemprego\/"}]}},"_links":{"self":[{"href":"https:\/\/www.vagasdf.com.br\/index.php\/wp-json\/wp\/v2\/posts\/31763","targetHints":{"allow":["GET"]}}],"collection":[{"href":"https:\/\/www.vagasdf.com.br\/index.php\/wp-json\/wp\/v2\/posts"}],"about":[{"href":"https:\/\/www.vagasdf.com.br\/index.php\/wp-json\/wp\/v2\/types\/post"}],"author":[{"embeddable":true,"href":"https:\/\/www.vagasdf.com.br\/index.php\/wp-json\/wp\/v2\/users\/2"}],"replies":[{"embeddable":true,"href":"https:\/\/www.vagasdf.com.br\/index.php\/wp-json\/wp\/v2\/comments?post=31763"}],"version-history":[{"count":0,"href":"https:\/\/www.vagasdf.com.br\/index.php\/wp-json\/wp\/v2\/posts\/31763\/revisions"}],"wp:attachment":[{"href":"https:\/\/www.vagasdf.com.br\/index.php\/wp-json\/wp\/v2\/media?parent=31763"}],"wp:term":[{"taxonomy":"category","embeddable":true,"href":"https:\/\/www.vagasdf.com.br\/index.php\/wp-json\/wp\/v2\/categories?post=31763"},{"taxonomy":"post_tag","embeddable":true,"href":"https:\/\/www.vagasdf.com.br\/index.php\/wp-json\/wp\/v2\/tags?post=31763"}],"curies":[{"name":"wp","href":"https:\/\/api.w.org\/{rel}","templated":true}]}}