{"id":31766,"date":"2023-06-28T15:00:14","date_gmt":"2023-06-28T18:00:14","guid":{"rendered":"https:\/\/www.vagasdf.com.br\/?p=31766"},"modified":"2023-06-28T15:00:14","modified_gmt":"2023-06-28T18:00:14","slug":"assistente-comercial-vicente-pires-df","status":"publish","type":"post","link":"https:\/\/www.vagasdf.com.br\/index.php\/2023\/06\/28\/assistente-comercial-vicente-pires-df\/","title":{"rendered":"Assistente Comercial &#8211; Vicente Pires &#8211; DF"},"content":{"rendered":"<p style=\"text-align: justify;\">Requisitos:<\/p>\n<ul style=\"text-align: justify;\">\n<li>Necess\u00e1rio possuir experi\u00eancia com capta\u00e7\u00e3o de clientes<\/li>\n<li>Necess\u00e1rio possuir experi\u00eancia com condom\u00ednios<\/li>\n<li>CNH &#8220;B&#8221;<\/li>\n<\/ul>\n<p style=\"text-align: justify;\">Perfil:<\/p>\n<ul style=\"text-align: justify;\">\n<li>Organizado, concentrado, focado, trabalho em equipe, pontualidade<\/li>\n<li>Ter vivencias com condom\u00ednio ser\u00e1 um diferencial<\/li>\n<li>Desejo de evoluir, crescer e aprender novas ferramentas<\/li>\n<li>Contrato registrado em carteira<\/li>\n<\/ul>\n<p style=\"text-align: justify;\">Atividades:<\/p>\n<ul style=\"text-align: justify;\">\n<li>Atendimento ao cliente, capta\u00e7\u00e3o de clientes<\/li>\n<\/ul>\n<p style=\"text-align: justify;\">Jornada de trabalho:<\/p>\n<ul style=\"text-align: justify;\">\n<li>Segunda a Sexta feira das 08:00 \u00e0s 18:00<\/li>\n<\/ul>\n<p style=\"text-align: justify;\">Remunera\u00e7\u00e3o:<\/p>\n<ul style=\"text-align: justify;\">\n<li>Sal\u00e1rio fixo + Comiss\u00e3o<\/li>\n<\/ul>\n<p style=\"text-align: justify;\">Benef\u00edcios:<\/p>\n<ul style=\"text-align: justify;\">\n<li>Vale Alimenta\u00e7\u00e3o R$ 26,00\/dia + VT<\/li>\n<\/ul>\n<p style=\"text-align: justify;\">Enviar curr\u00edculo informando no assunto do e-mail a vaga de interesse para <a href=\"mailto:connectgestaoapessoasconect@gmail.com\">connectgestaoapessoasconect@gmail.com<\/a><br \/>\nOu chamar no 61 99412-4168<\/p>\n","protected":false},"excerpt":{"rendered":"<p>Requisitos: Necess\u00e1rio possuir experi\u00eancia com capta\u00e7\u00e3o de clientes Necess\u00e1rio possuir experi\u00eancia com condom\u00ednios CNH &#8220;B&#8221; Perfil: Organizado, concentrado, focado, trabalho em equipe, pontualidade Ter vivencias [&#8230;]<\/p>\n","protected":false},"author":2,"featured_media":0,"comment_status":"closed","ping_status":"closed","sticky":false,"template":"","format":"standard","meta":{"footnotes":""},"categories":[21],"tags":[],"class_list":["post-31766","post","type-post","status-publish","format-standard","hentry","category-comercial-vendas"],"yoast_head":"<!-- This site is optimized with the Yoast SEO plugin v27.5 - https:\/\/yoast.com\/product\/yoast-seo-wordpress\/ -->\n<title>Assistente Comercial - Vicente Pires - DF - VagasDF<\/title>\n<meta name=\"robots\" content=\"index, follow, max-snippet:-1, max-image-preview:large, max-video-preview:-1\" \/>\n<link rel=\"canonical\" href=\"https:\/\/www.vagasdf.com.br\/index.php\/2023\/06\/28\/assistente-comercial-vicente-pires-df\/\" \/>\n<meta property=\"og:locale\" content=\"pt_BR\" \/>\n<meta property=\"og:type\" content=\"article\" \/>\n<meta property=\"og:title\" content=\"Assistente Comercial - Vicente Pires - DF - VagasDF\" \/>\n<meta property=\"og:description\" content=\"Requisitos: Necess\u00e1rio possuir experi\u00eancia com capta\u00e7\u00e3o de clientes Necess\u00e1rio possuir experi\u00eancia com condom\u00ednios CNH &#8220;B&#8221; Perfil: Organizado, concentrado, focado, trabalho em equipe, pontualidade Ter vivencias [...]\" \/>\n<meta property=\"og:url\" content=\"https:\/\/www.vagasdf.com.br\/index.php\/2023\/06\/28\/assistente-comercial-vicente-pires-df\/\" \/>\n<meta property=\"og:site_name\" content=\"VagasDF\" \/>\n<meta property=\"article:published_time\" content=\"2023-06-28T18:00:14+00:00\" \/>\n<meta name=\"author\" content=\"Vagas Emprego DF\" \/>\n<meta name=\"twitter:card\" content=\"summary_large_image\" \/>\n<meta name=\"twitter:label1\" content=\"Escrito por\" \/>\n\t<meta name=\"twitter:data1\" content=\"Vagas Emprego DF\" \/>\n\t<meta name=\"twitter:label2\" content=\"Est. tempo de leitura\" \/>\n\t<meta name=\"twitter:data2\" content=\"1 minuto\" \/>\n<!-- \/ Yoast SEO plugin. -->","yoast_head_json":{"title":"Assistente Comercial - Vicente Pires - DF - VagasDF","robots":{"index":"index","follow":"follow","max-snippet":"max-snippet:-1","max-image-preview":"max-image-preview:large","max-video-preview":"max-video-preview:-1"},"canonical":"https:\/\/www.vagasdf.com.br\/index.php\/2023\/06\/28\/assistente-comercial-vicente-pires-df\/","og_locale":"pt_BR","og_type":"article","og_title":"Assistente Comercial - Vicente Pires - DF - VagasDF","og_description":"Requisitos: Necess\u00e1rio possuir experi\u00eancia com capta\u00e7\u00e3o de clientes Necess\u00e1rio possuir experi\u00eancia com condom\u00ednios CNH &#8220;B&#8221; Perfil: Organizado, concentrado, focado, trabalho em equipe, pontualidade Ter vivencias [...]","og_url":"https:\/\/www.vagasdf.com.br\/index.php\/2023\/06\/28\/assistente-comercial-vicente-pires-df\/","og_site_name":"VagasDF","article_published_time":"2023-06-28T18:00:14+00:00","author":"Vagas Emprego DF","twitter_card":"summary_large_image","twitter_misc":{"Escrito por":"Vagas Emprego DF","Est. tempo de leitura":"1 minuto"},"schema":{"@context":"https:\/\/schema.org","@graph":[{"@type":"Article","@id":"https:\/\/www.vagasdf.com.br\/index.php\/2023\/06\/28\/assistente-comercial-vicente-pires-df\/#article","isPartOf":{"@id":"https:\/\/www.vagasdf.com.br\/index.php\/2023\/06\/28\/assistente-comercial-vicente-pires-df\/"},"author":{"name":"Vagas Emprego DF","@id":"https:\/\/www.vagasdf.com.br\/#\/schema\/person\/9384a559252cca63e85a3316d81df8a9"},"headline":"Assistente Comercial &#8211; Vicente Pires &#8211; DF","datePublished":"2023-06-28T18:00:14+00:00","mainEntityOfPage":{"@id":"https:\/\/www.vagasdf.com.br\/index.php\/2023\/06\/28\/assistente-comercial-vicente-pires-df\/"},"wordCount":108,"publisher":{"@id":"https:\/\/www.vagasdf.com.br\/#organization"},"articleSection":["comercial \/ vendas"],"inLanguage":"pt-BR"},{"@type":"WebPage","@id":"https:\/\/www.vagasdf.com.br\/index.php\/2023\/06\/28\/assistente-comercial-vicente-pires-df\/","url":"https:\/\/www.vagasdf.com.br\/index.php\/2023\/06\/28\/assistente-comercial-vicente-pires-df\/","name":"Assistente Comercial - Vicente Pires - DF - VagasDF","isPartOf":{"@id":"https:\/\/www.vagasdf.com.br\/#website"},"datePublished":"2023-06-28T18:00:14+00:00","breadcrumb":{"@id":"https:\/\/www.vagasdf.com.br\/index.php\/2023\/06\/28\/assistente-comercial-vicente-pires-df\/#breadcrumb"},"inLanguage":"pt-BR","potentialAction":[{"@type":"ReadAction","target":["https:\/\/www.vagasdf.com.br\/index.php\/2023\/06\/28\/assistente-comercial-vicente-pires-df\/"]}]},{"@type":"BreadcrumbList","@id":"https:\/\/www.vagasdf.com.br\/index.php\/2023\/06\/28\/assistente-comercial-vicente-pires-df\/#breadcrumb","itemListElement":[{"@type":"ListItem","position":1,"name":"Home","item":"https:\/\/www.vagasdf.com.br\/"},{"@type":"ListItem","position":2,"name":"Assistente Comercial &#8211; Vicente Pires &#8211; DF"}]},{"@type":"WebSite","@id":"https:\/\/www.vagasdf.com.br\/#website","url":"https:\/\/www.vagasdf.com.br\/","name":"VagasDF","description":"Vagas de Emprego e Est\u00e1gio no DF","publisher":{"@id":"https:\/\/www.vagasdf.com.br\/#organization"},"potentialAction":[{"@type":"SearchAction","target":{"@type":"EntryPoint","urlTemplate":"https:\/\/www.vagasdf.com.br\/?s={search_term_string}"},"query-input":{"@type":"PropertyValueSpecification","valueRequired":true,"valueName":"search_term_string"}}],"inLanguage":"pt-BR"},{"@type":"Organization","@id":"https:\/\/www.vagasdf.com.br\/#organization","name":"VagasDF","url":"https:\/\/www.vagasdf.com.br\/","logo":{"@type":"ImageObject","inLanguage":"pt-BR","@id":"https:\/\/www.vagasdf.com.br\/#\/schema\/logo\/image\/","url":"https:\/\/www.vagasdf.com.br\/wp-content\/uploads\/2025\/06\/cropped-vdf-logo-2021.jpg","contentUrl":"https:\/\/www.vagasdf.com.br\/wp-content\/uploads\/2025\/06\/cropped-vdf-logo-2021.jpg","width":350,"height":100,"caption":"VagasDF"},"image":{"@id":"https:\/\/www.vagasdf.com.br\/#\/schema\/logo\/image\/"}},{"@type":"Person","@id":"https:\/\/www.vagasdf.com.br\/#\/schema\/person\/9384a559252cca63e85a3316d81df8a9","name":"Vagas Emprego DF","image":{"@type":"ImageObject","inLanguage":"pt-BR","@id":"https:\/\/secure.gravatar.com\/avatar\/e198f9393383244894b06db503be8cb43011f384a429c7a9f84f3f61c138a35e?s=96&d=mm&r=g","url":"https:\/\/secure.gravatar.com\/avatar\/e198f9393383244894b06db503be8cb43011f384a429c7a9f84f3f61c138a35e?s=96&d=mm&r=g","contentUrl":"https:\/\/secure.gravatar.com\/avatar\/e198f9393383244894b06db503be8cb43011f384a429c7a9f84f3f61c138a35e?s=96&d=mm&r=g","caption":"Vagas Emprego DF"},"url":"https:\/\/www.vagasdf.com.br\/index.php\/author\/vagasemprego\/"}]}},"_links":{"self":[{"href":"https:\/\/www.vagasdf.com.br\/index.php\/wp-json\/wp\/v2\/posts\/31766","targetHints":{"allow":["GET"]}}],"collection":[{"href":"https:\/\/www.vagasdf.com.br\/index.php\/wp-json\/wp\/v2\/posts"}],"about":[{"href":"https:\/\/www.vagasdf.com.br\/index.php\/wp-json\/wp\/v2\/types\/post"}],"author":[{"embeddable":true,"href":"https:\/\/www.vagasdf.com.br\/index.php\/wp-json\/wp\/v2\/users\/2"}],"replies":[{"embeddable":true,"href":"https:\/\/www.vagasdf.com.br\/index.php\/wp-json\/wp\/v2\/comments?post=31766"}],"version-history":[{"count":0,"href":"https:\/\/www.vagasdf.com.br\/index.php\/wp-json\/wp\/v2\/posts\/31766\/revisions"}],"wp:attachment":[{"href":"https:\/\/www.vagasdf.com.br\/index.php\/wp-json\/wp\/v2\/media?parent=31766"}],"wp:term":[{"taxonomy":"category","embeddable":true,"href":"https:\/\/www.vagasdf.com.br\/index.php\/wp-json\/wp\/v2\/categories?post=31766"},{"taxonomy":"post_tag","embeddable":true,"href":"https:\/\/www.vagasdf.com.br\/index.php\/wp-json\/wp\/v2\/tags?post=31766"}],"curies":[{"name":"wp","href":"https:\/\/api.w.org\/{rel}","templated":true}]}}