{"id":31847,"date":"2023-07-05T10:00:44","date_gmt":"2023-07-05T13:00:44","guid":{"rendered":"https:\/\/www.vagasdf.com.br\/?p=31847"},"modified":"2023-07-05T10:00:44","modified_gmt":"2023-07-05T13:00:44","slug":"tecnico-de-seguranca-do-trabalho-brasilia-df-10","status":"publish","type":"post","link":"https:\/\/www.vagasdf.com.br\/index.php\/2023\/07\/05\/tecnico-de-seguranca-do-trabalho-brasilia-df-10\/","title":{"rendered":"T\u00e9cnico de Seguran\u00e7a do Trabalho &#8211; Bras\u00edlia &#8211; DF"},"content":{"rendered":"<p style=\"text-align: justify;\">Requisitos:<\/p>\n<ul style=\"text-align: justify;\">\n<li>Ensino M\u00e9dio, T\u00e9cnico de Seguran\u00e7a do Trabalho. Outros requisitos:<\/li>\n<li>Desej\u00e1vel ter conhecimento da ISO 45001, No\u00e7\u00f5es de primeiros socorros;<\/li>\n<li>Desej\u00e1vel ter conhecimento da NR 10, 11, 12, 20, 23, 33 e 35;<\/li>\n<li>Conhecimento em investiga\u00e7\u00e3o de acidentes e incidentes;<\/li>\n<\/ul>\n<p style=\"text-align: justify;\">Atividades:<\/p>\n<ul style=\"text-align: justify;\">\n<li>Para atuar sempre prezando pela preven\u00e7\u00e3o de acidentes, qualidade dos processos de SST, de acordo com obriga\u00e7\u00f5es legais e do eSocial: Atender \u00e0 legisla\u00e7\u00e3o, \u00e0s normas e procedimentos de higiene e seguran\u00e7a no trabalho, visando melhorias nas condi\u00e7\u00f5es de seguran\u00e7a; Realizar suporte \u00e0 CIPA e \u00e0 brigada de Inc\u00eandio, bem como participar das reuni\u00f5es e a\u00e7\u00f5es pertinentes;<\/li>\n<li>Ministrar palestras e treinamentos aos funcion\u00e1rios, instruindo-os sobre normas de seguran\u00e7a e preven\u00e7\u00e3o de acidentes, visando inform\u00e1-los sobre os riscos das atividades; Acompanhar fiscaliza\u00e7\u00f5es, per\u00edcias e auditorias, al\u00e9m de garantir evid\u00eancias das pr\u00e1ticas realizadas; Gest\u00e3o do controle de EPIs, acidentes, incidentes, registros de ocorr\u00eancia de seguran\u00e7a, documenta\u00e7\u00f5es, laudos e di\u00e1logos di\u00e1rios de seguran\u00e7a;<\/li>\n<li>Realizar atividades administrativas relacionadas a gest\u00e3o da \u00e1rea de seguran\u00e7a do trabalho; Realizar apresenta\u00e7\u00f5es dos indicadores da \u00e1rea; Realizar procedimentos de seguran\u00e7a em manuten\u00e7\u00e3o de subesta\u00e7\u00e3o; Acompanhamento em obras civis e el\u00e9tricas;<\/li>\n<li>Capacitar e sensibilizar funcion\u00e1rios, terceiros e tempor\u00e1rios quanto as quest\u00f5es de seguran\u00e7a do trabalho.<\/li>\n<\/ul>\n<p style=\"text-align: justify;\">Jornada de trabalho:<\/p>\n<ul style=\"text-align: justify;\">\n<li>Hor\u00e1rio a definir<\/li>\n<\/ul>\n<p style=\"text-align: justify;\">Remunera\u00e7\u00e3o:<\/p>\n<ul style=\"text-align: justify;\">\n<li>R$ 3.089,69 + VA \/ VT<\/li>\n<\/ul>\n<p style=\"text-align: justify;\">Informa\u00e7\u00f5es Gerais: Contrato: CLT.<\/p>\n<p style=\"text-align: justify;\">Data m\u00e1xima para envio de curr\u00edculos: 10.07.2023<\/p>\n<p style=\"text-align: justify;\">Enviar curr\u00edculo informando no assunto do e-mail a vaga de interesse para<br \/>\n<a href=\"mailto:recrutamentopcd-df@renovarengenharia.com.br\">recrutamentopcd-df@renovarengenharia.com.br<\/a><\/p>\n","protected":false},"excerpt":{"rendered":"<p>Requisitos: Ensino M\u00e9dio, T\u00e9cnico de Seguran\u00e7a do Trabalho. Outros requisitos: Desej\u00e1vel ter conhecimento da ISO 45001, No\u00e7\u00f5es de primeiros socorros; Desej\u00e1vel ter conhecimento da NR [&#8230;]<\/p>\n","protected":false},"author":2,"featured_media":0,"comment_status":"closed","ping_status":"closed","sticky":false,"template":"","format":"standard","meta":{"footnotes":""},"categories":[123,127,99],"tags":[],"class_list":["post-31847","post","type-post","status-publish","format-standard","hentry","category-ensino-medio-completo","category-ensino-tecnico-completo","category-seguranca-trabalho"],"yoast_head":"<!-- This site is optimized with the Yoast SEO plugin v27.5 - https:\/\/yoast.com\/product\/yoast-seo-wordpress\/ -->\n<title>T\u00e9cnico de Seguran\u00e7a do Trabalho - Bras\u00edlia - DF - VagasDF<\/title>\n<meta name=\"robots\" content=\"index, follow, max-snippet:-1, max-image-preview:large, max-video-preview:-1\" \/>\n<link rel=\"canonical\" href=\"https:\/\/www.vagasdf.com.br\/index.php\/2023\/07\/05\/tecnico-de-seguranca-do-trabalho-brasilia-df-10\/\" \/>\n<meta property=\"og:locale\" content=\"pt_BR\" \/>\n<meta property=\"og:type\" content=\"article\" \/>\n<meta property=\"og:title\" content=\"T\u00e9cnico de Seguran\u00e7a do Trabalho - Bras\u00edlia - DF - VagasDF\" \/>\n<meta property=\"og:description\" content=\"Requisitos: Ensino M\u00e9dio, T\u00e9cnico de Seguran\u00e7a do Trabalho. Outros requisitos: Desej\u00e1vel ter conhecimento da ISO 45001, No\u00e7\u00f5es de primeiros socorros; Desej\u00e1vel ter conhecimento da NR [...]\" \/>\n<meta property=\"og:url\" content=\"https:\/\/www.vagasdf.com.br\/index.php\/2023\/07\/05\/tecnico-de-seguranca-do-trabalho-brasilia-df-10\/\" \/>\n<meta property=\"og:site_name\" content=\"VagasDF\" \/>\n<meta property=\"article:published_time\" content=\"2023-07-05T13:00:44+00:00\" \/>\n<meta name=\"author\" content=\"Vagas Emprego DF\" \/>\n<meta name=\"twitter:card\" content=\"summary_large_image\" \/>\n<meta name=\"twitter:label1\" content=\"Escrito por\" \/>\n\t<meta name=\"twitter:data1\" content=\"Vagas Emprego DF\" \/>\n\t<meta name=\"twitter:label2\" content=\"Est. tempo de leitura\" \/>\n\t<meta name=\"twitter:data2\" content=\"1 minuto\" \/>\n<!-- \/ Yoast SEO plugin. -->","yoast_head_json":{"title":"T\u00e9cnico de Seguran\u00e7a do Trabalho - Bras\u00edlia - DF - VagasDF","robots":{"index":"index","follow":"follow","max-snippet":"max-snippet:-1","max-image-preview":"max-image-preview:large","max-video-preview":"max-video-preview:-1"},"canonical":"https:\/\/www.vagasdf.com.br\/index.php\/2023\/07\/05\/tecnico-de-seguranca-do-trabalho-brasilia-df-10\/","og_locale":"pt_BR","og_type":"article","og_title":"T\u00e9cnico de Seguran\u00e7a do Trabalho - Bras\u00edlia - DF - VagasDF","og_description":"Requisitos: Ensino M\u00e9dio, T\u00e9cnico de Seguran\u00e7a do Trabalho. Outros requisitos: Desej\u00e1vel ter conhecimento da ISO 45001, No\u00e7\u00f5es de primeiros socorros; Desej\u00e1vel ter conhecimento da NR [...]","og_url":"https:\/\/www.vagasdf.com.br\/index.php\/2023\/07\/05\/tecnico-de-seguranca-do-trabalho-brasilia-df-10\/","og_site_name":"VagasDF","article_published_time":"2023-07-05T13:00:44+00:00","author":"Vagas Emprego DF","twitter_card":"summary_large_image","twitter_misc":{"Escrito por":"Vagas Emprego DF","Est. tempo de leitura":"1 minuto"},"schema":{"@context":"https:\/\/schema.org","@graph":[{"@type":"Article","@id":"https:\/\/www.vagasdf.com.br\/index.php\/2023\/07\/05\/tecnico-de-seguranca-do-trabalho-brasilia-df-10\/#article","isPartOf":{"@id":"https:\/\/www.vagasdf.com.br\/index.php\/2023\/07\/05\/tecnico-de-seguranca-do-trabalho-brasilia-df-10\/"},"author":{"name":"Vagas Emprego DF","@id":"https:\/\/www.vagasdf.com.br\/#\/schema\/person\/9384a559252cca63e85a3316d81df8a9"},"headline":"T\u00e9cnico de Seguran\u00e7a do Trabalho &#8211; Bras\u00edlia &#8211; DF","datePublished":"2023-07-05T13:00:44+00:00","mainEntityOfPage":{"@id":"https:\/\/www.vagasdf.com.br\/index.php\/2023\/07\/05\/tecnico-de-seguranca-do-trabalho-brasilia-df-10\/"},"wordCount":283,"publisher":{"@id":"https:\/\/www.vagasdf.com.br\/#organization"},"articleSection":["ensino m\u00e9dio","ensino t\u00e9cnico","seguran\u00e7a do trabalho"],"inLanguage":"pt-BR"},{"@type":"WebPage","@id":"https:\/\/www.vagasdf.com.br\/index.php\/2023\/07\/05\/tecnico-de-seguranca-do-trabalho-brasilia-df-10\/","url":"https:\/\/www.vagasdf.com.br\/index.php\/2023\/07\/05\/tecnico-de-seguranca-do-trabalho-brasilia-df-10\/","name":"T\u00e9cnico de Seguran\u00e7a do Trabalho - Bras\u00edlia - DF - VagasDF","isPartOf":{"@id":"https:\/\/www.vagasdf.com.br\/#website"},"datePublished":"2023-07-05T13:00:44+00:00","breadcrumb":{"@id":"https:\/\/www.vagasdf.com.br\/index.php\/2023\/07\/05\/tecnico-de-seguranca-do-trabalho-brasilia-df-10\/#breadcrumb"},"inLanguage":"pt-BR","potentialAction":[{"@type":"ReadAction","target":["https:\/\/www.vagasdf.com.br\/index.php\/2023\/07\/05\/tecnico-de-seguranca-do-trabalho-brasilia-df-10\/"]}]},{"@type":"BreadcrumbList","@id":"https:\/\/www.vagasdf.com.br\/index.php\/2023\/07\/05\/tecnico-de-seguranca-do-trabalho-brasilia-df-10\/#breadcrumb","itemListElement":[{"@type":"ListItem","position":1,"name":"Home","item":"https:\/\/www.vagasdf.com.br\/"},{"@type":"ListItem","position":2,"name":"T\u00e9cnico de Seguran\u00e7a do Trabalho &#8211; Bras\u00edlia &#8211; DF"}]},{"@type":"WebSite","@id":"https:\/\/www.vagasdf.com.br\/#website","url":"https:\/\/www.vagasdf.com.br\/","name":"VagasDF","description":"Vagas de Emprego e Est\u00e1gio no DF","publisher":{"@id":"https:\/\/www.vagasdf.com.br\/#organization"},"potentialAction":[{"@type":"SearchAction","target":{"@type":"EntryPoint","urlTemplate":"https:\/\/www.vagasdf.com.br\/?s={search_term_string}"},"query-input":{"@type":"PropertyValueSpecification","valueRequired":true,"valueName":"search_term_string"}}],"inLanguage":"pt-BR"},{"@type":"Organization","@id":"https:\/\/www.vagasdf.com.br\/#organization","name":"VagasDF","url":"https:\/\/www.vagasdf.com.br\/","logo":{"@type":"ImageObject","inLanguage":"pt-BR","@id":"https:\/\/www.vagasdf.com.br\/#\/schema\/logo\/image\/","url":"https:\/\/www.vagasdf.com.br\/wp-content\/uploads\/2025\/06\/cropped-vdf-logo-2021.jpg","contentUrl":"https:\/\/www.vagasdf.com.br\/wp-content\/uploads\/2025\/06\/cropped-vdf-logo-2021.jpg","width":350,"height":100,"caption":"VagasDF"},"image":{"@id":"https:\/\/www.vagasdf.com.br\/#\/schema\/logo\/image\/"}},{"@type":"Person","@id":"https:\/\/www.vagasdf.com.br\/#\/schema\/person\/9384a559252cca63e85a3316d81df8a9","name":"Vagas Emprego DF","image":{"@type":"ImageObject","inLanguage":"pt-BR","@id":"https:\/\/secure.gravatar.com\/avatar\/e198f9393383244894b06db503be8cb43011f384a429c7a9f84f3f61c138a35e?s=96&d=mm&r=g","url":"https:\/\/secure.gravatar.com\/avatar\/e198f9393383244894b06db503be8cb43011f384a429c7a9f84f3f61c138a35e?s=96&d=mm&r=g","contentUrl":"https:\/\/secure.gravatar.com\/avatar\/e198f9393383244894b06db503be8cb43011f384a429c7a9f84f3f61c138a35e?s=96&d=mm&r=g","caption":"Vagas Emprego DF"},"url":"https:\/\/www.vagasdf.com.br\/index.php\/author\/vagasemprego\/"}]}},"_links":{"self":[{"href":"https:\/\/www.vagasdf.com.br\/index.php\/wp-json\/wp\/v2\/posts\/31847","targetHints":{"allow":["GET"]}}],"collection":[{"href":"https:\/\/www.vagasdf.com.br\/index.php\/wp-json\/wp\/v2\/posts"}],"about":[{"href":"https:\/\/www.vagasdf.com.br\/index.php\/wp-json\/wp\/v2\/types\/post"}],"author":[{"embeddable":true,"href":"https:\/\/www.vagasdf.com.br\/index.php\/wp-json\/wp\/v2\/users\/2"}],"replies":[{"embeddable":true,"href":"https:\/\/www.vagasdf.com.br\/index.php\/wp-json\/wp\/v2\/comments?post=31847"}],"version-history":[{"count":0,"href":"https:\/\/www.vagasdf.com.br\/index.php\/wp-json\/wp\/v2\/posts\/31847\/revisions"}],"wp:attachment":[{"href":"https:\/\/www.vagasdf.com.br\/index.php\/wp-json\/wp\/v2\/media?parent=31847"}],"wp:term":[{"taxonomy":"category","embeddable":true,"href":"https:\/\/www.vagasdf.com.br\/index.php\/wp-json\/wp\/v2\/categories?post=31847"},{"taxonomy":"post_tag","embeddable":true,"href":"https:\/\/www.vagasdf.com.br\/index.php\/wp-json\/wp\/v2\/tags?post=31847"}],"curies":[{"name":"wp","href":"https:\/\/api.w.org\/{rel}","templated":true}]}}