{"id":32240,"date":"2023-08-03T13:00:53","date_gmt":"2023-08-03T16:00:53","guid":{"rendered":"https:\/\/www.vagasdf.com.br\/?p=32240"},"modified":"2023-08-03T13:00:53","modified_gmt":"2023-08-03T16:00:53","slug":"estagiario-de-psicologia-aguas-claras-df","status":"publish","type":"post","link":"https:\/\/www.vagasdf.com.br\/index.php\/2023\/08\/03\/estagiario-de-psicologia-aguas-claras-df\/","title":{"rendered":"Estagi\u00e1rio de Psicologia &#8211; \u00c1guas Claras &#8211; DF"},"content":{"rendered":"<p style=\"text-align: justify;\">Requisitos:<\/p>\n<ul style=\"text-align: justify;\">\n<li>Ensino Superior Cursando Psicologia do 2\u00b0 ao 6\u00b0 sem<\/li>\n<li>Desej\u00e1vel ter experi\u00eancia anterior na \u00e1rea de vendas e capta\u00e7\u00e3o de clientes ou em Cl\u00ednica de Psicologia<\/li>\n<\/ul>\n<p style=\"text-align: justify;\">Atividades:<\/p>\n<ul style=\"text-align: justify;\">\n<li>Atendimento telef\u00f4nico e por WhatsApp de futuros pacientes e pacientes recorrentes, agendamento de sess\u00e3o para psic\u00f3logas da cl\u00ednica. Produ\u00e7\u00e3o de conte\u00fado t\u00e9cnico para site e redes sociais. Capta\u00e7\u00e3o de pacientes particulares e conv\u00eanios. Contato com psic\u00f3logos, acolhimento de demandas iniciais para encaminhar para psic\u00f3logos.<\/li>\n<\/ul>\n<p style=\"text-align: justify;\">Jornada de trabalho:<\/p>\n<ul style=\"text-align: justify;\">\n<li>Segunda a Sexta feira das 08:00 as 14:00 &#8211; Obrigatoriamente<\/li>\n<\/ul>\n<p style=\"text-align: justify;\">Remunera\u00e7\u00e3o:<\/p>\n<ul style=\"text-align: justify;\">\n<li>Bolsa Auxilio R$ 900,00 + Seguro de Vida + V.T.<\/li>\n<\/ul>\n<p style=\"text-align: justify;\">Local de Trabalho:<\/p>\n<ul style=\"text-align: justify;\">\n<li>Presencial Aguas Claras &#8211; Cl\u00ednica Nossa Psicologia Aplicada<\/li>\n<\/ul>\n<p style=\"text-align: justify;\">Data m\u00e1xima para envio de curr\u00edculos: 20\/08\/2023<\/p>\n<p style=\"text-align: justify;\">Enviar curr\u00edculo informando no assunto do e-mail a vaga de interesse para <a href=\"mailto:nossapsiaplicada@gmail.com\">nossapsiaplicada@gmail.com <\/a><\/p>\n","protected":false},"excerpt":{"rendered":"<p>Requisitos: Ensino Superior Cursando Psicologia do 2\u00b0 ao 6\u00b0 sem Desej\u00e1vel ter experi\u00eancia anterior na \u00e1rea de vendas e capta\u00e7\u00e3o de clientes ou em Cl\u00ednica [&#8230;]<\/p>\n","protected":false},"author":2,"featured_media":0,"comment_status":"closed","ping_status":"closed","sticky":false,"template":"","format":"standard","meta":{"footnotes":""},"categories":[126,44],"tags":[],"class_list":["post-32240","post","type-post","status-publish","format-standard","hentry","category-ensino-superior-incompleto","category-estagio"],"yoast_head":"<!-- This site is optimized with the Yoast SEO plugin v27.5 - https:\/\/yoast.com\/product\/yoast-seo-wordpress\/ -->\n<title>Estagi\u00e1rio de Psicologia - \u00c1guas Claras - DF - VagasDF<\/title>\n<meta name=\"robots\" content=\"index, follow, max-snippet:-1, max-image-preview:large, max-video-preview:-1\" \/>\n<link rel=\"canonical\" href=\"https:\/\/www.vagasdf.com.br\/index.php\/2023\/08\/03\/estagiario-de-psicologia-aguas-claras-df\/\" \/>\n<meta property=\"og:locale\" content=\"pt_BR\" \/>\n<meta property=\"og:type\" content=\"article\" \/>\n<meta property=\"og:title\" content=\"Estagi\u00e1rio de Psicologia - \u00c1guas Claras - DF - VagasDF\" \/>\n<meta property=\"og:description\" content=\"Requisitos: Ensino Superior Cursando Psicologia do 2\u00b0 ao 6\u00b0 sem Desej\u00e1vel ter experi\u00eancia anterior na \u00e1rea de vendas e capta\u00e7\u00e3o de clientes ou em Cl\u00ednica [...]\" \/>\n<meta property=\"og:url\" content=\"https:\/\/www.vagasdf.com.br\/index.php\/2023\/08\/03\/estagiario-de-psicologia-aguas-claras-df\/\" \/>\n<meta property=\"og:site_name\" content=\"VagasDF\" \/>\n<meta property=\"article:published_time\" content=\"2023-08-03T16:00:53+00:00\" \/>\n<meta name=\"author\" content=\"Vagas Emprego DF\" \/>\n<meta name=\"twitter:card\" content=\"summary_large_image\" \/>\n<meta name=\"twitter:label1\" content=\"Escrito por\" \/>\n\t<meta name=\"twitter:data1\" content=\"Vagas Emprego DF\" \/>\n\t<meta name=\"twitter:label2\" content=\"Est. tempo de leitura\" \/>\n\t<meta name=\"twitter:data2\" content=\"1 minuto\" \/>\n<!-- \/ Yoast SEO plugin. -->","yoast_head_json":{"title":"Estagi\u00e1rio de Psicologia - \u00c1guas Claras - DF - VagasDF","robots":{"index":"index","follow":"follow","max-snippet":"max-snippet:-1","max-image-preview":"max-image-preview:large","max-video-preview":"max-video-preview:-1"},"canonical":"https:\/\/www.vagasdf.com.br\/index.php\/2023\/08\/03\/estagiario-de-psicologia-aguas-claras-df\/","og_locale":"pt_BR","og_type":"article","og_title":"Estagi\u00e1rio de Psicologia - \u00c1guas Claras - DF - VagasDF","og_description":"Requisitos: Ensino Superior Cursando Psicologia do 2\u00b0 ao 6\u00b0 sem Desej\u00e1vel ter experi\u00eancia anterior na \u00e1rea de vendas e capta\u00e7\u00e3o de clientes ou em Cl\u00ednica [...]","og_url":"https:\/\/www.vagasdf.com.br\/index.php\/2023\/08\/03\/estagiario-de-psicologia-aguas-claras-df\/","og_site_name":"VagasDF","article_published_time":"2023-08-03T16:00:53+00:00","author":"Vagas Emprego DF","twitter_card":"summary_large_image","twitter_misc":{"Escrito por":"Vagas Emprego DF","Est. tempo de leitura":"1 minuto"},"schema":{"@context":"https:\/\/schema.org","@graph":[{"@type":"Article","@id":"https:\/\/www.vagasdf.com.br\/index.php\/2023\/08\/03\/estagiario-de-psicologia-aguas-claras-df\/#article","isPartOf":{"@id":"https:\/\/www.vagasdf.com.br\/index.php\/2023\/08\/03\/estagiario-de-psicologia-aguas-claras-df\/"},"author":{"name":"Vagas Emprego DF","@id":"https:\/\/www.vagasdf.com.br\/#\/schema\/person\/9384a559252cca63e85a3316d81df8a9"},"headline":"Estagi\u00e1rio de Psicologia &#8211; \u00c1guas Claras &#8211; DF","datePublished":"2023-08-03T16:00:53+00:00","mainEntityOfPage":{"@id":"https:\/\/www.vagasdf.com.br\/index.php\/2023\/08\/03\/estagiario-de-psicologia-aguas-claras-df\/"},"wordCount":151,"publisher":{"@id":"https:\/\/www.vagasdf.com.br\/#organization"},"articleSection":["ensino superior incompleto","est\u00e1gio"],"inLanguage":"pt-BR"},{"@type":"WebPage","@id":"https:\/\/www.vagasdf.com.br\/index.php\/2023\/08\/03\/estagiario-de-psicologia-aguas-claras-df\/","url":"https:\/\/www.vagasdf.com.br\/index.php\/2023\/08\/03\/estagiario-de-psicologia-aguas-claras-df\/","name":"Estagi\u00e1rio de Psicologia - \u00c1guas Claras - DF - VagasDF","isPartOf":{"@id":"https:\/\/www.vagasdf.com.br\/#website"},"datePublished":"2023-08-03T16:00:53+00:00","breadcrumb":{"@id":"https:\/\/www.vagasdf.com.br\/index.php\/2023\/08\/03\/estagiario-de-psicologia-aguas-claras-df\/#breadcrumb"},"inLanguage":"pt-BR","potentialAction":[{"@type":"ReadAction","target":["https:\/\/www.vagasdf.com.br\/index.php\/2023\/08\/03\/estagiario-de-psicologia-aguas-claras-df\/"]}]},{"@type":"BreadcrumbList","@id":"https:\/\/www.vagasdf.com.br\/index.php\/2023\/08\/03\/estagiario-de-psicologia-aguas-claras-df\/#breadcrumb","itemListElement":[{"@type":"ListItem","position":1,"name":"Home","item":"https:\/\/www.vagasdf.com.br\/"},{"@type":"ListItem","position":2,"name":"Estagi\u00e1rio de Psicologia &#8211; \u00c1guas Claras &#8211; DF"}]},{"@type":"WebSite","@id":"https:\/\/www.vagasdf.com.br\/#website","url":"https:\/\/www.vagasdf.com.br\/","name":"VagasDF","description":"Vagas de Emprego e Est\u00e1gio no DF","publisher":{"@id":"https:\/\/www.vagasdf.com.br\/#organization"},"potentialAction":[{"@type":"SearchAction","target":{"@type":"EntryPoint","urlTemplate":"https:\/\/www.vagasdf.com.br\/?s={search_term_string}"},"query-input":{"@type":"PropertyValueSpecification","valueRequired":true,"valueName":"search_term_string"}}],"inLanguage":"pt-BR"},{"@type":"Organization","@id":"https:\/\/www.vagasdf.com.br\/#organization","name":"VagasDF","url":"https:\/\/www.vagasdf.com.br\/","logo":{"@type":"ImageObject","inLanguage":"pt-BR","@id":"https:\/\/www.vagasdf.com.br\/#\/schema\/logo\/image\/","url":"https:\/\/www.vagasdf.com.br\/wp-content\/uploads\/2025\/06\/cropped-vdf-logo-2021.jpg","contentUrl":"https:\/\/www.vagasdf.com.br\/wp-content\/uploads\/2025\/06\/cropped-vdf-logo-2021.jpg","width":350,"height":100,"caption":"VagasDF"},"image":{"@id":"https:\/\/www.vagasdf.com.br\/#\/schema\/logo\/image\/"}},{"@type":"Person","@id":"https:\/\/www.vagasdf.com.br\/#\/schema\/person\/9384a559252cca63e85a3316d81df8a9","name":"Vagas Emprego DF","image":{"@type":"ImageObject","inLanguage":"pt-BR","@id":"https:\/\/secure.gravatar.com\/avatar\/e198f9393383244894b06db503be8cb43011f384a429c7a9f84f3f61c138a35e?s=96&d=mm&r=g","url":"https:\/\/secure.gravatar.com\/avatar\/e198f9393383244894b06db503be8cb43011f384a429c7a9f84f3f61c138a35e?s=96&d=mm&r=g","contentUrl":"https:\/\/secure.gravatar.com\/avatar\/e198f9393383244894b06db503be8cb43011f384a429c7a9f84f3f61c138a35e?s=96&d=mm&r=g","caption":"Vagas Emprego DF"},"url":"https:\/\/www.vagasdf.com.br\/index.php\/author\/vagasemprego\/"}]}},"_links":{"self":[{"href":"https:\/\/www.vagasdf.com.br\/index.php\/wp-json\/wp\/v2\/posts\/32240","targetHints":{"allow":["GET"]}}],"collection":[{"href":"https:\/\/www.vagasdf.com.br\/index.php\/wp-json\/wp\/v2\/posts"}],"about":[{"href":"https:\/\/www.vagasdf.com.br\/index.php\/wp-json\/wp\/v2\/types\/post"}],"author":[{"embeddable":true,"href":"https:\/\/www.vagasdf.com.br\/index.php\/wp-json\/wp\/v2\/users\/2"}],"replies":[{"embeddable":true,"href":"https:\/\/www.vagasdf.com.br\/index.php\/wp-json\/wp\/v2\/comments?post=32240"}],"version-history":[{"count":0,"href":"https:\/\/www.vagasdf.com.br\/index.php\/wp-json\/wp\/v2\/posts\/32240\/revisions"}],"wp:attachment":[{"href":"https:\/\/www.vagasdf.com.br\/index.php\/wp-json\/wp\/v2\/media?parent=32240"}],"wp:term":[{"taxonomy":"category","embeddable":true,"href":"https:\/\/www.vagasdf.com.br\/index.php\/wp-json\/wp\/v2\/categories?post=32240"},{"taxonomy":"post_tag","embeddable":true,"href":"https:\/\/www.vagasdf.com.br\/index.php\/wp-json\/wp\/v2\/tags?post=32240"}],"curies":[{"name":"wp","href":"https:\/\/api.w.org\/{rel}","templated":true}]}}