{"id":32331,"date":"2023-08-10T13:00:14","date_gmt":"2023-08-10T16:00:14","guid":{"rendered":"https:\/\/www.vagasdf.com.br\/?p=32331"},"modified":"2023-08-10T13:00:14","modified_gmt":"2023-08-10T16:00:14","slug":"auxiliar-de-loja-brasilia-df-2","status":"publish","type":"post","link":"https:\/\/www.vagasdf.com.br\/index.php\/2023\/08\/10\/auxiliar-de-loja-brasilia-df-2\/","title":{"rendered":"Auxiliar de Loja &#8211; Bras\u00edlia &#8211; DF"},"content":{"rendered":"<p style=\"text-align: justify;\">Atribui\u00e7\u00f5es:<\/p>\n<ul style=\"text-align: justify;\">\n<li>\u00a0Realizar o abastecimento, limpeza, precifica\u00e7\u00e3o, organiza\u00e7\u00e3o dos produtos comercializados na \u00e1rea de venda, bem como prestar um excelente atendimento ao cliente.<\/li>\n<li>\u00a0Abastecer a se\u00e7\u00e3o observando os crit\u00e9rios de exposi\u00e7\u00e3o e qualidade, evitando ruptura e produtos danificados na \u00e1reas de venda;<\/li>\n<li>\u00a0Fazer anota\u00e7\u00f5es dos produtos que est\u00e3o faltando nas g\u00f4ndolas para abastecer a loja;<\/li>\n<li>\u00a0Auxiliar os clientes na procura de produtos e realizar a troca de mercadorias observando a regras de troca;<\/li>\n<li>\u00a0Realizar quando necess\u00e1rio registro das compras efetuado pelo caixa sob sua responsabilidade, garantindo as informa\u00e7\u00f5es e os valores, bem como receber o pagamento das compras, voltar corretamente o troco, empacotar as mercadorias e realizar as devolu\u00e7\u00f5es de mercadorias para as prateleiras deixadas na frente de caixa pelos clientes ;<\/li>\n<\/ul>\n<p style=\"text-align: justify;\">Requisitos:<\/p>\n<ul style=\"text-align: justify;\">\n<li>Ter Ensino fundamental completo;<\/li>\n<li>Desej\u00e1vel conhecimento com Atendimento ao Cliente, reposi\u00e7\u00e3o e organiza\u00e7\u00e3o de mercadorias;<\/li>\n<li>Ter proatividade, aten\u00e7\u00e3o, organiza\u00e7\u00e3o e boa comunica\u00e7\u00e3o.<\/li>\n<\/ul>\n<p style=\"text-align: justify;\">Jornada de Trabalho:<\/p>\n<ul style=\"text-align: justify;\">\n<li>Escala 6&#215;1 &#8211; Hor\u00e1rio Comercial<\/li>\n<\/ul>\n<p style=\"text-align: justify;\">Benef\u00edcios:<\/p>\n<ul style=\"text-align: justify;\">\n<li>Vale Transporte, Vale alimenta\u00e7\u00e3o, cesta b\u00e1sica, plano de sa\u00fade, premia\u00e7\u00e3o de loja<\/li>\n<\/ul>\n<p style=\"text-align: justify;\">Local de Atua\u00e7\u00e3o: Taguatinga<\/p>\n<p style=\"text-align: justify;\">Enviar curr\u00edculo informando no assunto do e-mail a vaga de interesse para<a href=\"mailto:selecao@grupobig.com.br\"> selecao@grupobig.com.br<\/a><\/p>\n","protected":false},"excerpt":{"rendered":"<p>Atribui\u00e7\u00f5es: \u00a0Realizar o abastecimento, limpeza, precifica\u00e7\u00e3o, organiza\u00e7\u00e3o dos produtos comercializados na \u00e1rea de venda, bem como prestar um excelente atendimento ao cliente. \u00a0Abastecer a se\u00e7\u00e3o [&#8230;]<\/p>\n","protected":false},"author":2,"featured_media":0,"comment_status":"closed","ping_status":"closed","sticky":false,"template":"","format":"standard","meta":{"footnotes":""},"categories":[21,121],"tags":[],"class_list":["post-32331","post","type-post","status-publish","format-standard","hentry","category-comercial-vendas","category-ensino-fundamental-completo"],"yoast_head":"<!-- This site is optimized with the Yoast SEO plugin v27.5 - https:\/\/yoast.com\/product\/yoast-seo-wordpress\/ -->\n<title>Auxiliar de Loja - Bras\u00edlia - DF - VagasDF<\/title>\n<meta name=\"robots\" content=\"index, follow, max-snippet:-1, max-image-preview:large, max-video-preview:-1\" \/>\n<link rel=\"canonical\" href=\"https:\/\/www.vagasdf.com.br\/index.php\/2023\/08\/10\/auxiliar-de-loja-brasilia-df-2\/\" \/>\n<meta property=\"og:locale\" content=\"pt_BR\" \/>\n<meta property=\"og:type\" content=\"article\" \/>\n<meta property=\"og:title\" content=\"Auxiliar de Loja - Bras\u00edlia - DF - VagasDF\" \/>\n<meta property=\"og:description\" content=\"Atribui\u00e7\u00f5es: \u00a0Realizar o abastecimento, limpeza, precifica\u00e7\u00e3o, organiza\u00e7\u00e3o dos produtos comercializados na \u00e1rea de venda, bem como prestar um excelente atendimento ao cliente. \u00a0Abastecer a se\u00e7\u00e3o [...]\" \/>\n<meta property=\"og:url\" content=\"https:\/\/www.vagasdf.com.br\/index.php\/2023\/08\/10\/auxiliar-de-loja-brasilia-df-2\/\" \/>\n<meta property=\"og:site_name\" content=\"VagasDF\" \/>\n<meta property=\"article:published_time\" content=\"2023-08-10T16:00:14+00:00\" \/>\n<meta name=\"author\" content=\"Vagas Emprego DF\" \/>\n<meta name=\"twitter:card\" content=\"summary_large_image\" \/>\n<meta name=\"twitter:label1\" content=\"Escrito por\" \/>\n\t<meta name=\"twitter:data1\" content=\"Vagas Emprego DF\" \/>\n\t<meta name=\"twitter:label2\" content=\"Est. tempo de leitura\" \/>\n\t<meta name=\"twitter:data2\" content=\"1 minuto\" \/>\n<!-- \/ Yoast SEO plugin. -->","yoast_head_json":{"title":"Auxiliar de Loja - Bras\u00edlia - DF - VagasDF","robots":{"index":"index","follow":"follow","max-snippet":"max-snippet:-1","max-image-preview":"max-image-preview:large","max-video-preview":"max-video-preview:-1"},"canonical":"https:\/\/www.vagasdf.com.br\/index.php\/2023\/08\/10\/auxiliar-de-loja-brasilia-df-2\/","og_locale":"pt_BR","og_type":"article","og_title":"Auxiliar de Loja - Bras\u00edlia - DF - VagasDF","og_description":"Atribui\u00e7\u00f5es: \u00a0Realizar o abastecimento, limpeza, precifica\u00e7\u00e3o, organiza\u00e7\u00e3o dos produtos comercializados na \u00e1rea de venda, bem como prestar um excelente atendimento ao cliente. \u00a0Abastecer a se\u00e7\u00e3o [...]","og_url":"https:\/\/www.vagasdf.com.br\/index.php\/2023\/08\/10\/auxiliar-de-loja-brasilia-df-2\/","og_site_name":"VagasDF","article_published_time":"2023-08-10T16:00:14+00:00","author":"Vagas Emprego DF","twitter_card":"summary_large_image","twitter_misc":{"Escrito por":"Vagas Emprego DF","Est. tempo de leitura":"1 minuto"},"schema":{"@context":"https:\/\/schema.org","@graph":[{"@type":"Article","@id":"https:\/\/www.vagasdf.com.br\/index.php\/2023\/08\/10\/auxiliar-de-loja-brasilia-df-2\/#article","isPartOf":{"@id":"https:\/\/www.vagasdf.com.br\/index.php\/2023\/08\/10\/auxiliar-de-loja-brasilia-df-2\/"},"author":{"name":"Vagas Emprego DF","@id":"https:\/\/www.vagasdf.com.br\/#\/schema\/person\/9384a559252cca63e85a3316d81df8a9"},"headline":"Auxiliar de Loja &#8211; Bras\u00edlia &#8211; DF","datePublished":"2023-08-10T16:00:14+00:00","mainEntityOfPage":{"@id":"https:\/\/www.vagasdf.com.br\/index.php\/2023\/08\/10\/auxiliar-de-loja-brasilia-df-2\/"},"wordCount":218,"publisher":{"@id":"https:\/\/www.vagasdf.com.br\/#organization"},"articleSection":["comercial \/ vendas","ensino fundamental"],"inLanguage":"pt-BR"},{"@type":"WebPage","@id":"https:\/\/www.vagasdf.com.br\/index.php\/2023\/08\/10\/auxiliar-de-loja-brasilia-df-2\/","url":"https:\/\/www.vagasdf.com.br\/index.php\/2023\/08\/10\/auxiliar-de-loja-brasilia-df-2\/","name":"Auxiliar de Loja - Bras\u00edlia - DF - VagasDF","isPartOf":{"@id":"https:\/\/www.vagasdf.com.br\/#website"},"datePublished":"2023-08-10T16:00:14+00:00","breadcrumb":{"@id":"https:\/\/www.vagasdf.com.br\/index.php\/2023\/08\/10\/auxiliar-de-loja-brasilia-df-2\/#breadcrumb"},"inLanguage":"pt-BR","potentialAction":[{"@type":"ReadAction","target":["https:\/\/www.vagasdf.com.br\/index.php\/2023\/08\/10\/auxiliar-de-loja-brasilia-df-2\/"]}]},{"@type":"BreadcrumbList","@id":"https:\/\/www.vagasdf.com.br\/index.php\/2023\/08\/10\/auxiliar-de-loja-brasilia-df-2\/#breadcrumb","itemListElement":[{"@type":"ListItem","position":1,"name":"Home","item":"https:\/\/www.vagasdf.com.br\/"},{"@type":"ListItem","position":2,"name":"Auxiliar de Loja &#8211; Bras\u00edlia &#8211; DF"}]},{"@type":"WebSite","@id":"https:\/\/www.vagasdf.com.br\/#website","url":"https:\/\/www.vagasdf.com.br\/","name":"VagasDF","description":"Vagas de Emprego e Est\u00e1gio no DF","publisher":{"@id":"https:\/\/www.vagasdf.com.br\/#organization"},"potentialAction":[{"@type":"SearchAction","target":{"@type":"EntryPoint","urlTemplate":"https:\/\/www.vagasdf.com.br\/?s={search_term_string}"},"query-input":{"@type":"PropertyValueSpecification","valueRequired":true,"valueName":"search_term_string"}}],"inLanguage":"pt-BR"},{"@type":"Organization","@id":"https:\/\/www.vagasdf.com.br\/#organization","name":"VagasDF","url":"https:\/\/www.vagasdf.com.br\/","logo":{"@type":"ImageObject","inLanguage":"pt-BR","@id":"https:\/\/www.vagasdf.com.br\/#\/schema\/logo\/image\/","url":"https:\/\/www.vagasdf.com.br\/wp-content\/uploads\/2025\/06\/cropped-vdf-logo-2021.jpg","contentUrl":"https:\/\/www.vagasdf.com.br\/wp-content\/uploads\/2025\/06\/cropped-vdf-logo-2021.jpg","width":350,"height":100,"caption":"VagasDF"},"image":{"@id":"https:\/\/www.vagasdf.com.br\/#\/schema\/logo\/image\/"}},{"@type":"Person","@id":"https:\/\/www.vagasdf.com.br\/#\/schema\/person\/9384a559252cca63e85a3316d81df8a9","name":"Vagas Emprego DF","image":{"@type":"ImageObject","inLanguage":"pt-BR","@id":"https:\/\/secure.gravatar.com\/avatar\/e198f9393383244894b06db503be8cb43011f384a429c7a9f84f3f61c138a35e?s=96&d=mm&r=g","url":"https:\/\/secure.gravatar.com\/avatar\/e198f9393383244894b06db503be8cb43011f384a429c7a9f84f3f61c138a35e?s=96&d=mm&r=g","contentUrl":"https:\/\/secure.gravatar.com\/avatar\/e198f9393383244894b06db503be8cb43011f384a429c7a9f84f3f61c138a35e?s=96&d=mm&r=g","caption":"Vagas Emprego DF"},"url":"https:\/\/www.vagasdf.com.br\/index.php\/author\/vagasemprego\/"}]}},"_links":{"self":[{"href":"https:\/\/www.vagasdf.com.br\/index.php\/wp-json\/wp\/v2\/posts\/32331","targetHints":{"allow":["GET"]}}],"collection":[{"href":"https:\/\/www.vagasdf.com.br\/index.php\/wp-json\/wp\/v2\/posts"}],"about":[{"href":"https:\/\/www.vagasdf.com.br\/index.php\/wp-json\/wp\/v2\/types\/post"}],"author":[{"embeddable":true,"href":"https:\/\/www.vagasdf.com.br\/index.php\/wp-json\/wp\/v2\/users\/2"}],"replies":[{"embeddable":true,"href":"https:\/\/www.vagasdf.com.br\/index.php\/wp-json\/wp\/v2\/comments?post=32331"}],"version-history":[{"count":0,"href":"https:\/\/www.vagasdf.com.br\/index.php\/wp-json\/wp\/v2\/posts\/32331\/revisions"}],"wp:attachment":[{"href":"https:\/\/www.vagasdf.com.br\/index.php\/wp-json\/wp\/v2\/media?parent=32331"}],"wp:term":[{"taxonomy":"category","embeddable":true,"href":"https:\/\/www.vagasdf.com.br\/index.php\/wp-json\/wp\/v2\/categories?post=32331"},{"taxonomy":"post_tag","embeddable":true,"href":"https:\/\/www.vagasdf.com.br\/index.php\/wp-json\/wp\/v2\/tags?post=32331"}],"curies":[{"name":"wp","href":"https:\/\/api.w.org\/{rel}","templated":true}]}}