{"id":32356,"date":"2023-08-11T15:00:10","date_gmt":"2023-08-11T18:00:10","guid":{"rendered":"https:\/\/www.vagasdf.com.br\/?p=32356"},"modified":"2023-08-11T15:00:10","modified_gmt":"2023-08-11T18:00:10","slug":"analista-administrativo-santa-maria-df-5","status":"publish","type":"post","link":"https:\/\/www.vagasdf.com.br\/index.php\/2023\/08\/11\/analista-administrativo-santa-maria-df-5\/","title":{"rendered":"ANALISTA ADMINISTRATIVO &#8211; Santa Maria &#8211; DF"},"content":{"rendered":"<p style=\"text-align: justify;\">Requisitos:<\/p>\n<ul style=\"text-align: justify;\">\n<li>Ensino Superior Completo ou Cursando nas \u00e1reas relacionadas.<\/li>\n<li>Desej\u00e1vel ter conhecimento Pacote Office;<\/li>\n<li>Desej\u00e1vel ter conhecimento em Rotinas Administrativas;<\/li>\n<li>Morar em Luzi\u00e2nia, Cidade Ocidental, Valparaiso, Novo Gama, Gama ou Santa Maria.<\/li>\n<\/ul>\n<p style=\"text-align: justify;\">Atividades:<\/p>\n<ul style=\"text-align: justify;\">\n<li>Ser\u00e1 respons\u00e1vel em elaborar e acompanhar contratos, distrato e aditivos de presta\u00e7\u00e3o de servi\u00e7os para RCA e agregados; Cota\u00e7\u00f5es e compras de passagens \u00e1reas e hospedagens; Conduzir atividades administrativas em diversos departamentos, contribuindo para o melhor desempenho do setor.<\/li>\n<\/ul>\n<p style=\"text-align: justify;\">Jornada de trabalho:<\/p>\n<ul style=\"text-align: justify;\">\n<li>Hor\u00e1rio a definir<\/li>\n<\/ul>\n<p style=\"text-align: justify;\">Remunera\u00e7\u00e3o:<\/p>\n<ul style=\"text-align: justify;\">\n<li>R$2.500,00 a R$2.900,00<\/li>\n<\/ul>\n<p style=\"text-align: justify;\">Benef\u00edcios:<\/p>\n<ul style=\"text-align: justify;\">\n<li>Caf\u00e9 da Manh\u00e3 na Empresa sem desconto; Almo\u00e7o na Empresa sem desconto; Incentivo a Alimenta\u00e7\u00e3o, conforme assiduidade; Plano de Sa\u00fade &#8211; Mensalidade gratuita, com coparticipa\u00e7\u00e3o; Vale Transporte Pago em Dinheiro; Conv\u00eanio com o SESC; Oportunidade de Crescimento Interno.<\/li>\n<\/ul>\n<p style=\"text-align: justify;\">Data m\u00e1xima para envio de curr\u00edculos: 14\/08\/2023<\/p>\n<p style=\"text-align: justify;\">Enviar curr\u00edculo informando no assunto do e-mail a vaga de interesse para <a href=\"mailto:selecao.df@novacasadistribuidora.com.br\">selecao.df@novacasadistribuidora.com.br<\/a><\/p>\n","protected":false},"excerpt":{"rendered":"<p>Requisitos: Ensino Superior Completo ou Cursando nas \u00e1reas relacionadas. Desej\u00e1vel ter conhecimento Pacote Office; Desej\u00e1vel ter conhecimento em Rotinas Administrativas; Morar em Luzi\u00e2nia, Cidade Ocidental, [&#8230;]<\/p>\n","protected":false},"author":2,"featured_media":0,"comment_status":"closed","ping_status":"closed","sticky":false,"template":"","format":"standard","meta":{"footnotes":""},"categories":[4,125,126],"tags":[],"class_list":["post-32356","post","type-post","status-publish","format-standard","hentry","category-administrativa","category-ensino-superior-completo","category-ensino-superior-incompleto"],"yoast_head":"<!-- This site is optimized with the Yoast SEO plugin v27.5 - https:\/\/yoast.com\/product\/yoast-seo-wordpress\/ -->\n<title>ANALISTA ADMINISTRATIVO - Santa Maria - DF - VagasDF<\/title>\n<meta name=\"robots\" content=\"index, follow, max-snippet:-1, max-image-preview:large, max-video-preview:-1\" \/>\n<link rel=\"canonical\" href=\"https:\/\/www.vagasdf.com.br\/index.php\/2023\/08\/11\/analista-administrativo-santa-maria-df-5\/\" \/>\n<meta property=\"og:locale\" content=\"pt_BR\" \/>\n<meta property=\"og:type\" content=\"article\" \/>\n<meta property=\"og:title\" content=\"ANALISTA ADMINISTRATIVO - Santa Maria - DF - VagasDF\" \/>\n<meta property=\"og:description\" content=\"Requisitos: Ensino Superior Completo ou Cursando nas \u00e1reas relacionadas. Desej\u00e1vel ter conhecimento Pacote Office; Desej\u00e1vel ter conhecimento em Rotinas Administrativas; Morar em Luzi\u00e2nia, Cidade Ocidental, [...]\" \/>\n<meta property=\"og:url\" content=\"https:\/\/www.vagasdf.com.br\/index.php\/2023\/08\/11\/analista-administrativo-santa-maria-df-5\/\" \/>\n<meta property=\"og:site_name\" content=\"VagasDF\" \/>\n<meta property=\"article:published_time\" content=\"2023-08-11T18:00:10+00:00\" \/>\n<meta name=\"author\" content=\"Vagas Emprego DF\" \/>\n<meta name=\"twitter:card\" content=\"summary_large_image\" \/>\n<meta name=\"twitter:label1\" content=\"Escrito por\" \/>\n\t<meta name=\"twitter:data1\" content=\"Vagas Emprego DF\" \/>\n\t<meta name=\"twitter:label2\" content=\"Est. tempo de leitura\" \/>\n\t<meta name=\"twitter:data2\" content=\"1 minuto\" \/>\n<!-- \/ Yoast SEO plugin. -->","yoast_head_json":{"title":"ANALISTA ADMINISTRATIVO - Santa Maria - DF - VagasDF","robots":{"index":"index","follow":"follow","max-snippet":"max-snippet:-1","max-image-preview":"max-image-preview:large","max-video-preview":"max-video-preview:-1"},"canonical":"https:\/\/www.vagasdf.com.br\/index.php\/2023\/08\/11\/analista-administrativo-santa-maria-df-5\/","og_locale":"pt_BR","og_type":"article","og_title":"ANALISTA ADMINISTRATIVO - Santa Maria - DF - VagasDF","og_description":"Requisitos: Ensino Superior Completo ou Cursando nas \u00e1reas relacionadas. Desej\u00e1vel ter conhecimento Pacote Office; Desej\u00e1vel ter conhecimento em Rotinas Administrativas; Morar em Luzi\u00e2nia, Cidade Ocidental, [...]","og_url":"https:\/\/www.vagasdf.com.br\/index.php\/2023\/08\/11\/analista-administrativo-santa-maria-df-5\/","og_site_name":"VagasDF","article_published_time":"2023-08-11T18:00:10+00:00","author":"Vagas Emprego DF","twitter_card":"summary_large_image","twitter_misc":{"Escrito por":"Vagas Emprego DF","Est. tempo de leitura":"1 minuto"},"schema":{"@context":"https:\/\/schema.org","@graph":[{"@type":"Article","@id":"https:\/\/www.vagasdf.com.br\/index.php\/2023\/08\/11\/analista-administrativo-santa-maria-df-5\/#article","isPartOf":{"@id":"https:\/\/www.vagasdf.com.br\/index.php\/2023\/08\/11\/analista-administrativo-santa-maria-df-5\/"},"author":{"name":"Vagas Emprego DF","@id":"https:\/\/www.vagasdf.com.br\/#\/schema\/person\/9384a559252cca63e85a3316d81df8a9"},"headline":"ANALISTA ADMINISTRATIVO &#8211; Santa Maria &#8211; DF","datePublished":"2023-08-11T18:00:10+00:00","mainEntityOfPage":{"@id":"https:\/\/www.vagasdf.com.br\/index.php\/2023\/08\/11\/analista-administrativo-santa-maria-df-5\/"},"wordCount":169,"publisher":{"@id":"https:\/\/www.vagasdf.com.br\/#organization"},"articleSection":["administra\u00e7\u00e3o geral","ensino superior","ensino superior incompleto"],"inLanguage":"pt-BR"},{"@type":"WebPage","@id":"https:\/\/www.vagasdf.com.br\/index.php\/2023\/08\/11\/analista-administrativo-santa-maria-df-5\/","url":"https:\/\/www.vagasdf.com.br\/index.php\/2023\/08\/11\/analista-administrativo-santa-maria-df-5\/","name":"ANALISTA ADMINISTRATIVO - Santa Maria - DF - VagasDF","isPartOf":{"@id":"https:\/\/www.vagasdf.com.br\/#website"},"datePublished":"2023-08-11T18:00:10+00:00","breadcrumb":{"@id":"https:\/\/www.vagasdf.com.br\/index.php\/2023\/08\/11\/analista-administrativo-santa-maria-df-5\/#breadcrumb"},"inLanguage":"pt-BR","potentialAction":[{"@type":"ReadAction","target":["https:\/\/www.vagasdf.com.br\/index.php\/2023\/08\/11\/analista-administrativo-santa-maria-df-5\/"]}]},{"@type":"BreadcrumbList","@id":"https:\/\/www.vagasdf.com.br\/index.php\/2023\/08\/11\/analista-administrativo-santa-maria-df-5\/#breadcrumb","itemListElement":[{"@type":"ListItem","position":1,"name":"Home","item":"https:\/\/www.vagasdf.com.br\/"},{"@type":"ListItem","position":2,"name":"ANALISTA ADMINISTRATIVO &#8211; Santa Maria &#8211; DF"}]},{"@type":"WebSite","@id":"https:\/\/www.vagasdf.com.br\/#website","url":"https:\/\/www.vagasdf.com.br\/","name":"VagasDF","description":"Vagas de Emprego e Est\u00e1gio no DF","publisher":{"@id":"https:\/\/www.vagasdf.com.br\/#organization"},"potentialAction":[{"@type":"SearchAction","target":{"@type":"EntryPoint","urlTemplate":"https:\/\/www.vagasdf.com.br\/?s={search_term_string}"},"query-input":{"@type":"PropertyValueSpecification","valueRequired":true,"valueName":"search_term_string"}}],"inLanguage":"pt-BR"},{"@type":"Organization","@id":"https:\/\/www.vagasdf.com.br\/#organization","name":"VagasDF","url":"https:\/\/www.vagasdf.com.br\/","logo":{"@type":"ImageObject","inLanguage":"pt-BR","@id":"https:\/\/www.vagasdf.com.br\/#\/schema\/logo\/image\/","url":"https:\/\/www.vagasdf.com.br\/wp-content\/uploads\/2025\/06\/cropped-vdf-logo-2021.jpg","contentUrl":"https:\/\/www.vagasdf.com.br\/wp-content\/uploads\/2025\/06\/cropped-vdf-logo-2021.jpg","width":350,"height":100,"caption":"VagasDF"},"image":{"@id":"https:\/\/www.vagasdf.com.br\/#\/schema\/logo\/image\/"}},{"@type":"Person","@id":"https:\/\/www.vagasdf.com.br\/#\/schema\/person\/9384a559252cca63e85a3316d81df8a9","name":"Vagas Emprego DF","image":{"@type":"ImageObject","inLanguage":"pt-BR","@id":"https:\/\/secure.gravatar.com\/avatar\/e198f9393383244894b06db503be8cb43011f384a429c7a9f84f3f61c138a35e?s=96&d=mm&r=g","url":"https:\/\/secure.gravatar.com\/avatar\/e198f9393383244894b06db503be8cb43011f384a429c7a9f84f3f61c138a35e?s=96&d=mm&r=g","contentUrl":"https:\/\/secure.gravatar.com\/avatar\/e198f9393383244894b06db503be8cb43011f384a429c7a9f84f3f61c138a35e?s=96&d=mm&r=g","caption":"Vagas Emprego DF"},"url":"https:\/\/www.vagasdf.com.br\/index.php\/author\/vagasemprego\/"}]}},"_links":{"self":[{"href":"https:\/\/www.vagasdf.com.br\/index.php\/wp-json\/wp\/v2\/posts\/32356","targetHints":{"allow":["GET"]}}],"collection":[{"href":"https:\/\/www.vagasdf.com.br\/index.php\/wp-json\/wp\/v2\/posts"}],"about":[{"href":"https:\/\/www.vagasdf.com.br\/index.php\/wp-json\/wp\/v2\/types\/post"}],"author":[{"embeddable":true,"href":"https:\/\/www.vagasdf.com.br\/index.php\/wp-json\/wp\/v2\/users\/2"}],"replies":[{"embeddable":true,"href":"https:\/\/www.vagasdf.com.br\/index.php\/wp-json\/wp\/v2\/comments?post=32356"}],"version-history":[{"count":0,"href":"https:\/\/www.vagasdf.com.br\/index.php\/wp-json\/wp\/v2\/posts\/32356\/revisions"}],"wp:attachment":[{"href":"https:\/\/www.vagasdf.com.br\/index.php\/wp-json\/wp\/v2\/media?parent=32356"}],"wp:term":[{"taxonomy":"category","embeddable":true,"href":"https:\/\/www.vagasdf.com.br\/index.php\/wp-json\/wp\/v2\/categories?post=32356"},{"taxonomy":"post_tag","embeddable":true,"href":"https:\/\/www.vagasdf.com.br\/index.php\/wp-json\/wp\/v2\/tags?post=32356"}],"curies":[{"name":"wp","href":"https:\/\/api.w.org\/{rel}","templated":true}]}}