{"id":32383,"date":"2023-08-15T09:00:36","date_gmt":"2023-08-15T12:00:36","guid":{"rendered":"https:\/\/www.vagasdf.com.br\/?p=32383"},"modified":"2023-08-15T09:00:36","modified_gmt":"2023-08-15T12:00:36","slug":"estagio-administrativo-asa-norte-zona-central-df","status":"publish","type":"post","link":"https:\/\/www.vagasdf.com.br\/index.php\/2023\/08\/15\/estagio-administrativo-asa-norte-zona-central-df\/","title":{"rendered":"EST\u00c1GIO ADMINISTRATIVO &#8211; Asa Norte (Zona Central) &#8211; DF"},"content":{"rendered":"<p style=\"text-align: justify;\">Atribui\u00e7\u00f5es:<\/p>\n<ul style=\"text-align: justify;\">\n<li>Aux\u00edlio em tarefas administrativas como: Elabora\u00e7\u00e3o de planilhas e relat\u00f3rios, confer\u00eancias financeiras, organiza\u00e7\u00e3o de agenda;<\/li>\n<li>Facilidade em aprender a utilizar softwares web;<\/li>\n<li>Tratativa com documenta\u00e7\u00f5es oficiais e agendas.<\/li>\n<\/ul>\n<p style=\"text-align: justify;\">Requisitos:<\/p>\n<p style=\"text-align: justify;\">\u00a0Estar cursando alguma gradua\u00e7\u00e3o relacionada \u00e0 \u00e1rea administrativa.<\/p>\n<p style=\"text-align: justify;\">Jornada de Trabalho:<\/p>\n<ul style=\"text-align: justify;\">\n<li>06 horas di\u00e1rias de Segunda a Sexta Feira das 12:00 \u00e0s 18:00<\/li>\n<\/ul>\n<p style=\"text-align: justify;\">Remunera\u00e7\u00e3o:<\/p>\n<ul style=\"text-align: justify;\">\n<li>Bolsa Est\u00e1gio\u00a0 R$ 800,00 + Conv\u00eanio M\u00e9dico Ambulatorial com benef\u00edcios odontol\u00f3gicos + Seguro de Vida + Plano funer\u00e1rio + Assist\u00eancia veicular e residencial.<\/li>\n<\/ul>\n<p style=\"text-align: justify;\">Observa\u00e7\u00f5es:<\/p>\n<ul style=\"text-align: justify;\">\n<li>Data m\u00e1xima para envio de curr\u00edculos: 20-08- 2023<\/li>\n<\/ul>\n<p style=\"text-align: justify;\">Enviar curr\u00edculo informando no assunto do e-mail a vaga de interesse para <a href=\"mailto:sesmt@saudevivaz.com.br\">sesmt@saudevivaz.com.br<\/a><\/p>\n","protected":false},"excerpt":{"rendered":"<p>Atribui\u00e7\u00f5es: Aux\u00edlio em tarefas administrativas como: Elabora\u00e7\u00e3o de planilhas e relat\u00f3rios, confer\u00eancias financeiras, organiza\u00e7\u00e3o de agenda; Facilidade em aprender a utilizar softwares web; Tratativa com [&#8230;]<\/p>\n","protected":false},"author":2,"featured_media":0,"comment_status":"closed","ping_status":"closed","sticky":false,"template":"","format":"standard","meta":{"footnotes":""},"categories":[4,126,44],"tags":[],"class_list":["post-32383","post","type-post","status-publish","format-standard","hentry","category-administrativa","category-ensino-superior-incompleto","category-estagio"],"yoast_head":"<!-- This site is optimized with the Yoast SEO plugin v27.5 - https:\/\/yoast.com\/product\/yoast-seo-wordpress\/ -->\n<title>EST\u00c1GIO ADMINISTRATIVO - Asa Norte (Zona Central) - DF - VagasDF<\/title>\n<meta name=\"robots\" content=\"index, follow, max-snippet:-1, max-image-preview:large, max-video-preview:-1\" \/>\n<link rel=\"canonical\" href=\"https:\/\/www.vagasdf.com.br\/index.php\/2023\/08\/15\/estagio-administrativo-asa-norte-zona-central-df\/\" \/>\n<meta property=\"og:locale\" content=\"pt_BR\" \/>\n<meta property=\"og:type\" content=\"article\" \/>\n<meta property=\"og:title\" content=\"EST\u00c1GIO ADMINISTRATIVO - Asa Norte (Zona Central) - DF - VagasDF\" \/>\n<meta property=\"og:description\" content=\"Atribui\u00e7\u00f5es: Aux\u00edlio em tarefas administrativas como: Elabora\u00e7\u00e3o de planilhas e relat\u00f3rios, confer\u00eancias financeiras, organiza\u00e7\u00e3o de agenda; Facilidade em aprender a utilizar softwares web; Tratativa com [...]\" \/>\n<meta property=\"og:url\" content=\"https:\/\/www.vagasdf.com.br\/index.php\/2023\/08\/15\/estagio-administrativo-asa-norte-zona-central-df\/\" \/>\n<meta property=\"og:site_name\" content=\"VagasDF\" \/>\n<meta property=\"article:published_time\" content=\"2023-08-15T12:00:36+00:00\" \/>\n<meta name=\"author\" content=\"Vagas Emprego DF\" \/>\n<meta name=\"twitter:card\" content=\"summary_large_image\" \/>\n<meta name=\"twitter:label1\" content=\"Escrito por\" \/>\n\t<meta name=\"twitter:data1\" content=\"Vagas Emprego DF\" \/>\n\t<meta name=\"twitter:label2\" content=\"Est. tempo de leitura\" \/>\n\t<meta name=\"twitter:data2\" content=\"1 minuto\" \/>\n<!-- \/ Yoast SEO plugin. -->","yoast_head_json":{"title":"EST\u00c1GIO ADMINISTRATIVO - Asa Norte (Zona Central) - DF - VagasDF","robots":{"index":"index","follow":"follow","max-snippet":"max-snippet:-1","max-image-preview":"max-image-preview:large","max-video-preview":"max-video-preview:-1"},"canonical":"https:\/\/www.vagasdf.com.br\/index.php\/2023\/08\/15\/estagio-administrativo-asa-norte-zona-central-df\/","og_locale":"pt_BR","og_type":"article","og_title":"EST\u00c1GIO ADMINISTRATIVO - Asa Norte (Zona Central) - DF - VagasDF","og_description":"Atribui\u00e7\u00f5es: Aux\u00edlio em tarefas administrativas como: Elabora\u00e7\u00e3o de planilhas e relat\u00f3rios, confer\u00eancias financeiras, organiza\u00e7\u00e3o de agenda; Facilidade em aprender a utilizar softwares web; Tratativa com [...]","og_url":"https:\/\/www.vagasdf.com.br\/index.php\/2023\/08\/15\/estagio-administrativo-asa-norte-zona-central-df\/","og_site_name":"VagasDF","article_published_time":"2023-08-15T12:00:36+00:00","author":"Vagas Emprego DF","twitter_card":"summary_large_image","twitter_misc":{"Escrito por":"Vagas Emprego DF","Est. tempo de leitura":"1 minuto"},"schema":{"@context":"https:\/\/schema.org","@graph":[{"@type":"Article","@id":"https:\/\/www.vagasdf.com.br\/index.php\/2023\/08\/15\/estagio-administrativo-asa-norte-zona-central-df\/#article","isPartOf":{"@id":"https:\/\/www.vagasdf.com.br\/index.php\/2023\/08\/15\/estagio-administrativo-asa-norte-zona-central-df\/"},"author":{"name":"Vagas Emprego DF","@id":"https:\/\/www.vagasdf.com.br\/#\/schema\/person\/9384a559252cca63e85a3316d81df8a9"},"headline":"EST\u00c1GIO ADMINISTRATIVO &#8211; Asa Norte (Zona Central) &#8211; DF","datePublished":"2023-08-15T12:00:36+00:00","mainEntityOfPage":{"@id":"https:\/\/www.vagasdf.com.br\/index.php\/2023\/08\/15\/estagio-administrativo-asa-norte-zona-central-df\/"},"wordCount":124,"publisher":{"@id":"https:\/\/www.vagasdf.com.br\/#organization"},"articleSection":["administra\u00e7\u00e3o geral","ensino superior incompleto","est\u00e1gio"],"inLanguage":"pt-BR"},{"@type":"WebPage","@id":"https:\/\/www.vagasdf.com.br\/index.php\/2023\/08\/15\/estagio-administrativo-asa-norte-zona-central-df\/","url":"https:\/\/www.vagasdf.com.br\/index.php\/2023\/08\/15\/estagio-administrativo-asa-norte-zona-central-df\/","name":"EST\u00c1GIO ADMINISTRATIVO - Asa Norte (Zona Central) - DF - VagasDF","isPartOf":{"@id":"https:\/\/www.vagasdf.com.br\/#website"},"datePublished":"2023-08-15T12:00:36+00:00","breadcrumb":{"@id":"https:\/\/www.vagasdf.com.br\/index.php\/2023\/08\/15\/estagio-administrativo-asa-norte-zona-central-df\/#breadcrumb"},"inLanguage":"pt-BR","potentialAction":[{"@type":"ReadAction","target":["https:\/\/www.vagasdf.com.br\/index.php\/2023\/08\/15\/estagio-administrativo-asa-norte-zona-central-df\/"]}]},{"@type":"BreadcrumbList","@id":"https:\/\/www.vagasdf.com.br\/index.php\/2023\/08\/15\/estagio-administrativo-asa-norte-zona-central-df\/#breadcrumb","itemListElement":[{"@type":"ListItem","position":1,"name":"Home","item":"https:\/\/www.vagasdf.com.br\/"},{"@type":"ListItem","position":2,"name":"EST\u00c1GIO ADMINISTRATIVO &#8211; Asa Norte (Zona Central) &#8211; DF"}]},{"@type":"WebSite","@id":"https:\/\/www.vagasdf.com.br\/#website","url":"https:\/\/www.vagasdf.com.br\/","name":"VagasDF","description":"Vagas de Emprego e Est\u00e1gio no DF","publisher":{"@id":"https:\/\/www.vagasdf.com.br\/#organization"},"potentialAction":[{"@type":"SearchAction","target":{"@type":"EntryPoint","urlTemplate":"https:\/\/www.vagasdf.com.br\/?s={search_term_string}"},"query-input":{"@type":"PropertyValueSpecification","valueRequired":true,"valueName":"search_term_string"}}],"inLanguage":"pt-BR"},{"@type":"Organization","@id":"https:\/\/www.vagasdf.com.br\/#organization","name":"VagasDF","url":"https:\/\/www.vagasdf.com.br\/","logo":{"@type":"ImageObject","inLanguage":"pt-BR","@id":"https:\/\/www.vagasdf.com.br\/#\/schema\/logo\/image\/","url":"https:\/\/www.vagasdf.com.br\/wp-content\/uploads\/2025\/06\/cropped-vdf-logo-2021.jpg","contentUrl":"https:\/\/www.vagasdf.com.br\/wp-content\/uploads\/2025\/06\/cropped-vdf-logo-2021.jpg","width":350,"height":100,"caption":"VagasDF"},"image":{"@id":"https:\/\/www.vagasdf.com.br\/#\/schema\/logo\/image\/"}},{"@type":"Person","@id":"https:\/\/www.vagasdf.com.br\/#\/schema\/person\/9384a559252cca63e85a3316d81df8a9","name":"Vagas Emprego DF","image":{"@type":"ImageObject","inLanguage":"pt-BR","@id":"https:\/\/secure.gravatar.com\/avatar\/e198f9393383244894b06db503be8cb43011f384a429c7a9f84f3f61c138a35e?s=96&d=mm&r=g","url":"https:\/\/secure.gravatar.com\/avatar\/e198f9393383244894b06db503be8cb43011f384a429c7a9f84f3f61c138a35e?s=96&d=mm&r=g","contentUrl":"https:\/\/secure.gravatar.com\/avatar\/e198f9393383244894b06db503be8cb43011f384a429c7a9f84f3f61c138a35e?s=96&d=mm&r=g","caption":"Vagas Emprego DF"},"url":"https:\/\/www.vagasdf.com.br\/index.php\/author\/vagasemprego\/"}]}},"_links":{"self":[{"href":"https:\/\/www.vagasdf.com.br\/index.php\/wp-json\/wp\/v2\/posts\/32383","targetHints":{"allow":["GET"]}}],"collection":[{"href":"https:\/\/www.vagasdf.com.br\/index.php\/wp-json\/wp\/v2\/posts"}],"about":[{"href":"https:\/\/www.vagasdf.com.br\/index.php\/wp-json\/wp\/v2\/types\/post"}],"author":[{"embeddable":true,"href":"https:\/\/www.vagasdf.com.br\/index.php\/wp-json\/wp\/v2\/users\/2"}],"replies":[{"embeddable":true,"href":"https:\/\/www.vagasdf.com.br\/index.php\/wp-json\/wp\/v2\/comments?post=32383"}],"version-history":[{"count":0,"href":"https:\/\/www.vagasdf.com.br\/index.php\/wp-json\/wp\/v2\/posts\/32383\/revisions"}],"wp:attachment":[{"href":"https:\/\/www.vagasdf.com.br\/index.php\/wp-json\/wp\/v2\/media?parent=32383"}],"wp:term":[{"taxonomy":"category","embeddable":true,"href":"https:\/\/www.vagasdf.com.br\/index.php\/wp-json\/wp\/v2\/categories?post=32383"},{"taxonomy":"post_tag","embeddable":true,"href":"https:\/\/www.vagasdf.com.br\/index.php\/wp-json\/wp\/v2\/tags?post=32383"}],"curies":[{"name":"wp","href":"https:\/\/api.w.org\/{rel}","templated":true}]}}