{"id":32624,"date":"2023-09-04T11:00:23","date_gmt":"2023-09-04T14:00:23","guid":{"rendered":"https:\/\/www.vagasdf.com.br\/?p=32624"},"modified":"2023-09-04T11:00:23","modified_gmt":"2023-09-04T14:00:23","slug":"vendedora-moda-infantil-riacho-fundo-ii-df-2","status":"publish","type":"post","link":"https:\/\/www.vagasdf.com.br\/index.php\/2023\/09\/04\/vendedora-moda-infantil-riacho-fundo-ii-df-2\/","title":{"rendered":"Vendedora Moda Infantil &#8211; Riacho Fundo II &#8211; DF"},"content":{"rendered":"<p style=\"text-align: justify;\">Requisitos:<\/p>\n<ul style=\"text-align: justify;\">\n<li>Necess\u00e1rio possuir experi\u00eancia pr\u00e9via em vendas, de prefer\u00eancia em moda infantil<\/li>\n<li>Desej\u00e1vel ter habilidades excepcionais de comunica\u00e7\u00e3o e atendimento ao cliente.<\/li>\n<li>Ter conhecimento e interesse pelas redes sociais, com a capacidade de criar conte\u00fado envolvente para atrair clientes at\u00e9 a loja.<\/li>\n<li>Energia positiva, proatividade e capacidade de trabalhar em equipe.<\/li>\n<li>Compromisso com os hor\u00e1rios e disponibilidade para trabalhar em hor\u00e1rios flex\u00edveis, incluindo finais de semana.<\/li>\n<\/ul>\n<p style=\"text-align: justify;\">Atividades:<\/p>\n<ul style=\"text-align: justify;\">\n<li>Ir\u00e1 atender os clientes com entusiasmo, fornecendo um excelente atendimento ao cliente e oferecendo suporte em suas escolhas de moda infantil. Utilizar suas habilidades com as redes sociais para criar conte\u00fados atraentes e cativantes, promovendo as cole\u00e7\u00f5es e ofertas especiais da loja. Manter-se atualizada sobre as \u00faltimas tend\u00eancias da moda infantil, bem como sobre os produtos da loja, para fornecer informa\u00e7\u00f5es precisas aos clientes. Auxiliar na organiza\u00e7\u00e3o e manuten\u00e7\u00e3o do estoque e da loja f\u00edsica, garantindo que esteja sempre apresent\u00e1vel e convidativa para os clientes. Colaborar com a equipe para alcan\u00e7ar metas de vendas e contribuir para um ambiente de trabalho positivo. Vaga para a unidade do Riacho Fundo II, mas, eventualmente, pode ser necess\u00e1rio prestar servi\u00e7o na unidade de \u00c1guas Claras.<\/li>\n<\/ul>\n<p style=\"text-align: justify;\">Jornada de trabalho:<\/p>\n<ul style=\"text-align: justify;\">\n<li>Hor\u00e1rio a definir<\/li>\n<\/ul>\n<p style=\"text-align: justify;\">Remunera\u00e7\u00e3o:<\/p>\n<ul style=\"text-align: justify;\">\n<li>Sal\u00e1rio da categoria + comiss\u00e3o sobre vendas + VT<\/li>\n<\/ul>\n<p style=\"text-align: justify;\">Data m\u00e1xima para envio de curr\u00edculos: 08\/08\/2023<\/p>\n<p style=\"text-align: justify;\">Enviar curr\u00edculo informando no assunto do e-mail a vaga de interesse para <a href=\"mailto:selecaokd@gmail.com\">selecaokd@gmail.com<\/a><\/p>\n","protected":false},"excerpt":{"rendered":"<p>Requisitos: Necess\u00e1rio possuir experi\u00eancia pr\u00e9via em vendas, de prefer\u00eancia em moda infantil Desej\u00e1vel ter habilidades excepcionais de comunica\u00e7\u00e3o e atendimento ao cliente. Ter conhecimento e [&#8230;]<\/p>\n","protected":false},"author":2,"featured_media":0,"comment_status":"closed","ping_status":"closed","sticky":false,"template":"","format":"standard","meta":{"footnotes":""},"categories":[21],"tags":[],"class_list":["post-32624","post","type-post","status-publish","format-standard","hentry","category-comercial-vendas"],"yoast_head":"<!-- This site is optimized with the Yoast SEO plugin v27.5 - https:\/\/yoast.com\/product\/yoast-seo-wordpress\/ -->\n<title>Vendedora Moda Infantil - Riacho Fundo II - DF - VagasDF<\/title>\n<meta name=\"robots\" content=\"index, follow, max-snippet:-1, max-image-preview:large, max-video-preview:-1\" \/>\n<link rel=\"canonical\" href=\"https:\/\/www.vagasdf.com.br\/index.php\/2023\/09\/04\/vendedora-moda-infantil-riacho-fundo-ii-df-2\/\" \/>\n<meta property=\"og:locale\" content=\"pt_BR\" \/>\n<meta property=\"og:type\" content=\"article\" \/>\n<meta property=\"og:title\" content=\"Vendedora Moda Infantil - Riacho Fundo II - DF - VagasDF\" \/>\n<meta property=\"og:description\" content=\"Requisitos: Necess\u00e1rio possuir experi\u00eancia pr\u00e9via em vendas, de prefer\u00eancia em moda infantil Desej\u00e1vel ter habilidades excepcionais de comunica\u00e7\u00e3o e atendimento ao cliente. Ter conhecimento e [...]\" \/>\n<meta property=\"og:url\" content=\"https:\/\/www.vagasdf.com.br\/index.php\/2023\/09\/04\/vendedora-moda-infantil-riacho-fundo-ii-df-2\/\" \/>\n<meta property=\"og:site_name\" content=\"VagasDF\" \/>\n<meta property=\"article:published_time\" content=\"2023-09-04T14:00:23+00:00\" \/>\n<meta name=\"author\" content=\"Vagas Emprego DF\" \/>\n<meta name=\"twitter:card\" content=\"summary_large_image\" \/>\n<meta name=\"twitter:label1\" content=\"Escrito por\" \/>\n\t<meta name=\"twitter:data1\" content=\"Vagas Emprego DF\" \/>\n\t<meta name=\"twitter:label2\" content=\"Est. tempo de leitura\" \/>\n\t<meta name=\"twitter:data2\" content=\"1 minuto\" \/>\n<!-- \/ Yoast SEO plugin. -->","yoast_head_json":{"title":"Vendedora Moda Infantil - Riacho Fundo II - DF - VagasDF","robots":{"index":"index","follow":"follow","max-snippet":"max-snippet:-1","max-image-preview":"max-image-preview:large","max-video-preview":"max-video-preview:-1"},"canonical":"https:\/\/www.vagasdf.com.br\/index.php\/2023\/09\/04\/vendedora-moda-infantil-riacho-fundo-ii-df-2\/","og_locale":"pt_BR","og_type":"article","og_title":"Vendedora Moda Infantil - Riacho Fundo II - DF - VagasDF","og_description":"Requisitos: Necess\u00e1rio possuir experi\u00eancia pr\u00e9via em vendas, de prefer\u00eancia em moda infantil Desej\u00e1vel ter habilidades excepcionais de comunica\u00e7\u00e3o e atendimento ao cliente. Ter conhecimento e [...]","og_url":"https:\/\/www.vagasdf.com.br\/index.php\/2023\/09\/04\/vendedora-moda-infantil-riacho-fundo-ii-df-2\/","og_site_name":"VagasDF","article_published_time":"2023-09-04T14:00:23+00:00","author":"Vagas Emprego DF","twitter_card":"summary_large_image","twitter_misc":{"Escrito por":"Vagas Emprego DF","Est. tempo de leitura":"1 minuto"},"schema":{"@context":"https:\/\/schema.org","@graph":[{"@type":"Article","@id":"https:\/\/www.vagasdf.com.br\/index.php\/2023\/09\/04\/vendedora-moda-infantil-riacho-fundo-ii-df-2\/#article","isPartOf":{"@id":"https:\/\/www.vagasdf.com.br\/index.php\/2023\/09\/04\/vendedora-moda-infantil-riacho-fundo-ii-df-2\/"},"author":{"name":"Vagas Emprego DF","@id":"https:\/\/www.vagasdf.com.br\/#\/schema\/person\/9384a559252cca63e85a3316d81df8a9"},"headline":"Vendedora Moda Infantil &#8211; Riacho Fundo II &#8211; DF","datePublished":"2023-09-04T14:00:23+00:00","mainEntityOfPage":{"@id":"https:\/\/www.vagasdf.com.br\/index.php\/2023\/09\/04\/vendedora-moda-infantil-riacho-fundo-ii-df-2\/"},"wordCount":261,"publisher":{"@id":"https:\/\/www.vagasdf.com.br\/#organization"},"articleSection":["comercial \/ vendas"],"inLanguage":"pt-BR"},{"@type":"WebPage","@id":"https:\/\/www.vagasdf.com.br\/index.php\/2023\/09\/04\/vendedora-moda-infantil-riacho-fundo-ii-df-2\/","url":"https:\/\/www.vagasdf.com.br\/index.php\/2023\/09\/04\/vendedora-moda-infantil-riacho-fundo-ii-df-2\/","name":"Vendedora Moda Infantil - Riacho Fundo II - DF - VagasDF","isPartOf":{"@id":"https:\/\/www.vagasdf.com.br\/#website"},"datePublished":"2023-09-04T14:00:23+00:00","breadcrumb":{"@id":"https:\/\/www.vagasdf.com.br\/index.php\/2023\/09\/04\/vendedora-moda-infantil-riacho-fundo-ii-df-2\/#breadcrumb"},"inLanguage":"pt-BR","potentialAction":[{"@type":"ReadAction","target":["https:\/\/www.vagasdf.com.br\/index.php\/2023\/09\/04\/vendedora-moda-infantil-riacho-fundo-ii-df-2\/"]}]},{"@type":"BreadcrumbList","@id":"https:\/\/www.vagasdf.com.br\/index.php\/2023\/09\/04\/vendedora-moda-infantil-riacho-fundo-ii-df-2\/#breadcrumb","itemListElement":[{"@type":"ListItem","position":1,"name":"Home","item":"https:\/\/www.vagasdf.com.br\/"},{"@type":"ListItem","position":2,"name":"Vendedora Moda Infantil &#8211; Riacho Fundo II &#8211; DF"}]},{"@type":"WebSite","@id":"https:\/\/www.vagasdf.com.br\/#website","url":"https:\/\/www.vagasdf.com.br\/","name":"VagasDF","description":"Vagas de Emprego e Est\u00e1gio no DF","publisher":{"@id":"https:\/\/www.vagasdf.com.br\/#organization"},"potentialAction":[{"@type":"SearchAction","target":{"@type":"EntryPoint","urlTemplate":"https:\/\/www.vagasdf.com.br\/?s={search_term_string}"},"query-input":{"@type":"PropertyValueSpecification","valueRequired":true,"valueName":"search_term_string"}}],"inLanguage":"pt-BR"},{"@type":"Organization","@id":"https:\/\/www.vagasdf.com.br\/#organization","name":"VagasDF","url":"https:\/\/www.vagasdf.com.br\/","logo":{"@type":"ImageObject","inLanguage":"pt-BR","@id":"https:\/\/www.vagasdf.com.br\/#\/schema\/logo\/image\/","url":"https:\/\/www.vagasdf.com.br\/wp-content\/uploads\/2025\/06\/cropped-vdf-logo-2021.jpg","contentUrl":"https:\/\/www.vagasdf.com.br\/wp-content\/uploads\/2025\/06\/cropped-vdf-logo-2021.jpg","width":350,"height":100,"caption":"VagasDF"},"image":{"@id":"https:\/\/www.vagasdf.com.br\/#\/schema\/logo\/image\/"}},{"@type":"Person","@id":"https:\/\/www.vagasdf.com.br\/#\/schema\/person\/9384a559252cca63e85a3316d81df8a9","name":"Vagas Emprego DF","image":{"@type":"ImageObject","inLanguage":"pt-BR","@id":"https:\/\/secure.gravatar.com\/avatar\/e198f9393383244894b06db503be8cb43011f384a429c7a9f84f3f61c138a35e?s=96&d=mm&r=g","url":"https:\/\/secure.gravatar.com\/avatar\/e198f9393383244894b06db503be8cb43011f384a429c7a9f84f3f61c138a35e?s=96&d=mm&r=g","contentUrl":"https:\/\/secure.gravatar.com\/avatar\/e198f9393383244894b06db503be8cb43011f384a429c7a9f84f3f61c138a35e?s=96&d=mm&r=g","caption":"Vagas Emprego DF"},"url":"https:\/\/www.vagasdf.com.br\/index.php\/author\/vagasemprego\/"}]}},"_links":{"self":[{"href":"https:\/\/www.vagasdf.com.br\/index.php\/wp-json\/wp\/v2\/posts\/32624","targetHints":{"allow":["GET"]}}],"collection":[{"href":"https:\/\/www.vagasdf.com.br\/index.php\/wp-json\/wp\/v2\/posts"}],"about":[{"href":"https:\/\/www.vagasdf.com.br\/index.php\/wp-json\/wp\/v2\/types\/post"}],"author":[{"embeddable":true,"href":"https:\/\/www.vagasdf.com.br\/index.php\/wp-json\/wp\/v2\/users\/2"}],"replies":[{"embeddable":true,"href":"https:\/\/www.vagasdf.com.br\/index.php\/wp-json\/wp\/v2\/comments?post=32624"}],"version-history":[{"count":0,"href":"https:\/\/www.vagasdf.com.br\/index.php\/wp-json\/wp\/v2\/posts\/32624\/revisions"}],"wp:attachment":[{"href":"https:\/\/www.vagasdf.com.br\/index.php\/wp-json\/wp\/v2\/media?parent=32624"}],"wp:term":[{"taxonomy":"category","embeddable":true,"href":"https:\/\/www.vagasdf.com.br\/index.php\/wp-json\/wp\/v2\/categories?post=32624"},{"taxonomy":"post_tag","embeddable":true,"href":"https:\/\/www.vagasdf.com.br\/index.php\/wp-json\/wp\/v2\/tags?post=32624"}],"curies":[{"name":"wp","href":"https:\/\/api.w.org\/{rel}","templated":true}]}}