{"id":32807,"date":"2023-09-19T15:00:43","date_gmt":"2023-09-19T18:00:43","guid":{"rendered":"https:\/\/www.vagasdf.com.br\/?p=32807"},"modified":"2023-09-19T15:00:43","modified_gmt":"2023-09-19T18:00:43","slug":"aux-de-producao-asa-sul-brasilia-df","status":"publish","type":"post","link":"https:\/\/www.vagasdf.com.br\/index.php\/2023\/09\/19\/aux-de-producao-asa-sul-brasilia-df\/","title":{"rendered":"Aux. de Produ\u00e7\u00e3o &#8211;  Asa Sul\/Bras\u00edlia &#8211; DF"},"content":{"rendered":"<p style=\"text-align: justify;\">Requisitos:<\/p>\n<ul style=\"text-align: justify;\">\n<li>Desej\u00e1vel ter iniciativa, aten\u00e7\u00e3o, responsabilidade, agilidade, disciplina, coopera\u00e7\u00e3o e trabalho em equipe.<\/li>\n<li>Disponibilidade de hor\u00e1rio.<\/li>\n<\/ul>\n<p style=\"text-align: justify;\">Atividades:<\/p>\n<ul style=\"text-align: justify;\">\n<li>Ir\u00e1 realizar a produ\u00e7\u00e3o de produtos sem gl\u00faten na prepara\u00e7\u00e3o de massas para p\u00e3es, salgados, separa\u00e7\u00e3o da mat\u00e9ria prima, controle de estoque de produ\u00e7\u00e3o, higieniza\u00e7\u00e3o e organiza\u00e7\u00e3o do setor<\/li>\n<\/ul>\n<p style=\"text-align: justify;\">Jornada de trabalho:<\/p>\n<ul style=\"text-align: justify;\">\n<li>Hor\u00e1rio das 07:30 \u00e0s 16:30<\/li>\n<\/ul>\n<p style=\"text-align: justify;\">Remunera\u00e7\u00e3o:<\/p>\n<ul style=\"text-align: justify;\">\n<li>Sal\u00e1rio comercial + Vale Transporte + Caf\u00e9 da Manh\u00e3 na empresa<\/li>\n<\/ul>\n<p style=\"text-align: justify;\">Observa\u00e7\u00f5es:<\/p>\n<ul style=\"text-align: justify;\">\n<li>Data m\u00e1xima para envio de curr\u00edculos: 25\/09\/2023<\/li>\n<\/ul>\n<p style=\"text-align: justify;\">Enviar curr\u00edculo informando no assunto do e-mail a vaga de interesse para <a href=\"mailto:recrutamento.eletivash@gmail.com\">recrutamento.eletivash@gmail.com<\/a><\/p>\n","protected":false},"excerpt":{"rendered":"<p>Requisitos: Desej\u00e1vel ter iniciativa, aten\u00e7\u00e3o, responsabilidade, agilidade, disciplina, coopera\u00e7\u00e3o e trabalho em equipe. Disponibilidade de hor\u00e1rio. Atividades: Ir\u00e1 realizar a produ\u00e7\u00e3o de produtos sem gl\u00faten [&#8230;]<\/p>\n","protected":false},"author":2,"featured_media":0,"comment_status":"closed","ping_status":"closed","sticky":false,"template":"","format":"standard","meta":{"footnotes":""},"categories":[56],"tags":[],"class_list":["post-32807","post","type-post","status-publish","format-standard","hentry","category-industria"],"yoast_head":"<!-- This site is optimized with the Yoast SEO plugin v27.5 - https:\/\/yoast.com\/product\/yoast-seo-wordpress\/ -->\n<title>Aux. de Produ\u00e7\u00e3o - Asa Sul\/Bras\u00edlia - DF - VagasDF<\/title>\n<meta name=\"robots\" content=\"index, follow, max-snippet:-1, max-image-preview:large, max-video-preview:-1\" \/>\n<link rel=\"canonical\" href=\"https:\/\/www.vagasdf.com.br\/index.php\/2023\/09\/19\/aux-de-producao-asa-sul-brasilia-df\/\" \/>\n<meta property=\"og:locale\" content=\"pt_BR\" \/>\n<meta property=\"og:type\" content=\"article\" \/>\n<meta property=\"og:title\" content=\"Aux. de Produ\u00e7\u00e3o - Asa Sul\/Bras\u00edlia - DF - VagasDF\" \/>\n<meta property=\"og:description\" content=\"Requisitos: Desej\u00e1vel ter iniciativa, aten\u00e7\u00e3o, responsabilidade, agilidade, disciplina, coopera\u00e7\u00e3o e trabalho em equipe. Disponibilidade de hor\u00e1rio. Atividades: Ir\u00e1 realizar a produ\u00e7\u00e3o de produtos sem gl\u00faten [...]\" \/>\n<meta property=\"og:url\" content=\"https:\/\/www.vagasdf.com.br\/index.php\/2023\/09\/19\/aux-de-producao-asa-sul-brasilia-df\/\" \/>\n<meta property=\"og:site_name\" content=\"VagasDF\" \/>\n<meta property=\"article:published_time\" content=\"2023-09-19T18:00:43+00:00\" \/>\n<meta name=\"author\" content=\"Vagas Emprego DF\" \/>\n<meta name=\"twitter:card\" content=\"summary_large_image\" \/>\n<meta name=\"twitter:label1\" content=\"Escrito por\" \/>\n\t<meta name=\"twitter:data1\" content=\"Vagas Emprego DF\" \/>\n\t<meta name=\"twitter:label2\" content=\"Est. tempo de leitura\" \/>\n\t<meta name=\"twitter:data2\" content=\"1 minuto\" \/>\n<!-- \/ Yoast SEO plugin. -->","yoast_head_json":{"title":"Aux. de Produ\u00e7\u00e3o - Asa Sul\/Bras\u00edlia - DF - VagasDF","robots":{"index":"index","follow":"follow","max-snippet":"max-snippet:-1","max-image-preview":"max-image-preview:large","max-video-preview":"max-video-preview:-1"},"canonical":"https:\/\/www.vagasdf.com.br\/index.php\/2023\/09\/19\/aux-de-producao-asa-sul-brasilia-df\/","og_locale":"pt_BR","og_type":"article","og_title":"Aux. de Produ\u00e7\u00e3o - Asa Sul\/Bras\u00edlia - DF - VagasDF","og_description":"Requisitos: Desej\u00e1vel ter iniciativa, aten\u00e7\u00e3o, responsabilidade, agilidade, disciplina, coopera\u00e7\u00e3o e trabalho em equipe. Disponibilidade de hor\u00e1rio. Atividades: Ir\u00e1 realizar a produ\u00e7\u00e3o de produtos sem gl\u00faten [...]","og_url":"https:\/\/www.vagasdf.com.br\/index.php\/2023\/09\/19\/aux-de-producao-asa-sul-brasilia-df\/","og_site_name":"VagasDF","article_published_time":"2023-09-19T18:00:43+00:00","author":"Vagas Emprego DF","twitter_card":"summary_large_image","twitter_misc":{"Escrito por":"Vagas Emprego DF","Est. tempo de leitura":"1 minuto"},"schema":{"@context":"https:\/\/schema.org","@graph":[{"@type":"Article","@id":"https:\/\/www.vagasdf.com.br\/index.php\/2023\/09\/19\/aux-de-producao-asa-sul-brasilia-df\/#article","isPartOf":{"@id":"https:\/\/www.vagasdf.com.br\/index.php\/2023\/09\/19\/aux-de-producao-asa-sul-brasilia-df\/"},"author":{"name":"Vagas Emprego DF","@id":"https:\/\/www.vagasdf.com.br\/#\/schema\/person\/9384a559252cca63e85a3316d81df8a9"},"headline":"Aux. de Produ\u00e7\u00e3o &#8211; Asa Sul\/Bras\u00edlia &#8211; DF","datePublished":"2023-09-19T18:00:43+00:00","mainEntityOfPage":{"@id":"https:\/\/www.vagasdf.com.br\/index.php\/2023\/09\/19\/aux-de-producao-asa-sul-brasilia-df\/"},"wordCount":116,"publisher":{"@id":"https:\/\/www.vagasdf.com.br\/#organization"},"articleSection":["ind\u00fastria"],"inLanguage":"pt-BR"},{"@type":"WebPage","@id":"https:\/\/www.vagasdf.com.br\/index.php\/2023\/09\/19\/aux-de-producao-asa-sul-brasilia-df\/","url":"https:\/\/www.vagasdf.com.br\/index.php\/2023\/09\/19\/aux-de-producao-asa-sul-brasilia-df\/","name":"Aux. de Produ\u00e7\u00e3o - Asa Sul\/Bras\u00edlia - DF - VagasDF","isPartOf":{"@id":"https:\/\/www.vagasdf.com.br\/#website"},"datePublished":"2023-09-19T18:00:43+00:00","breadcrumb":{"@id":"https:\/\/www.vagasdf.com.br\/index.php\/2023\/09\/19\/aux-de-producao-asa-sul-brasilia-df\/#breadcrumb"},"inLanguage":"pt-BR","potentialAction":[{"@type":"ReadAction","target":["https:\/\/www.vagasdf.com.br\/index.php\/2023\/09\/19\/aux-de-producao-asa-sul-brasilia-df\/"]}]},{"@type":"BreadcrumbList","@id":"https:\/\/www.vagasdf.com.br\/index.php\/2023\/09\/19\/aux-de-producao-asa-sul-brasilia-df\/#breadcrumb","itemListElement":[{"@type":"ListItem","position":1,"name":"Home","item":"https:\/\/www.vagasdf.com.br\/"},{"@type":"ListItem","position":2,"name":"Aux. de Produ\u00e7\u00e3o &#8211; Asa Sul\/Bras\u00edlia &#8211; DF"}]},{"@type":"WebSite","@id":"https:\/\/www.vagasdf.com.br\/#website","url":"https:\/\/www.vagasdf.com.br\/","name":"VagasDF","description":"Vagas de Emprego e Est\u00e1gio no DF","publisher":{"@id":"https:\/\/www.vagasdf.com.br\/#organization"},"potentialAction":[{"@type":"SearchAction","target":{"@type":"EntryPoint","urlTemplate":"https:\/\/www.vagasdf.com.br\/?s={search_term_string}"},"query-input":{"@type":"PropertyValueSpecification","valueRequired":true,"valueName":"search_term_string"}}],"inLanguage":"pt-BR"},{"@type":"Organization","@id":"https:\/\/www.vagasdf.com.br\/#organization","name":"VagasDF","url":"https:\/\/www.vagasdf.com.br\/","logo":{"@type":"ImageObject","inLanguage":"pt-BR","@id":"https:\/\/www.vagasdf.com.br\/#\/schema\/logo\/image\/","url":"https:\/\/www.vagasdf.com.br\/wp-content\/uploads\/2025\/06\/cropped-vdf-logo-2021.jpg","contentUrl":"https:\/\/www.vagasdf.com.br\/wp-content\/uploads\/2025\/06\/cropped-vdf-logo-2021.jpg","width":350,"height":100,"caption":"VagasDF"},"image":{"@id":"https:\/\/www.vagasdf.com.br\/#\/schema\/logo\/image\/"}},{"@type":"Person","@id":"https:\/\/www.vagasdf.com.br\/#\/schema\/person\/9384a559252cca63e85a3316d81df8a9","name":"Vagas Emprego DF","image":{"@type":"ImageObject","inLanguage":"pt-BR","@id":"https:\/\/secure.gravatar.com\/avatar\/e198f9393383244894b06db503be8cb43011f384a429c7a9f84f3f61c138a35e?s=96&d=mm&r=g","url":"https:\/\/secure.gravatar.com\/avatar\/e198f9393383244894b06db503be8cb43011f384a429c7a9f84f3f61c138a35e?s=96&d=mm&r=g","contentUrl":"https:\/\/secure.gravatar.com\/avatar\/e198f9393383244894b06db503be8cb43011f384a429c7a9f84f3f61c138a35e?s=96&d=mm&r=g","caption":"Vagas Emprego DF"},"url":"https:\/\/www.vagasdf.com.br\/index.php\/author\/vagasemprego\/"}]}},"_links":{"self":[{"href":"https:\/\/www.vagasdf.com.br\/index.php\/wp-json\/wp\/v2\/posts\/32807","targetHints":{"allow":["GET"]}}],"collection":[{"href":"https:\/\/www.vagasdf.com.br\/index.php\/wp-json\/wp\/v2\/posts"}],"about":[{"href":"https:\/\/www.vagasdf.com.br\/index.php\/wp-json\/wp\/v2\/types\/post"}],"author":[{"embeddable":true,"href":"https:\/\/www.vagasdf.com.br\/index.php\/wp-json\/wp\/v2\/users\/2"}],"replies":[{"embeddable":true,"href":"https:\/\/www.vagasdf.com.br\/index.php\/wp-json\/wp\/v2\/comments?post=32807"}],"version-history":[{"count":0,"href":"https:\/\/www.vagasdf.com.br\/index.php\/wp-json\/wp\/v2\/posts\/32807\/revisions"}],"wp:attachment":[{"href":"https:\/\/www.vagasdf.com.br\/index.php\/wp-json\/wp\/v2\/media?parent=32807"}],"wp:term":[{"taxonomy":"category","embeddable":true,"href":"https:\/\/www.vagasdf.com.br\/index.php\/wp-json\/wp\/v2\/categories?post=32807"},{"taxonomy":"post_tag","embeddable":true,"href":"https:\/\/www.vagasdf.com.br\/index.php\/wp-json\/wp\/v2\/tags?post=32807"}],"curies":[{"name":"wp","href":"https:\/\/api.w.org\/{rel}","templated":true}]}}