{"id":32828,"date":"2023-09-20T13:00:36","date_gmt":"2023-09-20T16:00:36","guid":{"rendered":"https:\/\/www.vagasdf.com.br\/?p=32828"},"modified":"2023-09-20T13:00:36","modified_gmt":"2023-09-20T16:00:36","slug":"gerente-aguas-lindas-de-goias-go","status":"publish","type":"post","link":"https:\/\/www.vagasdf.com.br\/index.php\/2023\/09\/20\/gerente-aguas-lindas-de-goias-go\/","title":{"rendered":"GERENTE &#8211;   \u00c1GUAS LINDAS DE GOI\u00c1S &#8211; GO"},"content":{"rendered":"<p style=\"text-align: justify;\">Descri\u00e7\u00e3o:<\/p>\n<ul style=\"text-align: justify;\">\n<li>Empresa: LOJA DE CAL\u00c7ADOS<\/li>\n<\/ul>\n<p style=\"text-align: justify;\">Requisitos:<\/p>\n<ul style=\"text-align: justify;\">\n<li>Ensino Superior Completo ou Cursando;<\/li>\n<li>Necess\u00e1rio possuir experi\u00eancia com gest\u00e3o e desenvolvimento de pessoas;<\/li>\n<li>Necess\u00e1rio possuir experi\u00eancia no com\u00e9rcio varejista de cal\u00e7ados;<\/li>\n<li>Desej\u00e1vel ter conhecimento de pacote Office; Gest\u00e3o de resultado; VM de produtos de cal\u00e7adista;<\/li>\n<li>Desej\u00e1vel ter proatividade, uma boa orat\u00f3ria;<\/li>\n<li>Disponibilidade para trabalhar fins de semana;<\/li>\n<\/ul>\n<p style=\"text-align: justify;\">Atividades:<\/p>\n<ul style=\"text-align: justify;\">\n<li>Ser\u00e1 respons\u00e1vel pelo treinamento e desenvolvimento de equipe, abertura e fechamento de loja e caixa;<\/li>\n<\/ul>\n<p style=\"text-align: justify;\">Jornada de trabalho:<\/p>\n<ul style=\"text-align: justify;\">\n<li>Hor\u00e1rio a definir<\/li>\n<\/ul>\n<p style=\"text-align: justify;\">Remunera\u00e7\u00e3o:<\/p>\n<ul style=\"text-align: justify;\">\n<li>Sal\u00e1rio fixo + gratifica\u00e7\u00e3o de fun\u00e7\u00e3o + b\u00f4nus de meta + VA + VT + Plano odontol\u00f3gico<\/li>\n<\/ul>\n<p style=\"text-align: justify;\">Observa\u00e7\u00f5es:<br \/>\nData m\u00e1xima para envio de curr\u00edculos: 25\/09\/2023<\/p>\n<p style=\"text-align: justify;\">Enviar curr\u00edculo informando no assunto do e-mail a vaga de interesse para <a href=\"mailto:vagas.rhgto@gmail.com\">vagas.rhgto@gmail.com<\/a><\/p>\n","protected":false},"excerpt":{"rendered":"<p>Descri\u00e7\u00e3o: Empresa: LOJA DE CAL\u00c7ADOS Requisitos: Ensino Superior Completo ou Cursando; Necess\u00e1rio possuir experi\u00eancia com gest\u00e3o e desenvolvimento de pessoas; Necess\u00e1rio possuir experi\u00eancia no com\u00e9rcio [&#8230;]<\/p>\n","protected":false},"author":2,"featured_media":0,"comment_status":"closed","ping_status":"closed","sticky":false,"template":"","format":"standard","meta":{"footnotes":""},"categories":[4,21,125,126],"tags":[],"class_list":["post-32828","post","type-post","status-publish","format-standard","hentry","category-administrativa","category-comercial-vendas","category-ensino-superior-completo","category-ensino-superior-incompleto"],"yoast_head":"<!-- This site is optimized with the Yoast SEO plugin v27.4 - https:\/\/yoast.com\/product\/yoast-seo-wordpress\/ -->\n<title>GERENTE -  \u00c1GUAS LINDAS DE GOI\u00c1S - GO - VagasDF<\/title>\n<meta name=\"robots\" content=\"index, follow, max-snippet:-1, max-image-preview:large, max-video-preview:-1\" \/>\n<link rel=\"canonical\" href=\"https:\/\/www.vagasdf.com.br\/index.php\/2023\/09\/20\/gerente-aguas-lindas-de-goias-go\/\" \/>\n<meta property=\"og:locale\" content=\"pt_BR\" \/>\n<meta property=\"og:type\" content=\"article\" \/>\n<meta property=\"og:title\" content=\"GERENTE -  \u00c1GUAS LINDAS DE GOI\u00c1S - GO - VagasDF\" \/>\n<meta property=\"og:description\" content=\"Descri\u00e7\u00e3o: Empresa: LOJA DE CAL\u00c7ADOS Requisitos: Ensino Superior Completo ou Cursando; Necess\u00e1rio possuir experi\u00eancia com gest\u00e3o e desenvolvimento de pessoas; Necess\u00e1rio possuir experi\u00eancia no com\u00e9rcio [...]\" \/>\n<meta property=\"og:url\" content=\"https:\/\/www.vagasdf.com.br\/index.php\/2023\/09\/20\/gerente-aguas-lindas-de-goias-go\/\" \/>\n<meta property=\"og:site_name\" content=\"VagasDF\" \/>\n<meta property=\"article:published_time\" content=\"2023-09-20T16:00:36+00:00\" \/>\n<meta name=\"author\" content=\"Vagas Emprego DF\" \/>\n<meta name=\"twitter:card\" content=\"summary_large_image\" \/>\n<meta name=\"twitter:label1\" content=\"Escrito por\" \/>\n\t<meta name=\"twitter:data1\" content=\"Vagas Emprego DF\" \/>\n\t<meta name=\"twitter:label2\" content=\"Est. tempo de leitura\" \/>\n\t<meta name=\"twitter:data2\" content=\"1 minuto\" \/>\n<!-- \/ Yoast SEO plugin. -->","yoast_head_json":{"title":"GERENTE -  \u00c1GUAS LINDAS DE GOI\u00c1S - GO - VagasDF","robots":{"index":"index","follow":"follow","max-snippet":"max-snippet:-1","max-image-preview":"max-image-preview:large","max-video-preview":"max-video-preview:-1"},"canonical":"https:\/\/www.vagasdf.com.br\/index.php\/2023\/09\/20\/gerente-aguas-lindas-de-goias-go\/","og_locale":"pt_BR","og_type":"article","og_title":"GERENTE -  \u00c1GUAS LINDAS DE GOI\u00c1S - GO - VagasDF","og_description":"Descri\u00e7\u00e3o: Empresa: LOJA DE CAL\u00c7ADOS Requisitos: Ensino Superior Completo ou Cursando; Necess\u00e1rio possuir experi\u00eancia com gest\u00e3o e desenvolvimento de pessoas; Necess\u00e1rio possuir experi\u00eancia no com\u00e9rcio [...]","og_url":"https:\/\/www.vagasdf.com.br\/index.php\/2023\/09\/20\/gerente-aguas-lindas-de-goias-go\/","og_site_name":"VagasDF","article_published_time":"2023-09-20T16:00:36+00:00","author":"Vagas Emprego DF","twitter_card":"summary_large_image","twitter_misc":{"Escrito por":"Vagas Emprego DF","Est. tempo de leitura":"1 minuto"},"schema":{"@context":"https:\/\/schema.org","@graph":[{"@type":"Article","@id":"https:\/\/www.vagasdf.com.br\/index.php\/2023\/09\/20\/gerente-aguas-lindas-de-goias-go\/#article","isPartOf":{"@id":"https:\/\/www.vagasdf.com.br\/index.php\/2023\/09\/20\/gerente-aguas-lindas-de-goias-go\/"},"author":{"name":"Vagas Emprego DF","@id":"https:\/\/www.vagasdf.com.br\/#\/schema\/person\/9384a559252cca63e85a3316d81df8a9"},"headline":"GERENTE &#8211; \u00c1GUAS LINDAS DE GOI\u00c1S &#8211; GO","datePublished":"2023-09-20T16:00:36+00:00","mainEntityOfPage":{"@id":"https:\/\/www.vagasdf.com.br\/index.php\/2023\/09\/20\/gerente-aguas-lindas-de-goias-go\/"},"wordCount":147,"publisher":{"@id":"https:\/\/www.vagasdf.com.br\/#organization"},"articleSection":["administra\u00e7\u00e3o geral","comercial \/ vendas","ensino superior","ensino superior incompleto"],"inLanguage":"pt-BR"},{"@type":"WebPage","@id":"https:\/\/www.vagasdf.com.br\/index.php\/2023\/09\/20\/gerente-aguas-lindas-de-goias-go\/","url":"https:\/\/www.vagasdf.com.br\/index.php\/2023\/09\/20\/gerente-aguas-lindas-de-goias-go\/","name":"GERENTE - \u00c1GUAS LINDAS DE GOI\u00c1S - GO - VagasDF","isPartOf":{"@id":"https:\/\/www.vagasdf.com.br\/#website"},"datePublished":"2023-09-20T16:00:36+00:00","breadcrumb":{"@id":"https:\/\/www.vagasdf.com.br\/index.php\/2023\/09\/20\/gerente-aguas-lindas-de-goias-go\/#breadcrumb"},"inLanguage":"pt-BR","potentialAction":[{"@type":"ReadAction","target":["https:\/\/www.vagasdf.com.br\/index.php\/2023\/09\/20\/gerente-aguas-lindas-de-goias-go\/"]}]},{"@type":"BreadcrumbList","@id":"https:\/\/www.vagasdf.com.br\/index.php\/2023\/09\/20\/gerente-aguas-lindas-de-goias-go\/#breadcrumb","itemListElement":[{"@type":"ListItem","position":1,"name":"Home","item":"https:\/\/www.vagasdf.com.br\/"},{"@type":"ListItem","position":2,"name":"GERENTE &#8211; \u00c1GUAS LINDAS DE GOI\u00c1S &#8211; GO"}]},{"@type":"WebSite","@id":"https:\/\/www.vagasdf.com.br\/#website","url":"https:\/\/www.vagasdf.com.br\/","name":"VagasDF","description":"Vagas de Emprego e Est\u00e1gio no DF","publisher":{"@id":"https:\/\/www.vagasdf.com.br\/#organization"},"potentialAction":[{"@type":"SearchAction","target":{"@type":"EntryPoint","urlTemplate":"https:\/\/www.vagasdf.com.br\/?s={search_term_string}"},"query-input":{"@type":"PropertyValueSpecification","valueRequired":true,"valueName":"search_term_string"}}],"inLanguage":"pt-BR"},{"@type":"Organization","@id":"https:\/\/www.vagasdf.com.br\/#organization","name":"VagasDF","url":"https:\/\/www.vagasdf.com.br\/","logo":{"@type":"ImageObject","inLanguage":"pt-BR","@id":"https:\/\/www.vagasdf.com.br\/#\/schema\/logo\/image\/","url":"https:\/\/www.vagasdf.com.br\/wp-content\/uploads\/2025\/06\/cropped-vdf-logo-2021.jpg","contentUrl":"https:\/\/www.vagasdf.com.br\/wp-content\/uploads\/2025\/06\/cropped-vdf-logo-2021.jpg","width":350,"height":100,"caption":"VagasDF"},"image":{"@id":"https:\/\/www.vagasdf.com.br\/#\/schema\/logo\/image\/"}},{"@type":"Person","@id":"https:\/\/www.vagasdf.com.br\/#\/schema\/person\/9384a559252cca63e85a3316d81df8a9","name":"Vagas Emprego DF","image":{"@type":"ImageObject","inLanguage":"pt-BR","@id":"https:\/\/secure.gravatar.com\/avatar\/e198f9393383244894b06db503be8cb43011f384a429c7a9f84f3f61c138a35e?s=96&d=mm&r=g","url":"https:\/\/secure.gravatar.com\/avatar\/e198f9393383244894b06db503be8cb43011f384a429c7a9f84f3f61c138a35e?s=96&d=mm&r=g","contentUrl":"https:\/\/secure.gravatar.com\/avatar\/e198f9393383244894b06db503be8cb43011f384a429c7a9f84f3f61c138a35e?s=96&d=mm&r=g","caption":"Vagas Emprego DF"},"url":"https:\/\/www.vagasdf.com.br\/index.php\/author\/vagasemprego\/"}]}},"_links":{"self":[{"href":"https:\/\/www.vagasdf.com.br\/index.php\/wp-json\/wp\/v2\/posts\/32828","targetHints":{"allow":["GET"]}}],"collection":[{"href":"https:\/\/www.vagasdf.com.br\/index.php\/wp-json\/wp\/v2\/posts"}],"about":[{"href":"https:\/\/www.vagasdf.com.br\/index.php\/wp-json\/wp\/v2\/types\/post"}],"author":[{"embeddable":true,"href":"https:\/\/www.vagasdf.com.br\/index.php\/wp-json\/wp\/v2\/users\/2"}],"replies":[{"embeddable":true,"href":"https:\/\/www.vagasdf.com.br\/index.php\/wp-json\/wp\/v2\/comments?post=32828"}],"version-history":[{"count":0,"href":"https:\/\/www.vagasdf.com.br\/index.php\/wp-json\/wp\/v2\/posts\/32828\/revisions"}],"wp:attachment":[{"href":"https:\/\/www.vagasdf.com.br\/index.php\/wp-json\/wp\/v2\/media?parent=32828"}],"wp:term":[{"taxonomy":"category","embeddable":true,"href":"https:\/\/www.vagasdf.com.br\/index.php\/wp-json\/wp\/v2\/categories?post=32828"},{"taxonomy":"post_tag","embeddable":true,"href":"https:\/\/www.vagasdf.com.br\/index.php\/wp-json\/wp\/v2\/tags?post=32828"}],"curies":[{"name":"wp","href":"https:\/\/api.w.org\/{rel}","templated":true}]}}