{"id":32849,"date":"2023-09-21T11:00:05","date_gmt":"2023-09-21T14:00:05","guid":{"rendered":"https:\/\/www.vagasdf.com.br\/?p=32849"},"modified":"2023-09-21T11:00:05","modified_gmt":"2023-09-21T14:00:05","slug":"assistente-administrativo-de-obras-asa-norte-brasilia-df","status":"publish","type":"post","link":"https:\/\/www.vagasdf.com.br\/index.php\/2023\/09\/21\/assistente-administrativo-de-obras-asa-norte-brasilia-df\/","title":{"rendered":"Assistente Administrativo de Obras &#8211; Asa Norte\/ Bras\u00edlia &#8211; DF"},"content":{"rendered":"<p style=\"text-align: justify;\">Atribui\u00e7\u00f5es:<\/p>\n<ul style=\"text-align: justify;\">\n<li>Auxiliar nas rotinas administrativas de obra, Providenciar itens de escrit\u00f3rio, Licen\u00e7as junto aos \u00f3rg\u00e3os p\u00fablicos,<\/li>\n<li>Aux\u00edlio nas demandas de RH, Elabora\u00e7\u00e3o de planilhas financeiras e administrativas, Controle e Emiss\u00e3o de NFs,<\/li>\n<li>Or\u00e7amento e compra de materiais, Atendimento ao cliente sobre marca\u00e7\u00f5es de visitas e poss\u00edveis contratos,<\/li>\n<li>Elabora\u00e7\u00e3o de contrato de prestador de servi\u00e7o e cliente.<\/li>\n<\/ul>\n<p style=\"text-align: justify;\">Requisitos:<\/p>\n<ul style=\"text-align: justify;\">\n<li>\u00a0Dominar Excel e MS project;<\/li>\n<li>\u00a0Ensino superior completo ou cursando;<\/li>\n<li>\u00a0Experi\u00eancia na \u00e1rea<\/li>\n<\/ul>\n<p style=\"text-align: justify;\">Jornada de Trabalho:<\/p>\n<ul style=\"text-align: justify;\">\n<li>Segunda \u00e0 Sexta-feira, das 08:30 \u00e0s 17:00 com 1h30 de intervalo para almo\u00e7o.<\/li>\n<\/ul>\n<p style=\"text-align: justify;\">Remunera\u00e7\u00e3o:<\/p>\n<ul style=\"text-align: justify;\">\n<li>R$ 1.650,00<\/li>\n<\/ul>\n<p style=\"text-align: justify;\">Benef\u00edcios:<\/p>\n<ul style=\"text-align: justify;\">\n<li>\u00a0Vale transporte e almo\u00e7o<\/li>\n<li>\u00a0Plano de Sa\u00fade<\/li>\n<\/ul>\n<p style=\"text-align: justify;\">Observa\u00e7\u00f5es:<\/p>\n<ul style=\"text-align: justify;\">\n<li>Data m\u00e1xima para envio de curr\u00edculos: 29-09-2023<\/li>\n<\/ul>\n<p style=\"text-align: justify;\">Enviar curr\u00edculo informando no assunto do e-mail a vaga de interesse para <a href=\"mailto:contato@papillonconstrucoes.com\">contato@papillonconstrucoes.com<\/a><\/p>\n","protected":false},"excerpt":{"rendered":"<p>Atribui\u00e7\u00f5es: Auxiliar nas rotinas administrativas de obra, Providenciar itens de escrit\u00f3rio, Licen\u00e7as junto aos \u00f3rg\u00e3os p\u00fablicos, Aux\u00edlio nas demandas de RH, Elabora\u00e7\u00e3o de planilhas financeiras [&#8230;]<\/p>\n","protected":false},"author":2,"featured_media":0,"comment_status":"closed","ping_status":"closed","sticky":false,"template":"","format":"standard","meta":{"footnotes":""},"categories":[4,125,126],"tags":[],"class_list":["post-32849","post","type-post","status-publish","format-standard","hentry","category-administrativa","category-ensino-superior-completo","category-ensino-superior-incompleto"],"yoast_head":"<!-- This site is optimized with the Yoast SEO plugin v27.5 - https:\/\/yoast.com\/product\/yoast-seo-wordpress\/ -->\n<title>Assistente Administrativo de Obras - Asa Norte\/ Bras\u00edlia - DF - VagasDF<\/title>\n<meta name=\"robots\" content=\"index, follow, max-snippet:-1, max-image-preview:large, max-video-preview:-1\" \/>\n<link rel=\"canonical\" href=\"https:\/\/www.vagasdf.com.br\/index.php\/2023\/09\/21\/assistente-administrativo-de-obras-asa-norte-brasilia-df\/\" \/>\n<meta property=\"og:locale\" content=\"pt_BR\" \/>\n<meta property=\"og:type\" content=\"article\" \/>\n<meta property=\"og:title\" content=\"Assistente Administrativo de Obras - Asa Norte\/ Bras\u00edlia - DF - VagasDF\" \/>\n<meta property=\"og:description\" content=\"Atribui\u00e7\u00f5es: Auxiliar nas rotinas administrativas de obra, Providenciar itens de escrit\u00f3rio, Licen\u00e7as junto aos \u00f3rg\u00e3os p\u00fablicos, Aux\u00edlio nas demandas de RH, Elabora\u00e7\u00e3o de planilhas financeiras [...]\" \/>\n<meta property=\"og:url\" content=\"https:\/\/www.vagasdf.com.br\/index.php\/2023\/09\/21\/assistente-administrativo-de-obras-asa-norte-brasilia-df\/\" \/>\n<meta property=\"og:site_name\" content=\"VagasDF\" \/>\n<meta property=\"article:published_time\" content=\"2023-09-21T14:00:05+00:00\" \/>\n<meta name=\"author\" content=\"Vagas Emprego DF\" \/>\n<meta name=\"twitter:card\" content=\"summary_large_image\" \/>\n<meta name=\"twitter:label1\" content=\"Escrito por\" \/>\n\t<meta name=\"twitter:data1\" content=\"Vagas Emprego DF\" \/>\n\t<meta name=\"twitter:label2\" content=\"Est. tempo de leitura\" \/>\n\t<meta name=\"twitter:data2\" content=\"1 minuto\" \/>\n<!-- \/ Yoast SEO plugin. -->","yoast_head_json":{"title":"Assistente Administrativo de Obras - Asa Norte\/ Bras\u00edlia - DF - VagasDF","robots":{"index":"index","follow":"follow","max-snippet":"max-snippet:-1","max-image-preview":"max-image-preview:large","max-video-preview":"max-video-preview:-1"},"canonical":"https:\/\/www.vagasdf.com.br\/index.php\/2023\/09\/21\/assistente-administrativo-de-obras-asa-norte-brasilia-df\/","og_locale":"pt_BR","og_type":"article","og_title":"Assistente Administrativo de Obras - Asa Norte\/ Bras\u00edlia - DF - VagasDF","og_description":"Atribui\u00e7\u00f5es: Auxiliar nas rotinas administrativas de obra, Providenciar itens de escrit\u00f3rio, Licen\u00e7as junto aos \u00f3rg\u00e3os p\u00fablicos, Aux\u00edlio nas demandas de RH, Elabora\u00e7\u00e3o de planilhas financeiras [...]","og_url":"https:\/\/www.vagasdf.com.br\/index.php\/2023\/09\/21\/assistente-administrativo-de-obras-asa-norte-brasilia-df\/","og_site_name":"VagasDF","article_published_time":"2023-09-21T14:00:05+00:00","author":"Vagas Emprego DF","twitter_card":"summary_large_image","twitter_misc":{"Escrito por":"Vagas Emprego DF","Est. tempo de leitura":"1 minuto"},"schema":{"@context":"https:\/\/schema.org","@graph":[{"@type":"Article","@id":"https:\/\/www.vagasdf.com.br\/index.php\/2023\/09\/21\/assistente-administrativo-de-obras-asa-norte-brasilia-df\/#article","isPartOf":{"@id":"https:\/\/www.vagasdf.com.br\/index.php\/2023\/09\/21\/assistente-administrativo-de-obras-asa-norte-brasilia-df\/"},"author":{"name":"Vagas Emprego DF","@id":"https:\/\/www.vagasdf.com.br\/#\/schema\/person\/9384a559252cca63e85a3316d81df8a9"},"headline":"Assistente Administrativo de Obras &#8211; Asa Norte\/ Bras\u00edlia &#8211; DF","datePublished":"2023-09-21T14:00:05+00:00","mainEntityOfPage":{"@id":"https:\/\/www.vagasdf.com.br\/index.php\/2023\/09\/21\/assistente-administrativo-de-obras-asa-norte-brasilia-df\/"},"wordCount":151,"publisher":{"@id":"https:\/\/www.vagasdf.com.br\/#organization"},"articleSection":["administra\u00e7\u00e3o geral","ensino superior","ensino superior incompleto"],"inLanguage":"pt-BR"},{"@type":"WebPage","@id":"https:\/\/www.vagasdf.com.br\/index.php\/2023\/09\/21\/assistente-administrativo-de-obras-asa-norte-brasilia-df\/","url":"https:\/\/www.vagasdf.com.br\/index.php\/2023\/09\/21\/assistente-administrativo-de-obras-asa-norte-brasilia-df\/","name":"Assistente Administrativo de Obras - Asa Norte\/ Bras\u00edlia - DF - VagasDF","isPartOf":{"@id":"https:\/\/www.vagasdf.com.br\/#website"},"datePublished":"2023-09-21T14:00:05+00:00","breadcrumb":{"@id":"https:\/\/www.vagasdf.com.br\/index.php\/2023\/09\/21\/assistente-administrativo-de-obras-asa-norte-brasilia-df\/#breadcrumb"},"inLanguage":"pt-BR","potentialAction":[{"@type":"ReadAction","target":["https:\/\/www.vagasdf.com.br\/index.php\/2023\/09\/21\/assistente-administrativo-de-obras-asa-norte-brasilia-df\/"]}]},{"@type":"BreadcrumbList","@id":"https:\/\/www.vagasdf.com.br\/index.php\/2023\/09\/21\/assistente-administrativo-de-obras-asa-norte-brasilia-df\/#breadcrumb","itemListElement":[{"@type":"ListItem","position":1,"name":"Home","item":"https:\/\/www.vagasdf.com.br\/"},{"@type":"ListItem","position":2,"name":"Assistente Administrativo de Obras &#8211; Asa Norte\/ Bras\u00edlia &#8211; DF"}]},{"@type":"WebSite","@id":"https:\/\/www.vagasdf.com.br\/#website","url":"https:\/\/www.vagasdf.com.br\/","name":"VagasDF","description":"Vagas de Emprego e Est\u00e1gio no DF","publisher":{"@id":"https:\/\/www.vagasdf.com.br\/#organization"},"potentialAction":[{"@type":"SearchAction","target":{"@type":"EntryPoint","urlTemplate":"https:\/\/www.vagasdf.com.br\/?s={search_term_string}"},"query-input":{"@type":"PropertyValueSpecification","valueRequired":true,"valueName":"search_term_string"}}],"inLanguage":"pt-BR"},{"@type":"Organization","@id":"https:\/\/www.vagasdf.com.br\/#organization","name":"VagasDF","url":"https:\/\/www.vagasdf.com.br\/","logo":{"@type":"ImageObject","inLanguage":"pt-BR","@id":"https:\/\/www.vagasdf.com.br\/#\/schema\/logo\/image\/","url":"https:\/\/www.vagasdf.com.br\/wp-content\/uploads\/2025\/06\/cropped-vdf-logo-2021.jpg","contentUrl":"https:\/\/www.vagasdf.com.br\/wp-content\/uploads\/2025\/06\/cropped-vdf-logo-2021.jpg","width":350,"height":100,"caption":"VagasDF"},"image":{"@id":"https:\/\/www.vagasdf.com.br\/#\/schema\/logo\/image\/"}},{"@type":"Person","@id":"https:\/\/www.vagasdf.com.br\/#\/schema\/person\/9384a559252cca63e85a3316d81df8a9","name":"Vagas Emprego DF","image":{"@type":"ImageObject","inLanguage":"pt-BR","@id":"https:\/\/secure.gravatar.com\/avatar\/e198f9393383244894b06db503be8cb43011f384a429c7a9f84f3f61c138a35e?s=96&d=mm&r=g","url":"https:\/\/secure.gravatar.com\/avatar\/e198f9393383244894b06db503be8cb43011f384a429c7a9f84f3f61c138a35e?s=96&d=mm&r=g","contentUrl":"https:\/\/secure.gravatar.com\/avatar\/e198f9393383244894b06db503be8cb43011f384a429c7a9f84f3f61c138a35e?s=96&d=mm&r=g","caption":"Vagas Emprego DF"},"url":"https:\/\/www.vagasdf.com.br\/index.php\/author\/vagasemprego\/"}]}},"_links":{"self":[{"href":"https:\/\/www.vagasdf.com.br\/index.php\/wp-json\/wp\/v2\/posts\/32849","targetHints":{"allow":["GET"]}}],"collection":[{"href":"https:\/\/www.vagasdf.com.br\/index.php\/wp-json\/wp\/v2\/posts"}],"about":[{"href":"https:\/\/www.vagasdf.com.br\/index.php\/wp-json\/wp\/v2\/types\/post"}],"author":[{"embeddable":true,"href":"https:\/\/www.vagasdf.com.br\/index.php\/wp-json\/wp\/v2\/users\/2"}],"replies":[{"embeddable":true,"href":"https:\/\/www.vagasdf.com.br\/index.php\/wp-json\/wp\/v2\/comments?post=32849"}],"version-history":[{"count":0,"href":"https:\/\/www.vagasdf.com.br\/index.php\/wp-json\/wp\/v2\/posts\/32849\/revisions"}],"wp:attachment":[{"href":"https:\/\/www.vagasdf.com.br\/index.php\/wp-json\/wp\/v2\/media?parent=32849"}],"wp:term":[{"taxonomy":"category","embeddable":true,"href":"https:\/\/www.vagasdf.com.br\/index.php\/wp-json\/wp\/v2\/categories?post=32849"},{"taxonomy":"post_tag","embeddable":true,"href":"https:\/\/www.vagasdf.com.br\/index.php\/wp-json\/wp\/v2\/tags?post=32849"}],"curies":[{"name":"wp","href":"https:\/\/api.w.org\/{rel}","templated":true}]}}