{"id":32863,"date":"2023-09-21T13:00:04","date_gmt":"2023-09-21T16:00:04","guid":{"rendered":"https:\/\/www.vagasdf.com.br\/?p=32863"},"modified":"2023-09-21T13:00:04","modified_gmt":"2023-09-21T16:00:04","slug":"vaga-de-advogado-presencial-brasilia-asa-norte-df","status":"publish","type":"post","link":"https:\/\/www.vagasdf.com.br\/index.php\/2023\/09\/21\/vaga-de-advogado-presencial-brasilia-asa-norte-df\/","title":{"rendered":"Vaga de Advogado (Presencial) &#8211; Bras\u00edlia &#8211; Asa Norte &#8211; DF"},"content":{"rendered":"<p style=\"text-align: justify;\">Atribui\u00e7\u00f5es:<\/p>\n<ul style=\"text-align: justify;\">\n<li>O(a) Advogado(a) ir\u00e1 atuar nas confec\u00e7\u00f5es de pe\u00e7as processuais junto ao escrit\u00f3rio, prestando suporte quando necess\u00e1rio, no atendimento aos clientes de forma online em plataformas espec\u00edficas ou presencial, realizar audi\u00eancias caso seja necess\u00e1rio e demais andamentos necess\u00e1rios para o bom desempenho junto ao escrit\u00f3rio.<\/li>\n<\/ul>\n<p style=\"text-align: justify;\">Requisitos:<\/p>\n<ul style=\"text-align: justify;\">\n<li>Advogado devidamente Inscrito no Quadro da OAB\/DF, ativo;<\/li>\n<li>\u00a0Experi\u00eancia comprovado de mais de 01(um) ano em reda\u00e7\u00e3o de peti\u00e7\u00f5es em escrit\u00f3rios de advocacia ou \u00e1reas jur\u00eddicas empresariais;<\/li>\n<li>\u00a0Ser proativo(a) e comprometido(a) com as responsabilidades do escrit\u00f3rio;<\/li>\n<li>\u00a0Excelente habilidade de comunica\u00e7\u00e3o, n\u00e3o sendo t\u00edmido(a) ao interagir com clientes e demais membros do escrit\u00f3rio;<\/li>\n<li>\u00a0Conhecimento do pacote Office, com foco em Word e Excel;<\/li>\n<li>\u00a0Conhecimentos dos sistemas dos Tribunais.<\/li>\n<\/ul>\n<p style=\"text-align: justify;\">Remunera\u00e7\u00e3o:<\/p>\n<ul style=\"text-align: justify;\">\n<li>\u00a0Remunera\u00e7\u00e3o de R$ 2.000,00 (Dois mil reais) nos 03(tr\u00eas) primeiros meses. Ap\u00f3s o per\u00edodo de experi\u00eancia passar\u00e1 para o valor de R$ 2.500,00(dois mil e quinhentos reais), ap\u00f3s o per\u00edodo de 06(seis) meses, passar\u00e1 para R$ 3.000,00(tr\u00eas mil reais). Depois seguindo o plano de carreira do escrit\u00f3rio;<\/li>\n<\/ul>\n<p style=\"text-align: justify;\">Benef\u00edcios:<\/p>\n<ul style=\"text-align: justify;\">\n<li>\u00a0Vale Transporte;<\/li>\n<li>\u00a0Vale Refei\u00e7\u00e3o no valor de R$ 15,00 (Quinze reais) Dia, pagos em dinheiro;<\/li>\n<li>\u00a0Seguro de Acidentes Pessoais;<\/li>\n<li>\u00a0Planos de Carreira<\/li>\n<\/ul>\n<p style=\"text-align: justify;\">Observa\u00e7\u00f5es:<\/p>\n<ul style=\"text-align: justify;\">\n<li>\u00a0Experi\u00eancia profissional anterior em desenvolvimento de peti\u00e7\u00f5es no modo geral; &#8211; Ter bom traquejo para trabalho em equipe; &#8211; Modalidade de contrata\u00e7\u00e3o Associado (Conforme STF).<\/li>\n<\/ul>\n<p style=\"text-align: justify;\">Data m\u00e1xima para envio de curr\u00edculos: 21-09-2023<\/p>\n<p style=\"text-align: justify;\">Enviar curr\u00edculo informando no assunto do e-mail a vaga de interesse para<a href=\"mailto:3psvagaadvogado@gmail.com\"> 3psvagaadvogado@gmail.com<\/a><\/p>\n","protected":false},"excerpt":{"rendered":"<p>Atribui\u00e7\u00f5es: O(a) Advogado(a) ir\u00e1 atuar nas confec\u00e7\u00f5es de pe\u00e7as processuais junto ao escrit\u00f3rio, prestando suporte quando necess\u00e1rio, no atendimento aos clientes de forma online em [&#8230;]<\/p>\n","protected":false},"author":2,"featured_media":0,"comment_status":"closed","ping_status":"closed","sticky":false,"template":"","format":"standard","meta":{"footnotes":""},"categories":[63],"tags":[],"class_list":["post-32863","post","type-post","status-publish","format-standard","hentry","category-juridica"],"yoast_head":"<!-- This site is optimized with the Yoast SEO plugin v27.5 - https:\/\/yoast.com\/product\/yoast-seo-wordpress\/ -->\n<title>Vaga de Advogado (Presencial) - Bras\u00edlia - Asa Norte - DF - VagasDF<\/title>\n<meta name=\"robots\" content=\"index, follow, max-snippet:-1, max-image-preview:large, max-video-preview:-1\" \/>\n<link rel=\"canonical\" href=\"https:\/\/www.vagasdf.com.br\/index.php\/2023\/09\/21\/vaga-de-advogado-presencial-brasilia-asa-norte-df\/\" \/>\n<meta property=\"og:locale\" content=\"pt_BR\" \/>\n<meta property=\"og:type\" content=\"article\" \/>\n<meta property=\"og:title\" content=\"Vaga de Advogado (Presencial) - Bras\u00edlia - Asa Norte - DF - VagasDF\" \/>\n<meta property=\"og:description\" content=\"Atribui\u00e7\u00f5es: O(a) Advogado(a) ir\u00e1 atuar nas confec\u00e7\u00f5es de pe\u00e7as processuais junto ao escrit\u00f3rio, prestando suporte quando necess\u00e1rio, no atendimento aos clientes de forma online em [...]\" \/>\n<meta property=\"og:url\" content=\"https:\/\/www.vagasdf.com.br\/index.php\/2023\/09\/21\/vaga-de-advogado-presencial-brasilia-asa-norte-df\/\" \/>\n<meta property=\"og:site_name\" content=\"VagasDF\" \/>\n<meta property=\"article:published_time\" content=\"2023-09-21T16:00:04+00:00\" \/>\n<meta name=\"author\" content=\"Vagas Emprego DF\" \/>\n<meta name=\"twitter:card\" content=\"summary_large_image\" \/>\n<meta name=\"twitter:label1\" content=\"Escrito por\" \/>\n\t<meta name=\"twitter:data1\" content=\"Vagas Emprego DF\" \/>\n\t<meta name=\"twitter:label2\" content=\"Est. tempo de leitura\" \/>\n\t<meta name=\"twitter:data2\" content=\"1 minuto\" \/>\n<!-- \/ Yoast SEO plugin. -->","yoast_head_json":{"title":"Vaga de Advogado (Presencial) - Bras\u00edlia - Asa Norte - DF - VagasDF","robots":{"index":"index","follow":"follow","max-snippet":"max-snippet:-1","max-image-preview":"max-image-preview:large","max-video-preview":"max-video-preview:-1"},"canonical":"https:\/\/www.vagasdf.com.br\/index.php\/2023\/09\/21\/vaga-de-advogado-presencial-brasilia-asa-norte-df\/","og_locale":"pt_BR","og_type":"article","og_title":"Vaga de Advogado (Presencial) - Bras\u00edlia - Asa Norte - DF - VagasDF","og_description":"Atribui\u00e7\u00f5es: O(a) Advogado(a) ir\u00e1 atuar nas confec\u00e7\u00f5es de pe\u00e7as processuais junto ao escrit\u00f3rio, prestando suporte quando necess\u00e1rio, no atendimento aos clientes de forma online em [...]","og_url":"https:\/\/www.vagasdf.com.br\/index.php\/2023\/09\/21\/vaga-de-advogado-presencial-brasilia-asa-norte-df\/","og_site_name":"VagasDF","article_published_time":"2023-09-21T16:00:04+00:00","author":"Vagas Emprego DF","twitter_card":"summary_large_image","twitter_misc":{"Escrito por":"Vagas Emprego DF","Est. tempo de leitura":"1 minuto"},"schema":{"@context":"https:\/\/schema.org","@graph":[{"@type":"Article","@id":"https:\/\/www.vagasdf.com.br\/index.php\/2023\/09\/21\/vaga-de-advogado-presencial-brasilia-asa-norte-df\/#article","isPartOf":{"@id":"https:\/\/www.vagasdf.com.br\/index.php\/2023\/09\/21\/vaga-de-advogado-presencial-brasilia-asa-norte-df\/"},"author":{"name":"Vagas Emprego DF","@id":"https:\/\/www.vagasdf.com.br\/#\/schema\/person\/9384a559252cca63e85a3316d81df8a9"},"headline":"Vaga de Advogado (Presencial) &#8211; Bras\u00edlia &#8211; Asa Norte &#8211; DF","datePublished":"2023-09-21T16:00:04+00:00","mainEntityOfPage":{"@id":"https:\/\/www.vagasdf.com.br\/index.php\/2023\/09\/21\/vaga-de-advogado-presencial-brasilia-asa-norte-df\/"},"wordCount":288,"publisher":{"@id":"https:\/\/www.vagasdf.com.br\/#organization"},"articleSection":["jur\u00eddica"],"inLanguage":"pt-BR"},{"@type":"WebPage","@id":"https:\/\/www.vagasdf.com.br\/index.php\/2023\/09\/21\/vaga-de-advogado-presencial-brasilia-asa-norte-df\/","url":"https:\/\/www.vagasdf.com.br\/index.php\/2023\/09\/21\/vaga-de-advogado-presencial-brasilia-asa-norte-df\/","name":"Vaga de Advogado (Presencial) - Bras\u00edlia - Asa Norte - DF - VagasDF","isPartOf":{"@id":"https:\/\/www.vagasdf.com.br\/#website"},"datePublished":"2023-09-21T16:00:04+00:00","breadcrumb":{"@id":"https:\/\/www.vagasdf.com.br\/index.php\/2023\/09\/21\/vaga-de-advogado-presencial-brasilia-asa-norte-df\/#breadcrumb"},"inLanguage":"pt-BR","potentialAction":[{"@type":"ReadAction","target":["https:\/\/www.vagasdf.com.br\/index.php\/2023\/09\/21\/vaga-de-advogado-presencial-brasilia-asa-norte-df\/"]}]},{"@type":"BreadcrumbList","@id":"https:\/\/www.vagasdf.com.br\/index.php\/2023\/09\/21\/vaga-de-advogado-presencial-brasilia-asa-norte-df\/#breadcrumb","itemListElement":[{"@type":"ListItem","position":1,"name":"Home","item":"https:\/\/www.vagasdf.com.br\/"},{"@type":"ListItem","position":2,"name":"Vaga de Advogado (Presencial) &#8211; Bras\u00edlia &#8211; Asa Norte &#8211; DF"}]},{"@type":"WebSite","@id":"https:\/\/www.vagasdf.com.br\/#website","url":"https:\/\/www.vagasdf.com.br\/","name":"VagasDF","description":"Vagas de Emprego e Est\u00e1gio no DF","publisher":{"@id":"https:\/\/www.vagasdf.com.br\/#organization"},"potentialAction":[{"@type":"SearchAction","target":{"@type":"EntryPoint","urlTemplate":"https:\/\/www.vagasdf.com.br\/?s={search_term_string}"},"query-input":{"@type":"PropertyValueSpecification","valueRequired":true,"valueName":"search_term_string"}}],"inLanguage":"pt-BR"},{"@type":"Organization","@id":"https:\/\/www.vagasdf.com.br\/#organization","name":"VagasDF","url":"https:\/\/www.vagasdf.com.br\/","logo":{"@type":"ImageObject","inLanguage":"pt-BR","@id":"https:\/\/www.vagasdf.com.br\/#\/schema\/logo\/image\/","url":"https:\/\/www.vagasdf.com.br\/wp-content\/uploads\/2025\/06\/cropped-vdf-logo-2021.jpg","contentUrl":"https:\/\/www.vagasdf.com.br\/wp-content\/uploads\/2025\/06\/cropped-vdf-logo-2021.jpg","width":350,"height":100,"caption":"VagasDF"},"image":{"@id":"https:\/\/www.vagasdf.com.br\/#\/schema\/logo\/image\/"}},{"@type":"Person","@id":"https:\/\/www.vagasdf.com.br\/#\/schema\/person\/9384a559252cca63e85a3316d81df8a9","name":"Vagas Emprego DF","image":{"@type":"ImageObject","inLanguage":"pt-BR","@id":"https:\/\/secure.gravatar.com\/avatar\/e198f9393383244894b06db503be8cb43011f384a429c7a9f84f3f61c138a35e?s=96&d=mm&r=g","url":"https:\/\/secure.gravatar.com\/avatar\/e198f9393383244894b06db503be8cb43011f384a429c7a9f84f3f61c138a35e?s=96&d=mm&r=g","contentUrl":"https:\/\/secure.gravatar.com\/avatar\/e198f9393383244894b06db503be8cb43011f384a429c7a9f84f3f61c138a35e?s=96&d=mm&r=g","caption":"Vagas Emprego DF"},"url":"https:\/\/www.vagasdf.com.br\/index.php\/author\/vagasemprego\/"}]}},"_links":{"self":[{"href":"https:\/\/www.vagasdf.com.br\/index.php\/wp-json\/wp\/v2\/posts\/32863","targetHints":{"allow":["GET"]}}],"collection":[{"href":"https:\/\/www.vagasdf.com.br\/index.php\/wp-json\/wp\/v2\/posts"}],"about":[{"href":"https:\/\/www.vagasdf.com.br\/index.php\/wp-json\/wp\/v2\/types\/post"}],"author":[{"embeddable":true,"href":"https:\/\/www.vagasdf.com.br\/index.php\/wp-json\/wp\/v2\/users\/2"}],"replies":[{"embeddable":true,"href":"https:\/\/www.vagasdf.com.br\/index.php\/wp-json\/wp\/v2\/comments?post=32863"}],"version-history":[{"count":0,"href":"https:\/\/www.vagasdf.com.br\/index.php\/wp-json\/wp\/v2\/posts\/32863\/revisions"}],"wp:attachment":[{"href":"https:\/\/www.vagasdf.com.br\/index.php\/wp-json\/wp\/v2\/media?parent=32863"}],"wp:term":[{"taxonomy":"category","embeddable":true,"href":"https:\/\/www.vagasdf.com.br\/index.php\/wp-json\/wp\/v2\/categories?post=32863"},{"taxonomy":"post_tag","embeddable":true,"href":"https:\/\/www.vagasdf.com.br\/index.php\/wp-json\/wp\/v2\/tags?post=32863"}],"curies":[{"name":"wp","href":"https:\/\/api.w.org\/{rel}","templated":true}]}}