{"id":32968,"date":"2023-10-02T10:00:13","date_gmt":"2023-10-02T13:00:13","guid":{"rendered":"https:\/\/www.vagasdf.com.br\/?p=32968"},"modified":"2023-10-02T10:00:13","modified_gmt":"2023-10-02T13:00:13","slug":"auxiliar-de-logistica-temporario-setor-de-cargas-sia-df","status":"publish","type":"post","link":"https:\/\/www.vagasdf.com.br\/index.php\/2023\/10\/02\/auxiliar-de-logistica-temporario-setor-de-cargas-sia-df\/","title":{"rendered":"Auxiliar de Log\u00edstica &#8211; Tempor\u00e1rio &#8211; Setor de Cargas &#8211; Sia &#8211; DF"},"content":{"rendered":"<p style=\"text-align: justify;\">Atribui\u00e7\u00f5es:<\/p>\n<ul style=\"text-align: justify;\">\n<li>Realizar atividades manuais, sist\u00eamicas e de documenta\u00e7\u00f5es relacionadas aos processos de carga, descarga, separa\u00e7\u00e3o, roteiriza\u00e7\u00e3o, expedi\u00e7\u00e3o, monitoramento, devolu\u00e7\u00e3o e baixa das encomendas recebidas na filial. Vaga para trabalhar de 45 a 60 dias. Alta possibilidade de efetiva\u00e7\u00e3o.<\/li>\n<\/ul>\n<p style=\"text-align: justify;\">Requisitos:<\/p>\n<ul style=\"text-align: justify;\">\n<li>Ensino m\u00e9dio completo e disponibilidade de hor\u00e1rios.<\/li>\n<\/ul>\n<p style=\"text-align: justify;\">Jornada de Trabalho:<\/p>\n<ul style=\"text-align: justify;\">\n<li>44 horas semanais, escala 6&#215;1<\/li>\n<\/ul>\n<p style=\"text-align: justify;\">Remunera\u00e7\u00e3o:<\/p>\n<ul style=\"text-align: justify;\">\n<li>R$ 1.438,00<\/li>\n<\/ul>\n<p style=\"text-align: justify;\">Benef\u00edcios:<\/p>\n<ul style=\"text-align: justify;\">\n<li>Vale Transporte (VT), Vale Alimenta\u00e7\u00e3o (VA), Assist\u00eancia m\u00e9dica, assist\u00eancia odontol\u00f3gica, seguro de vida e cesta b\u00e1sica<\/li>\n<\/ul>\n<p style=\"text-align: justify;\">Observa\u00e7\u00f5es:<\/p>\n<ul style=\"text-align: justify;\">\n<li>Data m\u00e1xima para envio de curr\u00edculos: 30-11-2023<\/li>\n<\/ul>\n<p style=\"text-align: justify;\">Enviar curr\u00edculo informando no assunto do e-mail a vaga de interesse para<a href=\"mailto:vagaslogisticabrasil@gmail.com\"> vagaslogisticabrasil@gmail.com<\/a><\/p>\n","protected":false},"excerpt":{"rendered":"<p>Atribui\u00e7\u00f5es: Realizar atividades manuais, sist\u00eamicas e de documenta\u00e7\u00f5es relacionadas aos processos de carga, descarga, separa\u00e7\u00e3o, roteiriza\u00e7\u00e3o, expedi\u00e7\u00e3o, monitoramento, devolu\u00e7\u00e3o e baixa das encomendas recebidas na [&#8230;]<\/p>\n","protected":false},"author":2,"featured_media":0,"comment_status":"closed","ping_status":"closed","sticky":false,"template":"","format":"standard","meta":{"footnotes":""},"categories":[123,69],"tags":[],"class_list":["post-32968","post","type-post","status-publish","format-standard","hentry","category-ensino-medio-completo","category-logistica"],"yoast_head":"<!-- This site is optimized with the Yoast SEO plugin v27.4 - https:\/\/yoast.com\/product\/yoast-seo-wordpress\/ -->\n<title>Auxiliar de Log\u00edstica - Tempor\u00e1rio - Setor de Cargas - Sia - DF - VagasDF<\/title>\n<meta name=\"robots\" content=\"index, follow, max-snippet:-1, max-image-preview:large, max-video-preview:-1\" \/>\n<link rel=\"canonical\" href=\"https:\/\/www.vagasdf.com.br\/index.php\/2023\/10\/02\/auxiliar-de-logistica-temporario-setor-de-cargas-sia-df\/\" \/>\n<meta property=\"og:locale\" content=\"pt_BR\" \/>\n<meta property=\"og:type\" content=\"article\" \/>\n<meta property=\"og:title\" content=\"Auxiliar de Log\u00edstica - Tempor\u00e1rio - Setor de Cargas - Sia - DF - VagasDF\" \/>\n<meta property=\"og:description\" content=\"Atribui\u00e7\u00f5es: Realizar atividades manuais, sist\u00eamicas e de documenta\u00e7\u00f5es relacionadas aos processos de carga, descarga, separa\u00e7\u00e3o, roteiriza\u00e7\u00e3o, expedi\u00e7\u00e3o, monitoramento, devolu\u00e7\u00e3o e baixa das encomendas recebidas na [...]\" \/>\n<meta property=\"og:url\" content=\"https:\/\/www.vagasdf.com.br\/index.php\/2023\/10\/02\/auxiliar-de-logistica-temporario-setor-de-cargas-sia-df\/\" \/>\n<meta property=\"og:site_name\" content=\"VagasDF\" \/>\n<meta property=\"article:published_time\" content=\"2023-10-02T13:00:13+00:00\" \/>\n<meta name=\"author\" content=\"Vagas Emprego DF\" \/>\n<meta name=\"twitter:card\" content=\"summary_large_image\" \/>\n<meta name=\"twitter:label1\" content=\"Escrito por\" \/>\n\t<meta name=\"twitter:data1\" content=\"Vagas Emprego DF\" \/>\n\t<meta name=\"twitter:label2\" content=\"Est. tempo de leitura\" \/>\n\t<meta name=\"twitter:data2\" content=\"1 minuto\" \/>\n<!-- \/ Yoast SEO plugin. -->","yoast_head_json":{"title":"Auxiliar de Log\u00edstica - Tempor\u00e1rio - Setor de Cargas - Sia - DF - VagasDF","robots":{"index":"index","follow":"follow","max-snippet":"max-snippet:-1","max-image-preview":"max-image-preview:large","max-video-preview":"max-video-preview:-1"},"canonical":"https:\/\/www.vagasdf.com.br\/index.php\/2023\/10\/02\/auxiliar-de-logistica-temporario-setor-de-cargas-sia-df\/","og_locale":"pt_BR","og_type":"article","og_title":"Auxiliar de Log\u00edstica - Tempor\u00e1rio - Setor de Cargas - Sia - DF - VagasDF","og_description":"Atribui\u00e7\u00f5es: Realizar atividades manuais, sist\u00eamicas e de documenta\u00e7\u00f5es relacionadas aos processos de carga, descarga, separa\u00e7\u00e3o, roteiriza\u00e7\u00e3o, expedi\u00e7\u00e3o, monitoramento, devolu\u00e7\u00e3o e baixa das encomendas recebidas na [...]","og_url":"https:\/\/www.vagasdf.com.br\/index.php\/2023\/10\/02\/auxiliar-de-logistica-temporario-setor-de-cargas-sia-df\/","og_site_name":"VagasDF","article_published_time":"2023-10-02T13:00:13+00:00","author":"Vagas Emprego DF","twitter_card":"summary_large_image","twitter_misc":{"Escrito por":"Vagas Emprego DF","Est. tempo de leitura":"1 minuto"},"schema":{"@context":"https:\/\/schema.org","@graph":[{"@type":"Article","@id":"https:\/\/www.vagasdf.com.br\/index.php\/2023\/10\/02\/auxiliar-de-logistica-temporario-setor-de-cargas-sia-df\/#article","isPartOf":{"@id":"https:\/\/www.vagasdf.com.br\/index.php\/2023\/10\/02\/auxiliar-de-logistica-temporario-setor-de-cargas-sia-df\/"},"author":{"name":"Vagas Emprego DF","@id":"https:\/\/www.vagasdf.com.br\/#\/schema\/person\/9384a559252cca63e85a3316d81df8a9"},"headline":"Auxiliar de Log\u00edstica &#8211; Tempor\u00e1rio &#8211; Setor de Cargas &#8211; Sia &#8211; DF","datePublished":"2023-10-02T13:00:13+00:00","mainEntityOfPage":{"@id":"https:\/\/www.vagasdf.com.br\/index.php\/2023\/10\/02\/auxiliar-de-logistica-temporario-setor-de-cargas-sia-df\/"},"wordCount":131,"publisher":{"@id":"https:\/\/www.vagasdf.com.br\/#organization"},"articleSection":["ensino m\u00e9dio","log\u00edstica \/ distribui\u00e7\u00e3o"],"inLanguage":"pt-BR"},{"@type":"WebPage","@id":"https:\/\/www.vagasdf.com.br\/index.php\/2023\/10\/02\/auxiliar-de-logistica-temporario-setor-de-cargas-sia-df\/","url":"https:\/\/www.vagasdf.com.br\/index.php\/2023\/10\/02\/auxiliar-de-logistica-temporario-setor-de-cargas-sia-df\/","name":"Auxiliar de Log\u00edstica - Tempor\u00e1rio - Setor de Cargas - Sia - DF - VagasDF","isPartOf":{"@id":"https:\/\/www.vagasdf.com.br\/#website"},"datePublished":"2023-10-02T13:00:13+00:00","breadcrumb":{"@id":"https:\/\/www.vagasdf.com.br\/index.php\/2023\/10\/02\/auxiliar-de-logistica-temporario-setor-de-cargas-sia-df\/#breadcrumb"},"inLanguage":"pt-BR","potentialAction":[{"@type":"ReadAction","target":["https:\/\/www.vagasdf.com.br\/index.php\/2023\/10\/02\/auxiliar-de-logistica-temporario-setor-de-cargas-sia-df\/"]}]},{"@type":"BreadcrumbList","@id":"https:\/\/www.vagasdf.com.br\/index.php\/2023\/10\/02\/auxiliar-de-logistica-temporario-setor-de-cargas-sia-df\/#breadcrumb","itemListElement":[{"@type":"ListItem","position":1,"name":"Home","item":"https:\/\/www.vagasdf.com.br\/"},{"@type":"ListItem","position":2,"name":"Auxiliar de Log\u00edstica &#8211; Tempor\u00e1rio &#8211; Setor de Cargas &#8211; Sia &#8211; DF"}]},{"@type":"WebSite","@id":"https:\/\/www.vagasdf.com.br\/#website","url":"https:\/\/www.vagasdf.com.br\/","name":"VagasDF","description":"Vagas de Emprego e Est\u00e1gio no DF","publisher":{"@id":"https:\/\/www.vagasdf.com.br\/#organization"},"potentialAction":[{"@type":"SearchAction","target":{"@type":"EntryPoint","urlTemplate":"https:\/\/www.vagasdf.com.br\/?s={search_term_string}"},"query-input":{"@type":"PropertyValueSpecification","valueRequired":true,"valueName":"search_term_string"}}],"inLanguage":"pt-BR"},{"@type":"Organization","@id":"https:\/\/www.vagasdf.com.br\/#organization","name":"VagasDF","url":"https:\/\/www.vagasdf.com.br\/","logo":{"@type":"ImageObject","inLanguage":"pt-BR","@id":"https:\/\/www.vagasdf.com.br\/#\/schema\/logo\/image\/","url":"https:\/\/www.vagasdf.com.br\/wp-content\/uploads\/2025\/06\/cropped-vdf-logo-2021.jpg","contentUrl":"https:\/\/www.vagasdf.com.br\/wp-content\/uploads\/2025\/06\/cropped-vdf-logo-2021.jpg","width":350,"height":100,"caption":"VagasDF"},"image":{"@id":"https:\/\/www.vagasdf.com.br\/#\/schema\/logo\/image\/"}},{"@type":"Person","@id":"https:\/\/www.vagasdf.com.br\/#\/schema\/person\/9384a559252cca63e85a3316d81df8a9","name":"Vagas Emprego DF","image":{"@type":"ImageObject","inLanguage":"pt-BR","@id":"https:\/\/secure.gravatar.com\/avatar\/e198f9393383244894b06db503be8cb43011f384a429c7a9f84f3f61c138a35e?s=96&d=mm&r=g","url":"https:\/\/secure.gravatar.com\/avatar\/e198f9393383244894b06db503be8cb43011f384a429c7a9f84f3f61c138a35e?s=96&d=mm&r=g","contentUrl":"https:\/\/secure.gravatar.com\/avatar\/e198f9393383244894b06db503be8cb43011f384a429c7a9f84f3f61c138a35e?s=96&d=mm&r=g","caption":"Vagas Emprego DF"},"url":"https:\/\/www.vagasdf.com.br\/index.php\/author\/vagasemprego\/"}]}},"_links":{"self":[{"href":"https:\/\/www.vagasdf.com.br\/index.php\/wp-json\/wp\/v2\/posts\/32968","targetHints":{"allow":["GET"]}}],"collection":[{"href":"https:\/\/www.vagasdf.com.br\/index.php\/wp-json\/wp\/v2\/posts"}],"about":[{"href":"https:\/\/www.vagasdf.com.br\/index.php\/wp-json\/wp\/v2\/types\/post"}],"author":[{"embeddable":true,"href":"https:\/\/www.vagasdf.com.br\/index.php\/wp-json\/wp\/v2\/users\/2"}],"replies":[{"embeddable":true,"href":"https:\/\/www.vagasdf.com.br\/index.php\/wp-json\/wp\/v2\/comments?post=32968"}],"version-history":[{"count":0,"href":"https:\/\/www.vagasdf.com.br\/index.php\/wp-json\/wp\/v2\/posts\/32968\/revisions"}],"wp:attachment":[{"href":"https:\/\/www.vagasdf.com.br\/index.php\/wp-json\/wp\/v2\/media?parent=32968"}],"wp:term":[{"taxonomy":"category","embeddable":true,"href":"https:\/\/www.vagasdf.com.br\/index.php\/wp-json\/wp\/v2\/categories?post=32968"},{"taxonomy":"post_tag","embeddable":true,"href":"https:\/\/www.vagasdf.com.br\/index.php\/wp-json\/wp\/v2\/tags?post=32968"}],"curies":[{"name":"wp","href":"https:\/\/api.w.org\/{rel}","templated":true}]}}