{"id":32970,"date":"2023-10-02T11:00:34","date_gmt":"2023-10-02T14:00:34","guid":{"rendered":"https:\/\/www.vagasdf.com.br\/?p=32970"},"modified":"2023-10-02T11:00:34","modified_gmt":"2023-10-02T14:00:34","slug":"consultor-de-vendas-moveis-planejados-brasilia-df","status":"publish","type":"post","link":"https:\/\/www.vagasdf.com.br\/index.php\/2023\/10\/02\/consultor-de-vendas-moveis-planejados-brasilia-df\/","title":{"rendered":"Consultor de Vendas &#8211; M\u00f3veis Planejados   &#8211; Bras\u00edlia  &#8211; DF"},"content":{"rendered":"<p style=\"text-align: justify;\">Atribui\u00e7\u00f5es:<\/p>\n<p style=\"text-align: justify;\">Responsabilidades Chave:<\/p>\n<ul style=\"text-align: justify;\">\n<li>Prospec\u00e7\u00e3o e capta\u00e7\u00e3o de clientes.<\/li>\n<li>Atendimento de clientes.<\/li>\n<li>Medi\u00e7\u00e3o de espa\u00e7os.<\/li>\n<li>Desenvolvimento de projetos.<\/li>\n<li>Elabora\u00e7\u00e3o de or\u00e7amentos.<\/li>\n<li>Fechamento de vendas.<\/li>\n<\/ul>\n<p style=\"text-align: justify;\">Requisitos:<\/p>\n<ul style=\"text-align: justify;\">\n<li>Desej\u00e1vel ensino superior cursando ou completo em Arquitetura ou curso t\u00e9cnico de Design de Interiores.<\/li>\n<li>Engajado no fechamento de vendas.<\/li>\n<li>Experi\u00eancia comprovada como vendedor de m\u00f3veis planejados.<\/li>\n<li>Experi\u00eancia em t\u00e9cnicas de venda, especialmente negocia\u00e7\u00e3o e fechamento de vendas.<\/li>\n<li>Conhecimento e habilidade em projetar ambientes 3D com m\u00f3veis planejados usando o programa Promob.<\/li>\n<li>Dom\u00ednio do Pacote Office, com facilidade no uso do Excel.<\/li>\n<li>Computador e condu\u00e7\u00e3o pr\u00f3prios s\u00e3o indispens\u00e1veis.<\/li>\n<li>Boa flu\u00eancia verbal.<\/li>\n<li>Comunicativo.<\/li>\n<li>Ambicioso.<\/li>\n<li>Habilidade para trabalhar sob press\u00e3o.<\/li>\n<li>Ativo na capta\u00e7\u00e3o de clientes.<\/li>\n<\/ul>\n<p style=\"text-align: justify;\">Remunera\u00e7\u00e3o:<\/p>\n<ul style=\"text-align: justify;\">\n<li>R$ 1.400,00<\/li>\n<\/ul>\n<p style=\"text-align: justify;\">Benef\u00edcios:<\/p>\n<ul style=\"text-align: justify;\">\n<li>Ajuda de Custo de R$400,00 (Transporte e Alimenta\u00e7\u00e3o)<\/li>\n<li>Comiss\u00f5es Atrativas para Alcan\u00e7ar Sucesso<\/li>\n<\/ul>\n<p style=\"text-align: justify;\">Observa\u00e7\u00f5es:<\/p>\n<ul style=\"text-align: justify;\">\n<li>Data m\u00e1xima para envio de curr\u00edculos:\u00a0 30-11-2023<\/li>\n<\/ul>\n<p style=\"text-align: justify;\">Enviar curr\u00edculo informando no assunto do e-mail a vaga de interesse para<a href=\"mailto:amandalarissa.taj@gmail.com\"> amandalarissa.taj@gmail.com<\/a><\/p>\n","protected":false},"excerpt":{"rendered":"<p>Atribui\u00e7\u00f5es: Responsabilidades Chave: Prospec\u00e7\u00e3o e capta\u00e7\u00e3o de clientes. Atendimento de clientes. Medi\u00e7\u00e3o de espa\u00e7os. Desenvolvimento de projetos. Elabora\u00e7\u00e3o de or\u00e7amentos. Fechamento de vendas. Requisitos: Desej\u00e1vel [&#8230;]<\/p>\n","protected":false},"author":2,"featured_media":0,"comment_status":"closed","ping_status":"closed","sticky":false,"template":"","format":"standard","meta":{"footnotes":""},"categories":[21,125,126,127],"tags":[],"class_list":["post-32970","post","type-post","status-publish","format-standard","hentry","category-comercial-vendas","category-ensino-superior-completo","category-ensino-superior-incompleto","category-ensino-tecnico-completo"],"yoast_head":"<!-- This site is optimized with the Yoast SEO plugin v27.4 - https:\/\/yoast.com\/product\/yoast-seo-wordpress\/ -->\n<title>Consultor de Vendas - M\u00f3veis Planejados  - Bras\u00edlia - DF - VagasDF<\/title>\n<meta name=\"robots\" content=\"index, follow, max-snippet:-1, max-image-preview:large, max-video-preview:-1\" \/>\n<link rel=\"canonical\" href=\"https:\/\/www.vagasdf.com.br\/index.php\/2023\/10\/02\/consultor-de-vendas-moveis-planejados-brasilia-df\/\" \/>\n<meta property=\"og:locale\" content=\"pt_BR\" \/>\n<meta property=\"og:type\" content=\"article\" \/>\n<meta property=\"og:title\" content=\"Consultor de Vendas - M\u00f3veis Planejados  - Bras\u00edlia - DF - VagasDF\" \/>\n<meta property=\"og:description\" content=\"Atribui\u00e7\u00f5es: Responsabilidades Chave: Prospec\u00e7\u00e3o e capta\u00e7\u00e3o de clientes. Atendimento de clientes. Medi\u00e7\u00e3o de espa\u00e7os. Desenvolvimento de projetos. Elabora\u00e7\u00e3o de or\u00e7amentos. Fechamento de vendas. Requisitos: Desej\u00e1vel [...]\" \/>\n<meta property=\"og:url\" content=\"https:\/\/www.vagasdf.com.br\/index.php\/2023\/10\/02\/consultor-de-vendas-moveis-planejados-brasilia-df\/\" \/>\n<meta property=\"og:site_name\" content=\"VagasDF\" \/>\n<meta property=\"article:published_time\" content=\"2023-10-02T14:00:34+00:00\" \/>\n<meta name=\"author\" content=\"Vagas Emprego DF\" \/>\n<meta name=\"twitter:card\" content=\"summary_large_image\" \/>\n<meta name=\"twitter:label1\" content=\"Escrito por\" \/>\n\t<meta name=\"twitter:data1\" content=\"Vagas Emprego DF\" \/>\n\t<meta name=\"twitter:label2\" content=\"Est. tempo de leitura\" \/>\n\t<meta name=\"twitter:data2\" content=\"1 minuto\" \/>\n<!-- \/ Yoast SEO plugin. -->","yoast_head_json":{"title":"Consultor de Vendas - M\u00f3veis Planejados  - Bras\u00edlia - DF - VagasDF","robots":{"index":"index","follow":"follow","max-snippet":"max-snippet:-1","max-image-preview":"max-image-preview:large","max-video-preview":"max-video-preview:-1"},"canonical":"https:\/\/www.vagasdf.com.br\/index.php\/2023\/10\/02\/consultor-de-vendas-moveis-planejados-brasilia-df\/","og_locale":"pt_BR","og_type":"article","og_title":"Consultor de Vendas - M\u00f3veis Planejados  - Bras\u00edlia - DF - VagasDF","og_description":"Atribui\u00e7\u00f5es: Responsabilidades Chave: Prospec\u00e7\u00e3o e capta\u00e7\u00e3o de clientes. Atendimento de clientes. Medi\u00e7\u00e3o de espa\u00e7os. Desenvolvimento de projetos. Elabora\u00e7\u00e3o de or\u00e7amentos. Fechamento de vendas. Requisitos: Desej\u00e1vel [...]","og_url":"https:\/\/www.vagasdf.com.br\/index.php\/2023\/10\/02\/consultor-de-vendas-moveis-planejados-brasilia-df\/","og_site_name":"VagasDF","article_published_time":"2023-10-02T14:00:34+00:00","author":"Vagas Emprego DF","twitter_card":"summary_large_image","twitter_misc":{"Escrito por":"Vagas Emprego DF","Est. tempo de leitura":"1 minuto"},"schema":{"@context":"https:\/\/schema.org","@graph":[{"@type":"Article","@id":"https:\/\/www.vagasdf.com.br\/index.php\/2023\/10\/02\/consultor-de-vendas-moveis-planejados-brasilia-df\/#article","isPartOf":{"@id":"https:\/\/www.vagasdf.com.br\/index.php\/2023\/10\/02\/consultor-de-vendas-moveis-planejados-brasilia-df\/"},"author":{"name":"Vagas Emprego DF","@id":"https:\/\/www.vagasdf.com.br\/#\/schema\/person\/9384a559252cca63e85a3316d81df8a9"},"headline":"Consultor de Vendas &#8211; M\u00f3veis Planejados &#8211; Bras\u00edlia &#8211; DF","datePublished":"2023-10-02T14:00:34+00:00","mainEntityOfPage":{"@id":"https:\/\/www.vagasdf.com.br\/index.php\/2023\/10\/02\/consultor-de-vendas-moveis-planejados-brasilia-df\/"},"wordCount":192,"publisher":{"@id":"https:\/\/www.vagasdf.com.br\/#organization"},"articleSection":["comercial \/ vendas","ensino superior","ensino superior incompleto","ensino t\u00e9cnico"],"inLanguage":"pt-BR"},{"@type":"WebPage","@id":"https:\/\/www.vagasdf.com.br\/index.php\/2023\/10\/02\/consultor-de-vendas-moveis-planejados-brasilia-df\/","url":"https:\/\/www.vagasdf.com.br\/index.php\/2023\/10\/02\/consultor-de-vendas-moveis-planejados-brasilia-df\/","name":"Consultor de Vendas - M\u00f3veis Planejados - Bras\u00edlia - DF - VagasDF","isPartOf":{"@id":"https:\/\/www.vagasdf.com.br\/#website"},"datePublished":"2023-10-02T14:00:34+00:00","breadcrumb":{"@id":"https:\/\/www.vagasdf.com.br\/index.php\/2023\/10\/02\/consultor-de-vendas-moveis-planejados-brasilia-df\/#breadcrumb"},"inLanguage":"pt-BR","potentialAction":[{"@type":"ReadAction","target":["https:\/\/www.vagasdf.com.br\/index.php\/2023\/10\/02\/consultor-de-vendas-moveis-planejados-brasilia-df\/"]}]},{"@type":"BreadcrumbList","@id":"https:\/\/www.vagasdf.com.br\/index.php\/2023\/10\/02\/consultor-de-vendas-moveis-planejados-brasilia-df\/#breadcrumb","itemListElement":[{"@type":"ListItem","position":1,"name":"Home","item":"https:\/\/www.vagasdf.com.br\/"},{"@type":"ListItem","position":2,"name":"Consultor de Vendas &#8211; M\u00f3veis Planejados &#8211; Bras\u00edlia &#8211; DF"}]},{"@type":"WebSite","@id":"https:\/\/www.vagasdf.com.br\/#website","url":"https:\/\/www.vagasdf.com.br\/","name":"VagasDF","description":"Vagas de Emprego e Est\u00e1gio no DF","publisher":{"@id":"https:\/\/www.vagasdf.com.br\/#organization"},"potentialAction":[{"@type":"SearchAction","target":{"@type":"EntryPoint","urlTemplate":"https:\/\/www.vagasdf.com.br\/?s={search_term_string}"},"query-input":{"@type":"PropertyValueSpecification","valueRequired":true,"valueName":"search_term_string"}}],"inLanguage":"pt-BR"},{"@type":"Organization","@id":"https:\/\/www.vagasdf.com.br\/#organization","name":"VagasDF","url":"https:\/\/www.vagasdf.com.br\/","logo":{"@type":"ImageObject","inLanguage":"pt-BR","@id":"https:\/\/www.vagasdf.com.br\/#\/schema\/logo\/image\/","url":"https:\/\/www.vagasdf.com.br\/wp-content\/uploads\/2025\/06\/cropped-vdf-logo-2021.jpg","contentUrl":"https:\/\/www.vagasdf.com.br\/wp-content\/uploads\/2025\/06\/cropped-vdf-logo-2021.jpg","width":350,"height":100,"caption":"VagasDF"},"image":{"@id":"https:\/\/www.vagasdf.com.br\/#\/schema\/logo\/image\/"}},{"@type":"Person","@id":"https:\/\/www.vagasdf.com.br\/#\/schema\/person\/9384a559252cca63e85a3316d81df8a9","name":"Vagas Emprego DF","image":{"@type":"ImageObject","inLanguage":"pt-BR","@id":"https:\/\/secure.gravatar.com\/avatar\/e198f9393383244894b06db503be8cb43011f384a429c7a9f84f3f61c138a35e?s=96&d=mm&r=g","url":"https:\/\/secure.gravatar.com\/avatar\/e198f9393383244894b06db503be8cb43011f384a429c7a9f84f3f61c138a35e?s=96&d=mm&r=g","contentUrl":"https:\/\/secure.gravatar.com\/avatar\/e198f9393383244894b06db503be8cb43011f384a429c7a9f84f3f61c138a35e?s=96&d=mm&r=g","caption":"Vagas Emprego DF"},"url":"https:\/\/www.vagasdf.com.br\/index.php\/author\/vagasemprego\/"}]}},"_links":{"self":[{"href":"https:\/\/www.vagasdf.com.br\/index.php\/wp-json\/wp\/v2\/posts\/32970","targetHints":{"allow":["GET"]}}],"collection":[{"href":"https:\/\/www.vagasdf.com.br\/index.php\/wp-json\/wp\/v2\/posts"}],"about":[{"href":"https:\/\/www.vagasdf.com.br\/index.php\/wp-json\/wp\/v2\/types\/post"}],"author":[{"embeddable":true,"href":"https:\/\/www.vagasdf.com.br\/index.php\/wp-json\/wp\/v2\/users\/2"}],"replies":[{"embeddable":true,"href":"https:\/\/www.vagasdf.com.br\/index.php\/wp-json\/wp\/v2\/comments?post=32970"}],"version-history":[{"count":0,"href":"https:\/\/www.vagasdf.com.br\/index.php\/wp-json\/wp\/v2\/posts\/32970\/revisions"}],"wp:attachment":[{"href":"https:\/\/www.vagasdf.com.br\/index.php\/wp-json\/wp\/v2\/media?parent=32970"}],"wp:term":[{"taxonomy":"category","embeddable":true,"href":"https:\/\/www.vagasdf.com.br\/index.php\/wp-json\/wp\/v2\/categories?post=32970"},{"taxonomy":"post_tag","embeddable":true,"href":"https:\/\/www.vagasdf.com.br\/index.php\/wp-json\/wp\/v2\/tags?post=32970"}],"curies":[{"name":"wp","href":"https:\/\/api.w.org\/{rel}","templated":true}]}}