{"id":33118,"date":"2023-10-13T14:00:06","date_gmt":"2023-10-13T17:00:06","guid":{"rendered":"https:\/\/www.vagasdf.com.br\/?p=33118"},"modified":"2023-10-13T14:00:06","modified_gmt":"2023-10-13T17:00:06","slug":"auxiliar-administrativo-brasilia-df-185","status":"publish","type":"post","link":"https:\/\/www.vagasdf.com.br\/index.php\/2023\/10\/13\/auxiliar-administrativo-brasilia-df-185\/","title":{"rendered":"Auxiliar Administrativo &#8211; Bras\u00edlia &#8211; DF"},"content":{"rendered":"<p style=\"text-align: justify;\">Requisitos:<\/p>\n<ul style=\"text-align: justify;\">\n<li>Desej\u00e1vel conhecimento em rotinas administrativas, pacote office (Excel, Word, Outlook), comprometimento, boa comunica\u00e7\u00e3o e facilidade de aprendizado.<\/li>\n<\/ul>\n<p style=\"text-align: justify;\">Atividades:<\/p>\n<ul style=\"text-align: justify;\">\n<li>Para atuar com o atendimento presencial e telef\u00f4nico a clientes;<\/li>\n<li>Ir\u00e1 aux\u00edlio na organiza\u00e7\u00e3o e emiss\u00e3o de documentos, agendamento de visitas ou clientes, apoio \u00e0s necessidades do departamento administrativo, elabora\u00e7\u00e3o de proposta, contrato e relat\u00f3rio Excel e Word, organiza\u00e7\u00e3o de planilhas e outras atividades do setor administrativo conforme orienta\u00e7\u00e3o do supervisor, in\u00edcio imediato e atuar na emiss\u00e3o de notas fiscais e controle de caixa, contas a pagar e receber.<\/li>\n<\/ul>\n<p style=\"text-align: justify;\">Jornada de trabalho:<\/p>\n<ul style=\"text-align: justify;\">\n<li>Segunda a Sexta Feira das 08:00 \u00e0s 18:00<\/li>\n<\/ul>\n<p style=\"text-align: justify;\">Remunera\u00e7\u00e3o:<\/p>\n<ul style=\"text-align: justify;\">\n<li>R$ 2.375,00 + VA + Vale Transporte + PLR + Plano Odontol\u00f3gico<\/li>\n<\/ul>\n<p style=\"text-align: justify;\">Data m\u00e1xima para envio de curr\u00edculos: 18\/10\/2023<\/p>\n<p style=\"text-align: justify;\">Enviar curr\u00edculo informando no assunto do e-mail a vaga de interesse para <a href=\"mailto:recrutamento.info45@gmail.com\">recrutamento.info45@gmail.com <\/a><\/p>\n","protected":false},"excerpt":{"rendered":"<p>Requisitos: Desej\u00e1vel conhecimento em rotinas administrativas, pacote office (Excel, Word, Outlook), comprometimento, boa comunica\u00e7\u00e3o e facilidade de aprendizado. Atividades: Para atuar com o atendimento presencial [&#8230;]<\/p>\n","protected":false},"author":2,"featured_media":0,"comment_status":"closed","ping_status":"closed","sticky":false,"template":"","format":"standard","meta":{"footnotes":""},"categories":[4],"tags":[],"class_list":["post-33118","post","type-post","status-publish","format-standard","hentry","category-administrativa"],"yoast_head":"<!-- This site is optimized with the Yoast SEO plugin v27.4 - https:\/\/yoast.com\/product\/yoast-seo-wordpress\/ -->\n<title>Auxiliar Administrativo - Bras\u00edlia - DF - VagasDF<\/title>\n<meta name=\"robots\" content=\"index, follow, max-snippet:-1, max-image-preview:large, max-video-preview:-1\" \/>\n<link rel=\"canonical\" href=\"https:\/\/www.vagasdf.com.br\/index.php\/2023\/10\/13\/auxiliar-administrativo-brasilia-df-185\/\" \/>\n<meta property=\"og:locale\" content=\"pt_BR\" \/>\n<meta property=\"og:type\" content=\"article\" \/>\n<meta property=\"og:title\" content=\"Auxiliar Administrativo - Bras\u00edlia - DF - VagasDF\" \/>\n<meta property=\"og:description\" content=\"Requisitos: Desej\u00e1vel conhecimento em rotinas administrativas, pacote office (Excel, Word, Outlook), comprometimento, boa comunica\u00e7\u00e3o e facilidade de aprendizado. Atividades: Para atuar com o atendimento presencial [...]\" \/>\n<meta property=\"og:url\" content=\"https:\/\/www.vagasdf.com.br\/index.php\/2023\/10\/13\/auxiliar-administrativo-brasilia-df-185\/\" \/>\n<meta property=\"og:site_name\" content=\"VagasDF\" \/>\n<meta property=\"article:published_time\" content=\"2023-10-13T17:00:06+00:00\" \/>\n<meta name=\"author\" content=\"Vagas Emprego DF\" \/>\n<meta name=\"twitter:card\" content=\"summary_large_image\" \/>\n<meta name=\"twitter:label1\" content=\"Escrito por\" \/>\n\t<meta name=\"twitter:data1\" content=\"Vagas Emprego DF\" \/>\n\t<meta name=\"twitter:label2\" content=\"Est. tempo de leitura\" \/>\n\t<meta name=\"twitter:data2\" content=\"1 minuto\" \/>\n<!-- \/ Yoast SEO plugin. -->","yoast_head_json":{"title":"Auxiliar Administrativo - Bras\u00edlia - DF - VagasDF","robots":{"index":"index","follow":"follow","max-snippet":"max-snippet:-1","max-image-preview":"max-image-preview:large","max-video-preview":"max-video-preview:-1"},"canonical":"https:\/\/www.vagasdf.com.br\/index.php\/2023\/10\/13\/auxiliar-administrativo-brasilia-df-185\/","og_locale":"pt_BR","og_type":"article","og_title":"Auxiliar Administrativo - Bras\u00edlia - DF - VagasDF","og_description":"Requisitos: Desej\u00e1vel conhecimento em rotinas administrativas, pacote office (Excel, Word, Outlook), comprometimento, boa comunica\u00e7\u00e3o e facilidade de aprendizado. Atividades: Para atuar com o atendimento presencial [...]","og_url":"https:\/\/www.vagasdf.com.br\/index.php\/2023\/10\/13\/auxiliar-administrativo-brasilia-df-185\/","og_site_name":"VagasDF","article_published_time":"2023-10-13T17:00:06+00:00","author":"Vagas Emprego DF","twitter_card":"summary_large_image","twitter_misc":{"Escrito por":"Vagas Emprego DF","Est. tempo de leitura":"1 minuto"},"schema":{"@context":"https:\/\/schema.org","@graph":[{"@type":"Article","@id":"https:\/\/www.vagasdf.com.br\/index.php\/2023\/10\/13\/auxiliar-administrativo-brasilia-df-185\/#article","isPartOf":{"@id":"https:\/\/www.vagasdf.com.br\/index.php\/2023\/10\/13\/auxiliar-administrativo-brasilia-df-185\/"},"author":{"name":"Vagas Emprego DF","@id":"https:\/\/www.vagasdf.com.br\/#\/schema\/person\/9384a559252cca63e85a3316d81df8a9"},"headline":"Auxiliar Administrativo &#8211; Bras\u00edlia &#8211; DF","datePublished":"2023-10-13T17:00:06+00:00","mainEntityOfPage":{"@id":"https:\/\/www.vagasdf.com.br\/index.php\/2023\/10\/13\/auxiliar-administrativo-brasilia-df-185\/"},"wordCount":151,"publisher":{"@id":"https:\/\/www.vagasdf.com.br\/#organization"},"articleSection":["administra\u00e7\u00e3o geral"],"inLanguage":"pt-BR"},{"@type":"WebPage","@id":"https:\/\/www.vagasdf.com.br\/index.php\/2023\/10\/13\/auxiliar-administrativo-brasilia-df-185\/","url":"https:\/\/www.vagasdf.com.br\/index.php\/2023\/10\/13\/auxiliar-administrativo-brasilia-df-185\/","name":"Auxiliar Administrativo - Bras\u00edlia - DF - VagasDF","isPartOf":{"@id":"https:\/\/www.vagasdf.com.br\/#website"},"datePublished":"2023-10-13T17:00:06+00:00","breadcrumb":{"@id":"https:\/\/www.vagasdf.com.br\/index.php\/2023\/10\/13\/auxiliar-administrativo-brasilia-df-185\/#breadcrumb"},"inLanguage":"pt-BR","potentialAction":[{"@type":"ReadAction","target":["https:\/\/www.vagasdf.com.br\/index.php\/2023\/10\/13\/auxiliar-administrativo-brasilia-df-185\/"]}]},{"@type":"BreadcrumbList","@id":"https:\/\/www.vagasdf.com.br\/index.php\/2023\/10\/13\/auxiliar-administrativo-brasilia-df-185\/#breadcrumb","itemListElement":[{"@type":"ListItem","position":1,"name":"Home","item":"https:\/\/www.vagasdf.com.br\/"},{"@type":"ListItem","position":2,"name":"Auxiliar Administrativo &#8211; Bras\u00edlia &#8211; DF"}]},{"@type":"WebSite","@id":"https:\/\/www.vagasdf.com.br\/#website","url":"https:\/\/www.vagasdf.com.br\/","name":"VagasDF","description":"Vagas de Emprego e Est\u00e1gio no DF","publisher":{"@id":"https:\/\/www.vagasdf.com.br\/#organization"},"potentialAction":[{"@type":"SearchAction","target":{"@type":"EntryPoint","urlTemplate":"https:\/\/www.vagasdf.com.br\/?s={search_term_string}"},"query-input":{"@type":"PropertyValueSpecification","valueRequired":true,"valueName":"search_term_string"}}],"inLanguage":"pt-BR"},{"@type":"Organization","@id":"https:\/\/www.vagasdf.com.br\/#organization","name":"VagasDF","url":"https:\/\/www.vagasdf.com.br\/","logo":{"@type":"ImageObject","inLanguage":"pt-BR","@id":"https:\/\/www.vagasdf.com.br\/#\/schema\/logo\/image\/","url":"https:\/\/www.vagasdf.com.br\/wp-content\/uploads\/2025\/06\/cropped-vdf-logo-2021.jpg","contentUrl":"https:\/\/www.vagasdf.com.br\/wp-content\/uploads\/2025\/06\/cropped-vdf-logo-2021.jpg","width":350,"height":100,"caption":"VagasDF"},"image":{"@id":"https:\/\/www.vagasdf.com.br\/#\/schema\/logo\/image\/"}},{"@type":"Person","@id":"https:\/\/www.vagasdf.com.br\/#\/schema\/person\/9384a559252cca63e85a3316d81df8a9","name":"Vagas Emprego DF","image":{"@type":"ImageObject","inLanguage":"pt-BR","@id":"https:\/\/secure.gravatar.com\/avatar\/e198f9393383244894b06db503be8cb43011f384a429c7a9f84f3f61c138a35e?s=96&d=mm&r=g","url":"https:\/\/secure.gravatar.com\/avatar\/e198f9393383244894b06db503be8cb43011f384a429c7a9f84f3f61c138a35e?s=96&d=mm&r=g","contentUrl":"https:\/\/secure.gravatar.com\/avatar\/e198f9393383244894b06db503be8cb43011f384a429c7a9f84f3f61c138a35e?s=96&d=mm&r=g","caption":"Vagas Emprego DF"},"url":"https:\/\/www.vagasdf.com.br\/index.php\/author\/vagasemprego\/"}]}},"_links":{"self":[{"href":"https:\/\/www.vagasdf.com.br\/index.php\/wp-json\/wp\/v2\/posts\/33118","targetHints":{"allow":["GET"]}}],"collection":[{"href":"https:\/\/www.vagasdf.com.br\/index.php\/wp-json\/wp\/v2\/posts"}],"about":[{"href":"https:\/\/www.vagasdf.com.br\/index.php\/wp-json\/wp\/v2\/types\/post"}],"author":[{"embeddable":true,"href":"https:\/\/www.vagasdf.com.br\/index.php\/wp-json\/wp\/v2\/users\/2"}],"replies":[{"embeddable":true,"href":"https:\/\/www.vagasdf.com.br\/index.php\/wp-json\/wp\/v2\/comments?post=33118"}],"version-history":[{"count":0,"href":"https:\/\/www.vagasdf.com.br\/index.php\/wp-json\/wp\/v2\/posts\/33118\/revisions"}],"wp:attachment":[{"href":"https:\/\/www.vagasdf.com.br\/index.php\/wp-json\/wp\/v2\/media?parent=33118"}],"wp:term":[{"taxonomy":"category","embeddable":true,"href":"https:\/\/www.vagasdf.com.br\/index.php\/wp-json\/wp\/v2\/categories?post=33118"},{"taxonomy":"post_tag","embeddable":true,"href":"https:\/\/www.vagasdf.com.br\/index.php\/wp-json\/wp\/v2\/tags?post=33118"}],"curies":[{"name":"wp","href":"https:\/\/api.w.org\/{rel}","templated":true}]}}