{"id":33133,"date":"2023-10-16T10:00:15","date_gmt":"2023-10-16T13:00:15","guid":{"rendered":"https:\/\/www.vagasdf.com.br\/?p=33133"},"modified":"2023-10-16T10:00:15","modified_gmt":"2023-10-16T13:00:15","slug":"auxiliar-administrativo-brasilia-df-186","status":"publish","type":"post","link":"https:\/\/www.vagasdf.com.br\/index.php\/2023\/10\/16\/auxiliar-administrativo-brasilia-df-186\/","title":{"rendered":"Auxiliar Administrativo &#8211; Bras\u00edlia &#8211; DF"},"content":{"rendered":"<p style=\"text-align: justify;\">Descri\u00e7\u00e3o:<\/p>\n<ul style=\"text-align: justify;\">\n<li>Auxiliar Administrativo com experi\u00eancia em transportadora<\/li>\n<\/ul>\n<p style=\"text-align: justify;\">Requisitos:<\/p>\n<ul style=\"text-align: justify;\">\n<li>Ensino M\u00e9dio Completo (2\u00b0Grau)<\/li>\n<li>Necess\u00e1rio possuir experi\u00eancia em Transportadora, Faturamento e emiss\u00e3o de Nfs<\/li>\n<\/ul>\n<p style=\"text-align: justify;\">Atividades:<\/p>\n<ul style=\"text-align: justify;\">\n<li>Lidar com a emiss\u00e3o de relat\u00f3rios de Nf e CTES .Respons\u00e1vel pelo processo de planejamento da log\u00edstica de transporte de equipamentos, agendamentos, roteiriza\u00e7\u00e3o, tratativa de ocorr\u00eancias, atualiza\u00e7\u00e3o de relat\u00f3rios f\u00edsicos e sist\u00eamicos.<\/li>\n<\/ul>\n<p style=\"text-align: justify;\">Jornada de Trabalho:<\/p>\n<ul style=\"text-align: justify;\">\n<li>Segunda a Sexta Feira das 07:00 as 17:00 e S\u00e1bado das 08:00 as 11:00<\/li>\n<\/ul>\n<p style=\"text-align: justify;\">Remunera\u00e7\u00e3o:<\/p>\n<ul style=\"text-align: justify;\">\n<li>Sal\u00e1rio da categoria R$ 1.500,00 + Vale Transporte (VT) + Vale Alimenta\u00e7\u00e3o (VA)<\/li>\n<\/ul>\n<p style=\"text-align: justify;\">Data m\u00e1xima para envio de curr\u00edculos: 30\/10\/2023<\/p>\n<p style=\"text-align: justify;\">Enviar curr\u00edculo informando no assunto do e-mail a vaga de interesse para <a href=\"mailto:irmaosmonteirovagas@gmail.com\">irmaosmonteirovagas@gmail.com <\/a><\/p>\n","protected":false},"excerpt":{"rendered":"<p>Descri\u00e7\u00e3o: Auxiliar Administrativo com experi\u00eancia em transportadora Requisitos: Ensino M\u00e9dio Completo (2\u00b0Grau) Necess\u00e1rio possuir experi\u00eancia em Transportadora, Faturamento e emiss\u00e3o de Nfs Atividades: Lidar com [&#8230;]<\/p>\n","protected":false},"author":2,"featured_media":0,"comment_status":"closed","ping_status":"closed","sticky":false,"template":"","format":"standard","meta":{"footnotes":""},"categories":[4,123],"tags":[],"class_list":["post-33133","post","type-post","status-publish","format-standard","hentry","category-administrativa","category-ensino-medio-completo"],"yoast_head":"<!-- This site is optimized with the Yoast SEO plugin v27.5 - https:\/\/yoast.com\/product\/yoast-seo-wordpress\/ -->\n<title>Auxiliar Administrativo - Bras\u00edlia - DF - VagasDF<\/title>\n<meta name=\"robots\" content=\"index, follow, max-snippet:-1, max-image-preview:large, max-video-preview:-1\" \/>\n<link rel=\"canonical\" href=\"https:\/\/www.vagasdf.com.br\/index.php\/2023\/10\/16\/auxiliar-administrativo-brasilia-df-186\/\" \/>\n<meta property=\"og:locale\" content=\"pt_BR\" \/>\n<meta property=\"og:type\" content=\"article\" \/>\n<meta property=\"og:title\" content=\"Auxiliar Administrativo - Bras\u00edlia - DF - VagasDF\" \/>\n<meta property=\"og:description\" content=\"Descri\u00e7\u00e3o: Auxiliar Administrativo com experi\u00eancia em transportadora Requisitos: Ensino M\u00e9dio Completo (2\u00b0Grau) Necess\u00e1rio possuir experi\u00eancia em Transportadora, Faturamento e emiss\u00e3o de Nfs Atividades: Lidar com [...]\" \/>\n<meta property=\"og:url\" content=\"https:\/\/www.vagasdf.com.br\/index.php\/2023\/10\/16\/auxiliar-administrativo-brasilia-df-186\/\" \/>\n<meta property=\"og:site_name\" content=\"VagasDF\" \/>\n<meta property=\"article:published_time\" content=\"2023-10-16T13:00:15+00:00\" \/>\n<meta name=\"author\" content=\"Vagas Emprego DF\" \/>\n<meta name=\"twitter:card\" content=\"summary_large_image\" \/>\n<meta name=\"twitter:label1\" content=\"Escrito por\" \/>\n\t<meta name=\"twitter:data1\" content=\"Vagas Emprego DF\" \/>\n\t<meta name=\"twitter:label2\" content=\"Est. tempo de leitura\" \/>\n\t<meta name=\"twitter:data2\" content=\"1 minuto\" \/>\n<!-- \/ Yoast SEO plugin. -->","yoast_head_json":{"title":"Auxiliar Administrativo - Bras\u00edlia - DF - VagasDF","robots":{"index":"index","follow":"follow","max-snippet":"max-snippet:-1","max-image-preview":"max-image-preview:large","max-video-preview":"max-video-preview:-1"},"canonical":"https:\/\/www.vagasdf.com.br\/index.php\/2023\/10\/16\/auxiliar-administrativo-brasilia-df-186\/","og_locale":"pt_BR","og_type":"article","og_title":"Auxiliar Administrativo - Bras\u00edlia - DF - VagasDF","og_description":"Descri\u00e7\u00e3o: Auxiliar Administrativo com experi\u00eancia em transportadora Requisitos: Ensino M\u00e9dio Completo (2\u00b0Grau) Necess\u00e1rio possuir experi\u00eancia em Transportadora, Faturamento e emiss\u00e3o de Nfs Atividades: Lidar com [...]","og_url":"https:\/\/www.vagasdf.com.br\/index.php\/2023\/10\/16\/auxiliar-administrativo-brasilia-df-186\/","og_site_name":"VagasDF","article_published_time":"2023-10-16T13:00:15+00:00","author":"Vagas Emprego DF","twitter_card":"summary_large_image","twitter_misc":{"Escrito por":"Vagas Emprego DF","Est. tempo de leitura":"1 minuto"},"schema":{"@context":"https:\/\/schema.org","@graph":[{"@type":"Article","@id":"https:\/\/www.vagasdf.com.br\/index.php\/2023\/10\/16\/auxiliar-administrativo-brasilia-df-186\/#article","isPartOf":{"@id":"https:\/\/www.vagasdf.com.br\/index.php\/2023\/10\/16\/auxiliar-administrativo-brasilia-df-186\/"},"author":{"name":"Vagas Emprego DF","@id":"https:\/\/www.vagasdf.com.br\/#\/schema\/person\/9384a559252cca63e85a3316d81df8a9"},"headline":"Auxiliar Administrativo &#8211; Bras\u00edlia &#8211; DF","datePublished":"2023-10-16T13:00:15+00:00","mainEntityOfPage":{"@id":"https:\/\/www.vagasdf.com.br\/index.php\/2023\/10\/16\/auxiliar-administrativo-brasilia-df-186\/"},"wordCount":130,"publisher":{"@id":"https:\/\/www.vagasdf.com.br\/#organization"},"articleSection":["administra\u00e7\u00e3o geral","ensino m\u00e9dio"],"inLanguage":"pt-BR"},{"@type":"WebPage","@id":"https:\/\/www.vagasdf.com.br\/index.php\/2023\/10\/16\/auxiliar-administrativo-brasilia-df-186\/","url":"https:\/\/www.vagasdf.com.br\/index.php\/2023\/10\/16\/auxiliar-administrativo-brasilia-df-186\/","name":"Auxiliar Administrativo - Bras\u00edlia - DF - VagasDF","isPartOf":{"@id":"https:\/\/www.vagasdf.com.br\/#website"},"datePublished":"2023-10-16T13:00:15+00:00","breadcrumb":{"@id":"https:\/\/www.vagasdf.com.br\/index.php\/2023\/10\/16\/auxiliar-administrativo-brasilia-df-186\/#breadcrumb"},"inLanguage":"pt-BR","potentialAction":[{"@type":"ReadAction","target":["https:\/\/www.vagasdf.com.br\/index.php\/2023\/10\/16\/auxiliar-administrativo-brasilia-df-186\/"]}]},{"@type":"BreadcrumbList","@id":"https:\/\/www.vagasdf.com.br\/index.php\/2023\/10\/16\/auxiliar-administrativo-brasilia-df-186\/#breadcrumb","itemListElement":[{"@type":"ListItem","position":1,"name":"Home","item":"https:\/\/www.vagasdf.com.br\/"},{"@type":"ListItem","position":2,"name":"Auxiliar Administrativo &#8211; Bras\u00edlia &#8211; DF"}]},{"@type":"WebSite","@id":"https:\/\/www.vagasdf.com.br\/#website","url":"https:\/\/www.vagasdf.com.br\/","name":"VagasDF","description":"Vagas de Emprego e Est\u00e1gio no DF","publisher":{"@id":"https:\/\/www.vagasdf.com.br\/#organization"},"potentialAction":[{"@type":"SearchAction","target":{"@type":"EntryPoint","urlTemplate":"https:\/\/www.vagasdf.com.br\/?s={search_term_string}"},"query-input":{"@type":"PropertyValueSpecification","valueRequired":true,"valueName":"search_term_string"}}],"inLanguage":"pt-BR"},{"@type":"Organization","@id":"https:\/\/www.vagasdf.com.br\/#organization","name":"VagasDF","url":"https:\/\/www.vagasdf.com.br\/","logo":{"@type":"ImageObject","inLanguage":"pt-BR","@id":"https:\/\/www.vagasdf.com.br\/#\/schema\/logo\/image\/","url":"https:\/\/www.vagasdf.com.br\/wp-content\/uploads\/2025\/06\/cropped-vdf-logo-2021.jpg","contentUrl":"https:\/\/www.vagasdf.com.br\/wp-content\/uploads\/2025\/06\/cropped-vdf-logo-2021.jpg","width":350,"height":100,"caption":"VagasDF"},"image":{"@id":"https:\/\/www.vagasdf.com.br\/#\/schema\/logo\/image\/"}},{"@type":"Person","@id":"https:\/\/www.vagasdf.com.br\/#\/schema\/person\/9384a559252cca63e85a3316d81df8a9","name":"Vagas Emprego DF","image":{"@type":"ImageObject","inLanguage":"pt-BR","@id":"https:\/\/secure.gravatar.com\/avatar\/e198f9393383244894b06db503be8cb43011f384a429c7a9f84f3f61c138a35e?s=96&d=mm&r=g","url":"https:\/\/secure.gravatar.com\/avatar\/e198f9393383244894b06db503be8cb43011f384a429c7a9f84f3f61c138a35e?s=96&d=mm&r=g","contentUrl":"https:\/\/secure.gravatar.com\/avatar\/e198f9393383244894b06db503be8cb43011f384a429c7a9f84f3f61c138a35e?s=96&d=mm&r=g","caption":"Vagas Emprego DF"},"url":"https:\/\/www.vagasdf.com.br\/index.php\/author\/vagasemprego\/"}]}},"_links":{"self":[{"href":"https:\/\/www.vagasdf.com.br\/index.php\/wp-json\/wp\/v2\/posts\/33133","targetHints":{"allow":["GET"]}}],"collection":[{"href":"https:\/\/www.vagasdf.com.br\/index.php\/wp-json\/wp\/v2\/posts"}],"about":[{"href":"https:\/\/www.vagasdf.com.br\/index.php\/wp-json\/wp\/v2\/types\/post"}],"author":[{"embeddable":true,"href":"https:\/\/www.vagasdf.com.br\/index.php\/wp-json\/wp\/v2\/users\/2"}],"replies":[{"embeddable":true,"href":"https:\/\/www.vagasdf.com.br\/index.php\/wp-json\/wp\/v2\/comments?post=33133"}],"version-history":[{"count":0,"href":"https:\/\/www.vagasdf.com.br\/index.php\/wp-json\/wp\/v2\/posts\/33133\/revisions"}],"wp:attachment":[{"href":"https:\/\/www.vagasdf.com.br\/index.php\/wp-json\/wp\/v2\/media?parent=33133"}],"wp:term":[{"taxonomy":"category","embeddable":true,"href":"https:\/\/www.vagasdf.com.br\/index.php\/wp-json\/wp\/v2\/categories?post=33133"},{"taxonomy":"post_tag","embeddable":true,"href":"https:\/\/www.vagasdf.com.br\/index.php\/wp-json\/wp\/v2\/tags?post=33133"}],"curies":[{"name":"wp","href":"https:\/\/api.w.org\/{rel}","templated":true}]}}