{"id":33139,"date":"2023-10-16T14:00:42","date_gmt":"2023-10-16T17:00:42","guid":{"rendered":"https:\/\/www.vagasdf.com.br\/?p=33139"},"modified":"2023-10-16T14:00:42","modified_gmt":"2023-10-16T17:00:42","slug":"analista-de-dp-brasilia-df","status":"publish","type":"post","link":"https:\/\/www.vagasdf.com.br\/index.php\/2023\/10\/16\/analista-de-dp-brasilia-df\/","title":{"rendered":"Analista de DP &#8211;  Bras\u00edlia &#8211; DF"},"content":{"rendered":"<p style=\"text-align: justify;\">Requisitos:<\/p>\n<ul style=\"text-align: justify;\">\n<li>Ensino Superior em Administra\u00e7\u00e3o, Ci\u00eancias Cont\u00e1beis, Gest\u00e3o de RH ou \u00e1reas afins;<\/li>\n<li>Necess\u00e1rio possuir experi\u00eancia com sistema Dom\u00ednio ou Prosoft;<\/li>\n<li>Desej\u00e1vel ter conhecimento e dom\u00ednio na rotina completa de Departamento Pessoal;<\/li>\n<li>Conhecimento da Legisla\u00e7\u00e3o Trabalhista e Previdenci\u00e1ria; Pacote Office intermedi\u00e1rio (preferencialmente Excel);<\/li>\n<li>Desej\u00e1vel ter habilidade com c\u00e1lculos matem\u00e1ticos e an\u00e1lise de dados;<\/li>\n<li>Disponibilidade para trabalhar no Jardim Bot\u00e2nico &#8211; Lago Sul;<\/li>\n<li>CNH;<\/li>\n<\/ul>\n<p style=\"text-align: justify;\">Atividades:<\/p>\n<ul style=\"text-align: justify;\">\n<li>Para atuar nos processos de admiss\u00f5es e demiss\u00f5es; controles de documenta\u00e7\u00f5es; Executar o processo de elabora\u00e7\u00e3o da folha de pagamento; f\u00e9rias; controle de afastamentos, pr\u00f3-labore, encargos sociais (FGTS, INSS e IR). Elabora\u00e7\u00e3o e an\u00e1lise das obriga\u00e7\u00f5es trabalhistas e fiscais (SEFIP, RAIS, DIRF e informe de rendimentos etc.) Controle de ponto eletr\u00f4nico; An\u00e1lise de acordos e conven\u00e7\u00f5es coletivas de trabalho; Gerenciamento dos benef\u00edcios ofertados pela empresa; Relacionamento e acompanhamento das informa\u00e7\u00f5es enviadas para o escrit\u00f3rio de Contabilidade; Contatar colaboradores para acolhimento e esclarecimento de d\u00favidas; Manter as informa\u00e7\u00f5es funcionais atualizadas; Manter-se atualizado em rela\u00e7\u00e3o \u00e0 legisla\u00e7\u00e3o trabalhista; Acompanhar as demandas de SST em conjunto com o t\u00e9cnico\/engenheiro de seguran\u00e7a do trabalho; Indispens\u00e1vel conhecimento do E-Social e transmiss\u00e3o dos eventos de SST;<\/li>\n<\/ul>\n<p style=\"text-align: justify;\">Jornada de trabalho:<\/p>\n<ul style=\"text-align: justify;\">\n<li>Segunda a Sexta Feira das 08:15 \u00e0s 18:15<\/li>\n<\/ul>\n<p style=\"text-align: justify;\">Remunera\u00e7\u00e3o:<\/p>\n<ul style=\"text-align: justify;\">\n<li>Com pretens\u00e3o salarial.<\/li>\n<\/ul>\n<p style=\"text-align: justify;\">Benef\u00edcios:<\/p>\n<ul style=\"text-align: justify;\">\n<li>Cart\u00e3o Alimenta\u00e7\u00e3o (R$ 20,00\/dia), Seguro de Vida, Plano de Sa\u00fade e Plano Odontol\u00f3gico (Ap\u00f3s tr\u00eas meses), Apoio PASS, Conv\u00eanio Sesc<\/li>\n<\/ul>\n<p style=\"text-align: justify;\">Data m\u00e1xima para envio de curr\u00edculos: 18\/10\/2023<\/p>\n<p style=\"text-align: justify;\">Enviar curr\u00edculo informando no assunto do e-mail a vaga de interesse para <a href=\"mailto:recrutamento@grupocoqueiro.com.br\">recrutamento@grupocoqueiro.com.br<\/a><\/p>\n","protected":false},"excerpt":{"rendered":"<p>Requisitos: Ensino Superior em Administra\u00e7\u00e3o, Ci\u00eancias Cont\u00e1beis, Gest\u00e3o de RH ou \u00e1reas afins; Necess\u00e1rio possuir experi\u00eancia com sistema Dom\u00ednio ou Prosoft; Desej\u00e1vel ter conhecimento e [&#8230;]<\/p>\n","protected":false},"author":2,"featured_media":0,"comment_status":"closed","ping_status":"closed","sticky":false,"template":"","format":"standard","meta":{"footnotes":""},"categories":[4,27,125,96],"tags":[],"class_list":["post-33139","post","type-post","status-publish","format-standard","hentry","category-administrativa","category-contabil-financeiro","category-ensino-superior-completo","category-rh-dp"],"yoast_head":"<!-- This site is optimized with the Yoast SEO plugin v27.5 - https:\/\/yoast.com\/product\/yoast-seo-wordpress\/ -->\n<title>Analista de DP - Bras\u00edlia - DF - VagasDF<\/title>\n<meta name=\"robots\" content=\"index, follow, max-snippet:-1, max-image-preview:large, max-video-preview:-1\" \/>\n<link rel=\"canonical\" href=\"https:\/\/www.vagasdf.com.br\/index.php\/2023\/10\/16\/analista-de-dp-brasilia-df\/\" \/>\n<meta property=\"og:locale\" content=\"pt_BR\" \/>\n<meta property=\"og:type\" content=\"article\" \/>\n<meta property=\"og:title\" content=\"Analista de DP - Bras\u00edlia - DF - VagasDF\" \/>\n<meta property=\"og:description\" content=\"Requisitos: Ensino Superior em Administra\u00e7\u00e3o, Ci\u00eancias Cont\u00e1beis, Gest\u00e3o de RH ou \u00e1reas afins; Necess\u00e1rio possuir experi\u00eancia com sistema Dom\u00ednio ou Prosoft; Desej\u00e1vel ter conhecimento e [...]\" \/>\n<meta property=\"og:url\" content=\"https:\/\/www.vagasdf.com.br\/index.php\/2023\/10\/16\/analista-de-dp-brasilia-df\/\" \/>\n<meta property=\"og:site_name\" content=\"VagasDF\" \/>\n<meta property=\"article:published_time\" content=\"2023-10-16T17:00:42+00:00\" \/>\n<meta name=\"author\" content=\"Vagas Emprego DF\" \/>\n<meta name=\"twitter:card\" content=\"summary_large_image\" \/>\n<meta name=\"twitter:label1\" content=\"Escrito por\" \/>\n\t<meta name=\"twitter:data1\" content=\"Vagas Emprego DF\" \/>\n\t<meta name=\"twitter:label2\" content=\"Est. tempo de leitura\" \/>\n\t<meta name=\"twitter:data2\" content=\"1 minuto\" \/>\n<!-- \/ Yoast SEO plugin. -->","yoast_head_json":{"title":"Analista de DP - Bras\u00edlia - DF - VagasDF","robots":{"index":"index","follow":"follow","max-snippet":"max-snippet:-1","max-image-preview":"max-image-preview:large","max-video-preview":"max-video-preview:-1"},"canonical":"https:\/\/www.vagasdf.com.br\/index.php\/2023\/10\/16\/analista-de-dp-brasilia-df\/","og_locale":"pt_BR","og_type":"article","og_title":"Analista de DP - Bras\u00edlia - DF - VagasDF","og_description":"Requisitos: Ensino Superior em Administra\u00e7\u00e3o, Ci\u00eancias Cont\u00e1beis, Gest\u00e3o de RH ou \u00e1reas afins; Necess\u00e1rio possuir experi\u00eancia com sistema Dom\u00ednio ou Prosoft; Desej\u00e1vel ter conhecimento e [...]","og_url":"https:\/\/www.vagasdf.com.br\/index.php\/2023\/10\/16\/analista-de-dp-brasilia-df\/","og_site_name":"VagasDF","article_published_time":"2023-10-16T17:00:42+00:00","author":"Vagas Emprego DF","twitter_card":"summary_large_image","twitter_misc":{"Escrito por":"Vagas Emprego DF","Est. tempo de leitura":"1 minuto"},"schema":{"@context":"https:\/\/schema.org","@graph":[{"@type":"Article","@id":"https:\/\/www.vagasdf.com.br\/index.php\/2023\/10\/16\/analista-de-dp-brasilia-df\/#article","isPartOf":{"@id":"https:\/\/www.vagasdf.com.br\/index.php\/2023\/10\/16\/analista-de-dp-brasilia-df\/"},"author":{"name":"Vagas Emprego DF","@id":"https:\/\/www.vagasdf.com.br\/#\/schema\/person\/9384a559252cca63e85a3316d81df8a9"},"headline":"Analista de DP &#8211; Bras\u00edlia &#8211; DF","datePublished":"2023-10-16T17:00:42+00:00","mainEntityOfPage":{"@id":"https:\/\/www.vagasdf.com.br\/index.php\/2023\/10\/16\/analista-de-dp-brasilia-df\/"},"wordCount":301,"publisher":{"@id":"https:\/\/www.vagasdf.com.br\/#organization"},"articleSection":["administra\u00e7\u00e3o geral","cont\u00e1bil \/ financeiro","ensino superior","RH \/ DP"],"inLanguage":"pt-BR"},{"@type":"WebPage","@id":"https:\/\/www.vagasdf.com.br\/index.php\/2023\/10\/16\/analista-de-dp-brasilia-df\/","url":"https:\/\/www.vagasdf.com.br\/index.php\/2023\/10\/16\/analista-de-dp-brasilia-df\/","name":"Analista de DP - Bras\u00edlia - DF - VagasDF","isPartOf":{"@id":"https:\/\/www.vagasdf.com.br\/#website"},"datePublished":"2023-10-16T17:00:42+00:00","breadcrumb":{"@id":"https:\/\/www.vagasdf.com.br\/index.php\/2023\/10\/16\/analista-de-dp-brasilia-df\/#breadcrumb"},"inLanguage":"pt-BR","potentialAction":[{"@type":"ReadAction","target":["https:\/\/www.vagasdf.com.br\/index.php\/2023\/10\/16\/analista-de-dp-brasilia-df\/"]}]},{"@type":"BreadcrumbList","@id":"https:\/\/www.vagasdf.com.br\/index.php\/2023\/10\/16\/analista-de-dp-brasilia-df\/#breadcrumb","itemListElement":[{"@type":"ListItem","position":1,"name":"Home","item":"https:\/\/www.vagasdf.com.br\/"},{"@type":"ListItem","position":2,"name":"Analista de DP &#8211; Bras\u00edlia &#8211; DF"}]},{"@type":"WebSite","@id":"https:\/\/www.vagasdf.com.br\/#website","url":"https:\/\/www.vagasdf.com.br\/","name":"VagasDF","description":"Vagas de Emprego e Est\u00e1gio no DF","publisher":{"@id":"https:\/\/www.vagasdf.com.br\/#organization"},"potentialAction":[{"@type":"SearchAction","target":{"@type":"EntryPoint","urlTemplate":"https:\/\/www.vagasdf.com.br\/?s={search_term_string}"},"query-input":{"@type":"PropertyValueSpecification","valueRequired":true,"valueName":"search_term_string"}}],"inLanguage":"pt-BR"},{"@type":"Organization","@id":"https:\/\/www.vagasdf.com.br\/#organization","name":"VagasDF","url":"https:\/\/www.vagasdf.com.br\/","logo":{"@type":"ImageObject","inLanguage":"pt-BR","@id":"https:\/\/www.vagasdf.com.br\/#\/schema\/logo\/image\/","url":"https:\/\/www.vagasdf.com.br\/wp-content\/uploads\/2025\/06\/cropped-vdf-logo-2021.jpg","contentUrl":"https:\/\/www.vagasdf.com.br\/wp-content\/uploads\/2025\/06\/cropped-vdf-logo-2021.jpg","width":350,"height":100,"caption":"VagasDF"},"image":{"@id":"https:\/\/www.vagasdf.com.br\/#\/schema\/logo\/image\/"}},{"@type":"Person","@id":"https:\/\/www.vagasdf.com.br\/#\/schema\/person\/9384a559252cca63e85a3316d81df8a9","name":"Vagas Emprego DF","image":{"@type":"ImageObject","inLanguage":"pt-BR","@id":"https:\/\/secure.gravatar.com\/avatar\/e198f9393383244894b06db503be8cb43011f384a429c7a9f84f3f61c138a35e?s=96&d=mm&r=g","url":"https:\/\/secure.gravatar.com\/avatar\/e198f9393383244894b06db503be8cb43011f384a429c7a9f84f3f61c138a35e?s=96&d=mm&r=g","contentUrl":"https:\/\/secure.gravatar.com\/avatar\/e198f9393383244894b06db503be8cb43011f384a429c7a9f84f3f61c138a35e?s=96&d=mm&r=g","caption":"Vagas Emprego DF"},"url":"https:\/\/www.vagasdf.com.br\/index.php\/author\/vagasemprego\/"}]}},"_links":{"self":[{"href":"https:\/\/www.vagasdf.com.br\/index.php\/wp-json\/wp\/v2\/posts\/33139","targetHints":{"allow":["GET"]}}],"collection":[{"href":"https:\/\/www.vagasdf.com.br\/index.php\/wp-json\/wp\/v2\/posts"}],"about":[{"href":"https:\/\/www.vagasdf.com.br\/index.php\/wp-json\/wp\/v2\/types\/post"}],"author":[{"embeddable":true,"href":"https:\/\/www.vagasdf.com.br\/index.php\/wp-json\/wp\/v2\/users\/2"}],"replies":[{"embeddable":true,"href":"https:\/\/www.vagasdf.com.br\/index.php\/wp-json\/wp\/v2\/comments?post=33139"}],"version-history":[{"count":0,"href":"https:\/\/www.vagasdf.com.br\/index.php\/wp-json\/wp\/v2\/posts\/33139\/revisions"}],"wp:attachment":[{"href":"https:\/\/www.vagasdf.com.br\/index.php\/wp-json\/wp\/v2\/media?parent=33139"}],"wp:term":[{"taxonomy":"category","embeddable":true,"href":"https:\/\/www.vagasdf.com.br\/index.php\/wp-json\/wp\/v2\/categories?post=33139"},{"taxonomy":"post_tag","embeddable":true,"href":"https:\/\/www.vagasdf.com.br\/index.php\/wp-json\/wp\/v2\/tags?post=33139"}],"curies":[{"name":"wp","href":"https:\/\/api.w.org\/{rel}","templated":true}]}}