{"id":33409,"date":"2023-11-06T10:00:07","date_gmt":"2023-11-06T13:00:07","guid":{"rendered":"https:\/\/www.vagasdf.com.br\/?p=33409"},"modified":"2023-11-06T10:00:07","modified_gmt":"2023-11-06T13:00:07","slug":"gerente-geral-taguatinga-df-2","status":"publish","type":"post","link":"https:\/\/www.vagasdf.com.br\/index.php\/2023\/11\/06\/gerente-geral-taguatinga-df-2\/","title":{"rendered":"Gerente Geral &#8211; Taguatinga &#8211; DF"},"content":{"rendered":"<p style=\"text-align: justify;\">Descri\u00e7\u00e3o:<\/p>\n<ul style=\"text-align: justify;\">\n<li>Seguimento da empresa: Sa\u00fade\/Cl\u00ednica M\u00e9dica<\/li>\n<\/ul>\n<p style=\"text-align: justify;\">Requisitos:<\/p>\n<ul style=\"text-align: justify;\">\n<li>Ensino Superior Completo<\/li>\n<li>Necess\u00e1rio possuir experi\u00eancia com lideran\u00e7a em \u00e1reas afins.<\/li>\n<\/ul>\n<p style=\"text-align: justify;\">Atividades:<\/p>\n<ul style=\"text-align: justify;\">\n<li>Controle e supervis\u00e3o de funcion\u00e1rios e suas atribui\u00e7\u00f5es; FeedBacks a lideran\u00e7a e funcion\u00e1rios; Elo entre a diretoria e m\u00e9dicos; Administrar agendas m\u00e9dicas; Fechamento de caixa e pagamento de contas; Acompanhar equipe de marketing; Folha de pagamento de funcion\u00e1rios; Pagamento m\u00e9dico; Compras de materiais e organiza\u00e7\u00e3o de estoque; Propor estrat\u00e9gias para desenvolvimento da empresa; Admiss\u00e3o e demiss\u00e3o de funcion\u00e1rios e m\u00e9dicos;<\/li>\n<li>Resolu\u00e7\u00e3o de conflitos; Demandas gerais da administra\u00e7\u00e3o;<\/li>\n<\/ul>\n<p style=\"text-align: justify;\">Jornada de trabalho:<\/p>\n<ul style=\"text-align: justify;\">\n<li>Hor\u00e1rio a Definir<\/li>\n<\/ul>\n<p style=\"text-align: justify;\">Remunera\u00e7\u00e3o:<\/p>\n<ul style=\"text-align: justify;\">\n<li>Sal\u00e1rio a combinar + V.A (22,00) + Produtividade + Cesta B\u00e1sica + V.T<\/li>\n<\/ul>\n<p style=\"text-align: justify;\">Data m\u00e1xima para envio de curr\u00edculos: 08\/11\/2023<\/p>\n<p style=\"text-align: justify;\">Enviar curr\u00edculo informando no assunto do e-mail a vaga de interesse para <a href=\"mailto:recrutaclinicadf@gmail.com\">recrutaclinicadf@gmail.com <\/a><\/p>\n","protected":false},"excerpt":{"rendered":"<p>Descri\u00e7\u00e3o: Seguimento da empresa: Sa\u00fade\/Cl\u00ednica M\u00e9dica Requisitos: Ensino Superior Completo Necess\u00e1rio possuir experi\u00eancia com lideran\u00e7a em \u00e1reas afins. Atividades: Controle e supervis\u00e3o de funcion\u00e1rios e [&#8230;]<\/p>\n","protected":false},"author":2,"featured_media":0,"comment_status":"closed","ping_status":"closed","sticky":false,"template":"","format":"standard","meta":{"footnotes":""},"categories":[4,125,97],"tags":[],"class_list":["post-33409","post","type-post","status-publish","format-standard","hentry","category-administrativa","category-ensino-superior-completo","category-saude"],"yoast_head":"<!-- This site is optimized with the Yoast SEO plugin v27.5 - https:\/\/yoast.com\/product\/yoast-seo-wordpress\/ -->\n<title>Gerente Geral - Taguatinga - DF - VagasDF<\/title>\n<meta name=\"robots\" content=\"index, follow, max-snippet:-1, max-image-preview:large, max-video-preview:-1\" \/>\n<link rel=\"canonical\" href=\"https:\/\/www.vagasdf.com.br\/index.php\/2023\/11\/06\/gerente-geral-taguatinga-df-2\/\" \/>\n<meta property=\"og:locale\" content=\"pt_BR\" \/>\n<meta property=\"og:type\" content=\"article\" \/>\n<meta property=\"og:title\" content=\"Gerente Geral - Taguatinga - DF - VagasDF\" \/>\n<meta property=\"og:description\" content=\"Descri\u00e7\u00e3o: Seguimento da empresa: Sa\u00fade\/Cl\u00ednica M\u00e9dica Requisitos: Ensino Superior Completo Necess\u00e1rio possuir experi\u00eancia com lideran\u00e7a em \u00e1reas afins. Atividades: Controle e supervis\u00e3o de funcion\u00e1rios e [...]\" \/>\n<meta property=\"og:url\" content=\"https:\/\/www.vagasdf.com.br\/index.php\/2023\/11\/06\/gerente-geral-taguatinga-df-2\/\" \/>\n<meta property=\"og:site_name\" content=\"VagasDF\" \/>\n<meta property=\"article:published_time\" content=\"2023-11-06T13:00:07+00:00\" \/>\n<meta name=\"author\" content=\"Vagas Emprego DF\" \/>\n<meta name=\"twitter:card\" content=\"summary_large_image\" \/>\n<meta name=\"twitter:label1\" content=\"Escrito por\" \/>\n\t<meta name=\"twitter:data1\" content=\"Vagas Emprego DF\" \/>\n\t<meta name=\"twitter:label2\" content=\"Est. tempo de leitura\" \/>\n\t<meta name=\"twitter:data2\" content=\"1 minuto\" \/>\n<!-- \/ Yoast SEO plugin. -->","yoast_head_json":{"title":"Gerente Geral - Taguatinga - DF - VagasDF","robots":{"index":"index","follow":"follow","max-snippet":"max-snippet:-1","max-image-preview":"max-image-preview:large","max-video-preview":"max-video-preview:-1"},"canonical":"https:\/\/www.vagasdf.com.br\/index.php\/2023\/11\/06\/gerente-geral-taguatinga-df-2\/","og_locale":"pt_BR","og_type":"article","og_title":"Gerente Geral - Taguatinga - DF - VagasDF","og_description":"Descri\u00e7\u00e3o: Seguimento da empresa: Sa\u00fade\/Cl\u00ednica M\u00e9dica Requisitos: Ensino Superior Completo Necess\u00e1rio possuir experi\u00eancia com lideran\u00e7a em \u00e1reas afins. Atividades: Controle e supervis\u00e3o de funcion\u00e1rios e [...]","og_url":"https:\/\/www.vagasdf.com.br\/index.php\/2023\/11\/06\/gerente-geral-taguatinga-df-2\/","og_site_name":"VagasDF","article_published_time":"2023-11-06T13:00:07+00:00","author":"Vagas Emprego DF","twitter_card":"summary_large_image","twitter_misc":{"Escrito por":"Vagas Emprego DF","Est. tempo de leitura":"1 minuto"},"schema":{"@context":"https:\/\/schema.org","@graph":[{"@type":"Article","@id":"https:\/\/www.vagasdf.com.br\/index.php\/2023\/11\/06\/gerente-geral-taguatinga-df-2\/#article","isPartOf":{"@id":"https:\/\/www.vagasdf.com.br\/index.php\/2023\/11\/06\/gerente-geral-taguatinga-df-2\/"},"author":{"name":"Vagas Emprego DF","@id":"https:\/\/www.vagasdf.com.br\/#\/schema\/person\/9384a559252cca63e85a3316d81df8a9"},"headline":"Gerente Geral &#8211; Taguatinga &#8211; DF","datePublished":"2023-11-06T13:00:07+00:00","mainEntityOfPage":{"@id":"https:\/\/www.vagasdf.com.br\/index.php\/2023\/11\/06\/gerente-geral-taguatinga-df-2\/"},"wordCount":162,"publisher":{"@id":"https:\/\/www.vagasdf.com.br\/#organization"},"articleSection":["administra\u00e7\u00e3o geral","ensino superior","sa\u00fade"],"inLanguage":"pt-BR"},{"@type":"WebPage","@id":"https:\/\/www.vagasdf.com.br\/index.php\/2023\/11\/06\/gerente-geral-taguatinga-df-2\/","url":"https:\/\/www.vagasdf.com.br\/index.php\/2023\/11\/06\/gerente-geral-taguatinga-df-2\/","name":"Gerente Geral - Taguatinga - DF - VagasDF","isPartOf":{"@id":"https:\/\/www.vagasdf.com.br\/#website"},"datePublished":"2023-11-06T13:00:07+00:00","breadcrumb":{"@id":"https:\/\/www.vagasdf.com.br\/index.php\/2023\/11\/06\/gerente-geral-taguatinga-df-2\/#breadcrumb"},"inLanguage":"pt-BR","potentialAction":[{"@type":"ReadAction","target":["https:\/\/www.vagasdf.com.br\/index.php\/2023\/11\/06\/gerente-geral-taguatinga-df-2\/"]}]},{"@type":"BreadcrumbList","@id":"https:\/\/www.vagasdf.com.br\/index.php\/2023\/11\/06\/gerente-geral-taguatinga-df-2\/#breadcrumb","itemListElement":[{"@type":"ListItem","position":1,"name":"Home","item":"https:\/\/www.vagasdf.com.br\/"},{"@type":"ListItem","position":2,"name":"Gerente Geral &#8211; Taguatinga &#8211; DF"}]},{"@type":"WebSite","@id":"https:\/\/www.vagasdf.com.br\/#website","url":"https:\/\/www.vagasdf.com.br\/","name":"VagasDF","description":"Vagas de Emprego e Est\u00e1gio no DF","publisher":{"@id":"https:\/\/www.vagasdf.com.br\/#organization"},"potentialAction":[{"@type":"SearchAction","target":{"@type":"EntryPoint","urlTemplate":"https:\/\/www.vagasdf.com.br\/?s={search_term_string}"},"query-input":{"@type":"PropertyValueSpecification","valueRequired":true,"valueName":"search_term_string"}}],"inLanguage":"pt-BR"},{"@type":"Organization","@id":"https:\/\/www.vagasdf.com.br\/#organization","name":"VagasDF","url":"https:\/\/www.vagasdf.com.br\/","logo":{"@type":"ImageObject","inLanguage":"pt-BR","@id":"https:\/\/www.vagasdf.com.br\/#\/schema\/logo\/image\/","url":"https:\/\/www.vagasdf.com.br\/wp-content\/uploads\/2025\/06\/cropped-vdf-logo-2021.jpg","contentUrl":"https:\/\/www.vagasdf.com.br\/wp-content\/uploads\/2025\/06\/cropped-vdf-logo-2021.jpg","width":350,"height":100,"caption":"VagasDF"},"image":{"@id":"https:\/\/www.vagasdf.com.br\/#\/schema\/logo\/image\/"}},{"@type":"Person","@id":"https:\/\/www.vagasdf.com.br\/#\/schema\/person\/9384a559252cca63e85a3316d81df8a9","name":"Vagas Emprego DF","image":{"@type":"ImageObject","inLanguage":"pt-BR","@id":"https:\/\/secure.gravatar.com\/avatar\/e198f9393383244894b06db503be8cb43011f384a429c7a9f84f3f61c138a35e?s=96&d=mm&r=g","url":"https:\/\/secure.gravatar.com\/avatar\/e198f9393383244894b06db503be8cb43011f384a429c7a9f84f3f61c138a35e?s=96&d=mm&r=g","contentUrl":"https:\/\/secure.gravatar.com\/avatar\/e198f9393383244894b06db503be8cb43011f384a429c7a9f84f3f61c138a35e?s=96&d=mm&r=g","caption":"Vagas Emprego DF"},"url":"https:\/\/www.vagasdf.com.br\/index.php\/author\/vagasemprego\/"}]}},"_links":{"self":[{"href":"https:\/\/www.vagasdf.com.br\/index.php\/wp-json\/wp\/v2\/posts\/33409","targetHints":{"allow":["GET"]}}],"collection":[{"href":"https:\/\/www.vagasdf.com.br\/index.php\/wp-json\/wp\/v2\/posts"}],"about":[{"href":"https:\/\/www.vagasdf.com.br\/index.php\/wp-json\/wp\/v2\/types\/post"}],"author":[{"embeddable":true,"href":"https:\/\/www.vagasdf.com.br\/index.php\/wp-json\/wp\/v2\/users\/2"}],"replies":[{"embeddable":true,"href":"https:\/\/www.vagasdf.com.br\/index.php\/wp-json\/wp\/v2\/comments?post=33409"}],"version-history":[{"count":0,"href":"https:\/\/www.vagasdf.com.br\/index.php\/wp-json\/wp\/v2\/posts\/33409\/revisions"}],"wp:attachment":[{"href":"https:\/\/www.vagasdf.com.br\/index.php\/wp-json\/wp\/v2\/media?parent=33409"}],"wp:term":[{"taxonomy":"category","embeddable":true,"href":"https:\/\/www.vagasdf.com.br\/index.php\/wp-json\/wp\/v2\/categories?post=33409"},{"taxonomy":"post_tag","embeddable":true,"href":"https:\/\/www.vagasdf.com.br\/index.php\/wp-json\/wp\/v2\/tags?post=33409"}],"curies":[{"name":"wp","href":"https:\/\/api.w.org\/{rel}","templated":true}]}}