{"id":33419,"date":"2023-11-06T16:00:14","date_gmt":"2023-11-06T19:00:14","guid":{"rendered":"https:\/\/www.vagasdf.com.br\/?p=33419"},"modified":"2023-11-06T16:00:14","modified_gmt":"2023-11-06T19:00:14","slug":"analista-fiscal-asa-sul-brasilia-df","status":"publish","type":"post","link":"https:\/\/www.vagasdf.com.br\/index.php\/2023\/11\/06\/analista-fiscal-asa-sul-brasilia-df\/","title":{"rendered":"Analista Fiscal &#8211; Asa Sul\/Bras\u00edlia &#8211; DF"},"content":{"rendered":"<p style=\"text-align: justify;\">Descri\u00e7\u00e3o:<\/p>\n<ul style=\"text-align: justify;\">\n<li>Segmento da empresa de Contabilidade<\/li>\n<\/ul>\n<p style=\"text-align: justify;\">Requisitos:<\/p>\n<ul style=\"text-align: justify;\">\n<li>Necess\u00e1rio possuir Experi\u00eancia com sistema Dom\u00ednio, ter CRC ou forma\u00e7\u00e3o em escrit\u00f3rio cont\u00e1bil ser\u00e1 um diferencial.<\/li>\n<li>Ter experi\u00eancia com apura\u00e7\u00e3o fiscal de servi\u00e7os e com\u00e9rcio e experi\u00eancia m\u00ednima de 6 MESES na \u00e1rea.<\/li>\n<li>Desej\u00e1vel ter conhecimento no sistema Dom\u00ednio ser\u00e1 diferencial, dom\u00ednio em rotinas de Departamento Fiscal, Escritura\u00e7\u00e3o Fiscal, Apura\u00e7\u00e3o de Impostos, Obriga\u00e7\u00f5es acess\u00f3rias DCTF, EFD, LFE, DMED, DIPF, DIRF, PERDCOMP, ICMS, ST, Difal, D. A, EFD Contribui\u00e7\u00f5es, Sped Fiscal, Experi\u00eancia em Simples Nacional, Lucro Presumido e Lucro Real, reten\u00e7\u00f5es de impostos,<\/li>\n<\/ul>\n<p style=\"text-align: justify;\">Jornada de trabalho:<\/p>\n<ul style=\"text-align: justify;\">\n<li>Hor\u00e1rio a Definir<\/li>\n<\/ul>\n<p style=\"text-align: justify;\">Sal\u00e1rio:<\/p>\n<ul style=\"text-align: justify;\">\n<li>Enviar pretens\u00e3o salarial<\/li>\n<\/ul>\n<p style=\"text-align: justify;\">Benef\u00edcios:<\/p>\n<ul style=\"text-align: justify;\">\n<li>Vale Transporte (VT), Vale Alimenta\u00e7\u00e3o, programa de carreira, gratifica\u00e7\u00e3o gradativa conforme produtividade.<\/li>\n<\/ul>\n<p style=\"text-align: justify;\">Data m\u00e1xima para envio de curr\u00edculos: 15\/11\/2023<\/p>\n<p style=\"text-align: justify;\">Enviar curr\u00edculo com pretens\u00e3o salarial\u00a0informando no assunto do e-mail a vaga de interesse para <a href=\"mailto:selecaovagas96@gmail.com\">selecaovagas96@gmail.com <\/a><\/p>\n","protected":false},"excerpt":{"rendered":"<p>Descri\u00e7\u00e3o: Segmento da empresa de Contabilidade Requisitos: Necess\u00e1rio possuir Experi\u00eancia com sistema Dom\u00ednio, ter CRC ou forma\u00e7\u00e3o em escrit\u00f3rio cont\u00e1bil ser\u00e1 um diferencial. Ter experi\u00eancia [&#8230;]<\/p>\n","protected":false},"author":2,"featured_media":0,"comment_status":"closed","ping_status":"closed","sticky":false,"template":"","format":"standard","meta":{"footnotes":""},"categories":[27],"tags":[],"class_list":["post-33419","post","type-post","status-publish","format-standard","hentry","category-contabil-financeiro"],"yoast_head":"<!-- This site is optimized with the Yoast SEO plugin v27.5 - https:\/\/yoast.com\/product\/yoast-seo-wordpress\/ -->\n<title>Analista Fiscal - Asa Sul\/Bras\u00edlia - DF - VagasDF<\/title>\n<meta name=\"robots\" content=\"index, follow, max-snippet:-1, max-image-preview:large, max-video-preview:-1\" \/>\n<link rel=\"canonical\" href=\"https:\/\/www.vagasdf.com.br\/index.php\/2023\/11\/06\/analista-fiscal-asa-sul-brasilia-df\/\" \/>\n<meta property=\"og:locale\" content=\"pt_BR\" \/>\n<meta property=\"og:type\" content=\"article\" \/>\n<meta property=\"og:title\" content=\"Analista Fiscal - Asa Sul\/Bras\u00edlia - DF - VagasDF\" \/>\n<meta property=\"og:description\" content=\"Descri\u00e7\u00e3o: Segmento da empresa de Contabilidade Requisitos: Necess\u00e1rio possuir Experi\u00eancia com sistema Dom\u00ednio, ter CRC ou forma\u00e7\u00e3o em escrit\u00f3rio cont\u00e1bil ser\u00e1 um diferencial. Ter experi\u00eancia [...]\" \/>\n<meta property=\"og:url\" content=\"https:\/\/www.vagasdf.com.br\/index.php\/2023\/11\/06\/analista-fiscal-asa-sul-brasilia-df\/\" \/>\n<meta property=\"og:site_name\" content=\"VagasDF\" \/>\n<meta property=\"article:published_time\" content=\"2023-11-06T19:00:14+00:00\" \/>\n<meta name=\"author\" content=\"Vagas Emprego DF\" \/>\n<meta name=\"twitter:card\" content=\"summary_large_image\" \/>\n<meta name=\"twitter:label1\" content=\"Escrito por\" \/>\n\t<meta name=\"twitter:data1\" content=\"Vagas Emprego DF\" \/>\n\t<meta name=\"twitter:label2\" content=\"Est. tempo de leitura\" \/>\n\t<meta name=\"twitter:data2\" content=\"1 minuto\" \/>\n<!-- \/ Yoast SEO plugin. -->","yoast_head_json":{"title":"Analista Fiscal - Asa Sul\/Bras\u00edlia - DF - VagasDF","robots":{"index":"index","follow":"follow","max-snippet":"max-snippet:-1","max-image-preview":"max-image-preview:large","max-video-preview":"max-video-preview:-1"},"canonical":"https:\/\/www.vagasdf.com.br\/index.php\/2023\/11\/06\/analista-fiscal-asa-sul-brasilia-df\/","og_locale":"pt_BR","og_type":"article","og_title":"Analista Fiscal - Asa Sul\/Bras\u00edlia - DF - VagasDF","og_description":"Descri\u00e7\u00e3o: Segmento da empresa de Contabilidade Requisitos: Necess\u00e1rio possuir Experi\u00eancia com sistema Dom\u00ednio, ter CRC ou forma\u00e7\u00e3o em escrit\u00f3rio cont\u00e1bil ser\u00e1 um diferencial. Ter experi\u00eancia [...]","og_url":"https:\/\/www.vagasdf.com.br\/index.php\/2023\/11\/06\/analista-fiscal-asa-sul-brasilia-df\/","og_site_name":"VagasDF","article_published_time":"2023-11-06T19:00:14+00:00","author":"Vagas Emprego DF","twitter_card":"summary_large_image","twitter_misc":{"Escrito por":"Vagas Emprego DF","Est. tempo de leitura":"1 minuto"},"schema":{"@context":"https:\/\/schema.org","@graph":[{"@type":"Article","@id":"https:\/\/www.vagasdf.com.br\/index.php\/2023\/11\/06\/analista-fiscal-asa-sul-brasilia-df\/#article","isPartOf":{"@id":"https:\/\/www.vagasdf.com.br\/index.php\/2023\/11\/06\/analista-fiscal-asa-sul-brasilia-df\/"},"author":{"name":"Vagas Emprego DF","@id":"https:\/\/www.vagasdf.com.br\/#\/schema\/person\/9384a559252cca63e85a3316d81df8a9"},"headline":"Analista Fiscal &#8211; Asa Sul\/Bras\u00edlia &#8211; DF","datePublished":"2023-11-06T19:00:14+00:00","mainEntityOfPage":{"@id":"https:\/\/www.vagasdf.com.br\/index.php\/2023\/11\/06\/analista-fiscal-asa-sul-brasilia-df\/"},"wordCount":177,"publisher":{"@id":"https:\/\/www.vagasdf.com.br\/#organization"},"articleSection":["cont\u00e1bil \/ financeiro"],"inLanguage":"pt-BR"},{"@type":"WebPage","@id":"https:\/\/www.vagasdf.com.br\/index.php\/2023\/11\/06\/analista-fiscal-asa-sul-brasilia-df\/","url":"https:\/\/www.vagasdf.com.br\/index.php\/2023\/11\/06\/analista-fiscal-asa-sul-brasilia-df\/","name":"Analista Fiscal - Asa Sul\/Bras\u00edlia - DF - VagasDF","isPartOf":{"@id":"https:\/\/www.vagasdf.com.br\/#website"},"datePublished":"2023-11-06T19:00:14+00:00","breadcrumb":{"@id":"https:\/\/www.vagasdf.com.br\/index.php\/2023\/11\/06\/analista-fiscal-asa-sul-brasilia-df\/#breadcrumb"},"inLanguage":"pt-BR","potentialAction":[{"@type":"ReadAction","target":["https:\/\/www.vagasdf.com.br\/index.php\/2023\/11\/06\/analista-fiscal-asa-sul-brasilia-df\/"]}]},{"@type":"BreadcrumbList","@id":"https:\/\/www.vagasdf.com.br\/index.php\/2023\/11\/06\/analista-fiscal-asa-sul-brasilia-df\/#breadcrumb","itemListElement":[{"@type":"ListItem","position":1,"name":"Home","item":"https:\/\/www.vagasdf.com.br\/"},{"@type":"ListItem","position":2,"name":"Analista Fiscal &#8211; Asa Sul\/Bras\u00edlia &#8211; DF"}]},{"@type":"WebSite","@id":"https:\/\/www.vagasdf.com.br\/#website","url":"https:\/\/www.vagasdf.com.br\/","name":"VagasDF","description":"Vagas de Emprego e Est\u00e1gio no DF","publisher":{"@id":"https:\/\/www.vagasdf.com.br\/#organization"},"potentialAction":[{"@type":"SearchAction","target":{"@type":"EntryPoint","urlTemplate":"https:\/\/www.vagasdf.com.br\/?s={search_term_string}"},"query-input":{"@type":"PropertyValueSpecification","valueRequired":true,"valueName":"search_term_string"}}],"inLanguage":"pt-BR"},{"@type":"Organization","@id":"https:\/\/www.vagasdf.com.br\/#organization","name":"VagasDF","url":"https:\/\/www.vagasdf.com.br\/","logo":{"@type":"ImageObject","inLanguage":"pt-BR","@id":"https:\/\/www.vagasdf.com.br\/#\/schema\/logo\/image\/","url":"https:\/\/www.vagasdf.com.br\/wp-content\/uploads\/2025\/06\/cropped-vdf-logo-2021.jpg","contentUrl":"https:\/\/www.vagasdf.com.br\/wp-content\/uploads\/2025\/06\/cropped-vdf-logo-2021.jpg","width":350,"height":100,"caption":"VagasDF"},"image":{"@id":"https:\/\/www.vagasdf.com.br\/#\/schema\/logo\/image\/"}},{"@type":"Person","@id":"https:\/\/www.vagasdf.com.br\/#\/schema\/person\/9384a559252cca63e85a3316d81df8a9","name":"Vagas Emprego DF","image":{"@type":"ImageObject","inLanguage":"pt-BR","@id":"https:\/\/secure.gravatar.com\/avatar\/e198f9393383244894b06db503be8cb43011f384a429c7a9f84f3f61c138a35e?s=96&d=mm&r=g","url":"https:\/\/secure.gravatar.com\/avatar\/e198f9393383244894b06db503be8cb43011f384a429c7a9f84f3f61c138a35e?s=96&d=mm&r=g","contentUrl":"https:\/\/secure.gravatar.com\/avatar\/e198f9393383244894b06db503be8cb43011f384a429c7a9f84f3f61c138a35e?s=96&d=mm&r=g","caption":"Vagas Emprego DF"},"url":"https:\/\/www.vagasdf.com.br\/index.php\/author\/vagasemprego\/"}]}},"_links":{"self":[{"href":"https:\/\/www.vagasdf.com.br\/index.php\/wp-json\/wp\/v2\/posts\/33419","targetHints":{"allow":["GET"]}}],"collection":[{"href":"https:\/\/www.vagasdf.com.br\/index.php\/wp-json\/wp\/v2\/posts"}],"about":[{"href":"https:\/\/www.vagasdf.com.br\/index.php\/wp-json\/wp\/v2\/types\/post"}],"author":[{"embeddable":true,"href":"https:\/\/www.vagasdf.com.br\/index.php\/wp-json\/wp\/v2\/users\/2"}],"replies":[{"embeddable":true,"href":"https:\/\/www.vagasdf.com.br\/index.php\/wp-json\/wp\/v2\/comments?post=33419"}],"version-history":[{"count":0,"href":"https:\/\/www.vagasdf.com.br\/index.php\/wp-json\/wp\/v2\/posts\/33419\/revisions"}],"wp:attachment":[{"href":"https:\/\/www.vagasdf.com.br\/index.php\/wp-json\/wp\/v2\/media?parent=33419"}],"wp:term":[{"taxonomy":"category","embeddable":true,"href":"https:\/\/www.vagasdf.com.br\/index.php\/wp-json\/wp\/v2\/categories?post=33419"},{"taxonomy":"post_tag","embeddable":true,"href":"https:\/\/www.vagasdf.com.br\/index.php\/wp-json\/wp\/v2\/tags?post=33419"}],"curies":[{"name":"wp","href":"https:\/\/api.w.org\/{rel}","templated":true}]}}