{"id":33421,"date":"2023-11-06T17:00:11","date_gmt":"2023-11-06T20:00:11","guid":{"rendered":"https:\/\/www.vagasdf.com.br\/?p=33421"},"modified":"2023-11-06T17:00:11","modified_gmt":"2023-11-06T20:00:11","slug":"coordenador-de-marketing-pj-brasilia-df","status":"publish","type":"post","link":"https:\/\/www.vagasdf.com.br\/index.php\/2023\/11\/06\/coordenador-de-marketing-pj-brasilia-df\/","title":{"rendered":"Coordenador de  Marketing  (PJ) &#8211; Bras\u00edlia &#8211; DF"},"content":{"rendered":"<p style=\"text-align: justify;\">Requisitos:<\/p>\n<ul style=\"text-align: justify;\">\n<li>Ensino Superior em Marketing, Publicidade e Propaganda, Administra\u00e7\u00e3o ou \u00e1reas afins<\/li>\n<li>Necess\u00e1rio possuir experi\u00eancia com franquias<\/li>\n<li>Conhecimento em pacote adobe, ferramentas de capta\u00e7\u00e3o de Leads, em redes sociais<\/li>\n<li>Conhecimento em an\u00e1lise das m\u00e9tricas das redes sociais<\/li>\n<li>Atua\u00e7\u00e3o em cargos de lideran\u00e7a.<\/li>\n<\/ul>\n<p style=\"text-align: justify;\">Atividades:<\/p>\n<ul style=\"text-align: justify;\">\n<li>Ir\u00e1 participar da defini\u00e7\u00e3o de estrat\u00e9gias e pol\u00edticas, objetivando preservar e melhorar a imagem da marca, maximizando o lucro da franquia, atrav\u00e9s das a\u00e7\u00f5es de marketing; Definir objetivos espec\u00edficos e metas para as atividades de marketing, participando do planejamento que envolve campanhas voltadas \u00e0 promo\u00e7\u00e3o de produtos e servi\u00e7os; Elaborar e coordenar o planejamento anual, seu or\u00e7amento, projetos e servi\u00e7os, promovendo a\u00e7\u00f5es de marketing e vendas, visando estimular o consumo de produtos e\/ou servi\u00e7os oferecidos pela franquia; Divulgar a marca junto aos consumidores e aos \u00f3rg\u00e3os de m\u00eddia e comunica\u00e7\u00e3o, atrav\u00e9s de campanhas de publicidade e propaganda de produtos e\/ou servi\u00e7os; Manter constante di\u00e1logo com a Diretoria e demais setores, para entendimento das necessidades e alinhamento de demandas da comunica\u00e7\u00e3o interna; Respons\u00e1vel pela cria\u00e7\u00e3o de usu\u00e1rios nas plataformas de uso da empresa; Estabelecer KPIs para o setor, visando otimizar os processos e torn\u00e1-los p\u00fablicos aos pares; Sempre que necess\u00e1rio, realizar or\u00e7amento de servi\u00e7os contratados para valida\u00e7\u00e3o da Diretoria; Gerir a equipe de marketing, definindo a\u00e7\u00f5es e prazos, bem como sugerir pr\u00e1ticas para o desenvolvimento da mesma.<\/li>\n<\/ul>\n<p style=\"text-align: justify;\">Jornada de trabalho:<\/p>\n<ul style=\"text-align: justify;\">\n<li>Hor\u00e1rio a definir<\/li>\n<\/ul>\n<p style=\"text-align: justify;\">Remunera\u00e7\u00e3o:<\/p>\n<ul style=\"text-align: justify;\">\n<li>Sal\u00e1rio a combinar<\/li>\n<\/ul>\n<p style=\"text-align: justify;\">Data m\u00e1xima para envio de curr\u00edculos: 08\/11\/2023<\/p>\n<p style=\"text-align: justify;\">Enviar curr\u00edculo informando no assunto do e-mail a vaga de interesse para<a href=\"mailto:fnpcontrata@gmail.com\"> fnpcontrata@gmail.com<\/a><\/p>\n","protected":false},"excerpt":{"rendered":"<p>Requisitos: Ensino Superior em Marketing, Publicidade e Propaganda, Administra\u00e7\u00e3o ou \u00e1reas afins Necess\u00e1rio possuir experi\u00eancia com franquias Conhecimento em pacote adobe, ferramentas de capta\u00e7\u00e3o de [&#8230;]<\/p>\n","protected":false},"author":2,"featured_media":0,"comment_status":"closed","ping_status":"closed","sticky":false,"template":"","format":"standard","meta":{"footnotes":""},"categories":[4,24,125,73],"tags":[],"class_list":["post-33421","post","type-post","status-publish","format-standard","hentry","category-administrativa","category-comunicacao-social","category-ensino-superior-completo","category-marketing-publicidade-propaganda"],"yoast_head":"<!-- This site is optimized with the Yoast SEO plugin v27.5 - https:\/\/yoast.com\/product\/yoast-seo-wordpress\/ -->\n<title>Coordenador de Marketing (PJ) - Bras\u00edlia - DF - VagasDF<\/title>\n<meta name=\"robots\" content=\"index, follow, max-snippet:-1, max-image-preview:large, max-video-preview:-1\" \/>\n<link rel=\"canonical\" href=\"https:\/\/www.vagasdf.com.br\/index.php\/2023\/11\/06\/coordenador-de-marketing-pj-brasilia-df\/\" \/>\n<meta property=\"og:locale\" content=\"pt_BR\" \/>\n<meta property=\"og:type\" content=\"article\" \/>\n<meta property=\"og:title\" content=\"Coordenador de Marketing (PJ) - Bras\u00edlia - DF - VagasDF\" \/>\n<meta property=\"og:description\" content=\"Requisitos: Ensino Superior em Marketing, Publicidade e Propaganda, Administra\u00e7\u00e3o ou \u00e1reas afins Necess\u00e1rio possuir experi\u00eancia com franquias Conhecimento em pacote adobe, ferramentas de capta\u00e7\u00e3o de [...]\" \/>\n<meta property=\"og:url\" content=\"https:\/\/www.vagasdf.com.br\/index.php\/2023\/11\/06\/coordenador-de-marketing-pj-brasilia-df\/\" \/>\n<meta property=\"og:site_name\" content=\"VagasDF\" \/>\n<meta property=\"article:published_time\" content=\"2023-11-06T20:00:11+00:00\" \/>\n<meta name=\"author\" content=\"Vagas Emprego DF\" \/>\n<meta name=\"twitter:card\" content=\"summary_large_image\" \/>\n<meta name=\"twitter:label1\" content=\"Escrito por\" \/>\n\t<meta name=\"twitter:data1\" content=\"Vagas Emprego DF\" \/>\n\t<meta name=\"twitter:label2\" content=\"Est. tempo de leitura\" \/>\n\t<meta name=\"twitter:data2\" content=\"1 minuto\" \/>\n<!-- \/ Yoast SEO plugin. -->","yoast_head_json":{"title":"Coordenador de Marketing (PJ) - Bras\u00edlia - DF - VagasDF","robots":{"index":"index","follow":"follow","max-snippet":"max-snippet:-1","max-image-preview":"max-image-preview:large","max-video-preview":"max-video-preview:-1"},"canonical":"https:\/\/www.vagasdf.com.br\/index.php\/2023\/11\/06\/coordenador-de-marketing-pj-brasilia-df\/","og_locale":"pt_BR","og_type":"article","og_title":"Coordenador de Marketing (PJ) - Bras\u00edlia - DF - VagasDF","og_description":"Requisitos: Ensino Superior em Marketing, Publicidade e Propaganda, Administra\u00e7\u00e3o ou \u00e1reas afins Necess\u00e1rio possuir experi\u00eancia com franquias Conhecimento em pacote adobe, ferramentas de capta\u00e7\u00e3o de [...]","og_url":"https:\/\/www.vagasdf.com.br\/index.php\/2023\/11\/06\/coordenador-de-marketing-pj-brasilia-df\/","og_site_name":"VagasDF","article_published_time":"2023-11-06T20:00:11+00:00","author":"Vagas Emprego DF","twitter_card":"summary_large_image","twitter_misc":{"Escrito por":"Vagas Emprego DF","Est. tempo de leitura":"1 minuto"},"schema":{"@context":"https:\/\/schema.org","@graph":[{"@type":"Article","@id":"https:\/\/www.vagasdf.com.br\/index.php\/2023\/11\/06\/coordenador-de-marketing-pj-brasilia-df\/#article","isPartOf":{"@id":"https:\/\/www.vagasdf.com.br\/index.php\/2023\/11\/06\/coordenador-de-marketing-pj-brasilia-df\/"},"author":{"name":"Vagas Emprego DF","@id":"https:\/\/www.vagasdf.com.br\/#\/schema\/person\/9384a559252cca63e85a3316d81df8a9"},"headline":"Coordenador de Marketing (PJ) &#8211; Bras\u00edlia &#8211; DF","datePublished":"2023-11-06T20:00:11+00:00","mainEntityOfPage":{"@id":"https:\/\/www.vagasdf.com.br\/index.php\/2023\/11\/06\/coordenador-de-marketing-pj-brasilia-df\/"},"wordCount":304,"publisher":{"@id":"https:\/\/www.vagasdf.com.br\/#organization"},"articleSection":["administra\u00e7\u00e3o geral","comunica\u00e7\u00e3o social","ensino superior","marketing e merchandising"],"inLanguage":"pt-BR"},{"@type":"WebPage","@id":"https:\/\/www.vagasdf.com.br\/index.php\/2023\/11\/06\/coordenador-de-marketing-pj-brasilia-df\/","url":"https:\/\/www.vagasdf.com.br\/index.php\/2023\/11\/06\/coordenador-de-marketing-pj-brasilia-df\/","name":"Coordenador de Marketing (PJ) - Bras\u00edlia - DF - VagasDF","isPartOf":{"@id":"https:\/\/www.vagasdf.com.br\/#website"},"datePublished":"2023-11-06T20:00:11+00:00","breadcrumb":{"@id":"https:\/\/www.vagasdf.com.br\/index.php\/2023\/11\/06\/coordenador-de-marketing-pj-brasilia-df\/#breadcrumb"},"inLanguage":"pt-BR","potentialAction":[{"@type":"ReadAction","target":["https:\/\/www.vagasdf.com.br\/index.php\/2023\/11\/06\/coordenador-de-marketing-pj-brasilia-df\/"]}]},{"@type":"BreadcrumbList","@id":"https:\/\/www.vagasdf.com.br\/index.php\/2023\/11\/06\/coordenador-de-marketing-pj-brasilia-df\/#breadcrumb","itemListElement":[{"@type":"ListItem","position":1,"name":"Home","item":"https:\/\/www.vagasdf.com.br\/"},{"@type":"ListItem","position":2,"name":"Coordenador de Marketing (PJ) &#8211; Bras\u00edlia &#8211; DF"}]},{"@type":"WebSite","@id":"https:\/\/www.vagasdf.com.br\/#website","url":"https:\/\/www.vagasdf.com.br\/","name":"VagasDF","description":"Vagas de Emprego e Est\u00e1gio no DF","publisher":{"@id":"https:\/\/www.vagasdf.com.br\/#organization"},"potentialAction":[{"@type":"SearchAction","target":{"@type":"EntryPoint","urlTemplate":"https:\/\/www.vagasdf.com.br\/?s={search_term_string}"},"query-input":{"@type":"PropertyValueSpecification","valueRequired":true,"valueName":"search_term_string"}}],"inLanguage":"pt-BR"},{"@type":"Organization","@id":"https:\/\/www.vagasdf.com.br\/#organization","name":"VagasDF","url":"https:\/\/www.vagasdf.com.br\/","logo":{"@type":"ImageObject","inLanguage":"pt-BR","@id":"https:\/\/www.vagasdf.com.br\/#\/schema\/logo\/image\/","url":"https:\/\/www.vagasdf.com.br\/wp-content\/uploads\/2025\/06\/cropped-vdf-logo-2021.jpg","contentUrl":"https:\/\/www.vagasdf.com.br\/wp-content\/uploads\/2025\/06\/cropped-vdf-logo-2021.jpg","width":350,"height":100,"caption":"VagasDF"},"image":{"@id":"https:\/\/www.vagasdf.com.br\/#\/schema\/logo\/image\/"}},{"@type":"Person","@id":"https:\/\/www.vagasdf.com.br\/#\/schema\/person\/9384a559252cca63e85a3316d81df8a9","name":"Vagas Emprego DF","image":{"@type":"ImageObject","inLanguage":"pt-BR","@id":"https:\/\/secure.gravatar.com\/avatar\/e198f9393383244894b06db503be8cb43011f384a429c7a9f84f3f61c138a35e?s=96&d=mm&r=g","url":"https:\/\/secure.gravatar.com\/avatar\/e198f9393383244894b06db503be8cb43011f384a429c7a9f84f3f61c138a35e?s=96&d=mm&r=g","contentUrl":"https:\/\/secure.gravatar.com\/avatar\/e198f9393383244894b06db503be8cb43011f384a429c7a9f84f3f61c138a35e?s=96&d=mm&r=g","caption":"Vagas Emprego DF"},"url":"https:\/\/www.vagasdf.com.br\/index.php\/author\/vagasemprego\/"}]}},"_links":{"self":[{"href":"https:\/\/www.vagasdf.com.br\/index.php\/wp-json\/wp\/v2\/posts\/33421","targetHints":{"allow":["GET"]}}],"collection":[{"href":"https:\/\/www.vagasdf.com.br\/index.php\/wp-json\/wp\/v2\/posts"}],"about":[{"href":"https:\/\/www.vagasdf.com.br\/index.php\/wp-json\/wp\/v2\/types\/post"}],"author":[{"embeddable":true,"href":"https:\/\/www.vagasdf.com.br\/index.php\/wp-json\/wp\/v2\/users\/2"}],"replies":[{"embeddable":true,"href":"https:\/\/www.vagasdf.com.br\/index.php\/wp-json\/wp\/v2\/comments?post=33421"}],"version-history":[{"count":0,"href":"https:\/\/www.vagasdf.com.br\/index.php\/wp-json\/wp\/v2\/posts\/33421\/revisions"}],"wp:attachment":[{"href":"https:\/\/www.vagasdf.com.br\/index.php\/wp-json\/wp\/v2\/media?parent=33421"}],"wp:term":[{"taxonomy":"category","embeddable":true,"href":"https:\/\/www.vagasdf.com.br\/index.php\/wp-json\/wp\/v2\/categories?post=33421"},{"taxonomy":"post_tag","embeddable":true,"href":"https:\/\/www.vagasdf.com.br\/index.php\/wp-json\/wp\/v2\/tags?post=33421"}],"curies":[{"name":"wp","href":"https:\/\/api.w.org\/{rel}","templated":true}]}}