{"id":33637,"date":"2023-11-23T10:00:39","date_gmt":"2023-11-23T13:00:39","guid":{"rendered":"https:\/\/www.vagasdf.com.br\/?p=33637"},"modified":"2023-11-23T10:00:39","modified_gmt":"2023-11-23T13:00:39","slug":"vaga-para-atendente-asa-norte-brasilia-df","status":"publish","type":"post","link":"https:\/\/www.vagasdf.com.br\/index.php\/2023\/11\/23\/vaga-para-atendente-asa-norte-brasilia-df\/","title":{"rendered":"Vaga Para Atendente  &#8211; Asa Norte \/ Bras\u00edlia &#8211; DF"},"content":{"rendered":"<p style=\"text-align: justify;\">Atribui\u00e7\u00f5es:<\/p>\n<ul style=\"text-align: justify;\">\n<li>Atendimento ao p\u00fablico;<\/li>\n<li>Agendamento de consultas e exames;<\/li>\n<li>Uso de sistema web de gest\u00e3o e financeiro<\/li>\n<\/ul>\n<p style=\"text-align: justify;\">Requisitos:<\/p>\n<ul style=\"text-align: justify;\">\n<li>N\u00edvel M\u00e9dio (Gradua\u00e7\u00e3o ser\u00e1 diferencial);<\/li>\n<li>Conhecimento na \u00e1rea cl\u00ednica ser\u00e1 diferencial;<\/li>\n<li>Conhecimento em Pacote Office Intermedi\u00e1rio;<\/li>\n<\/ul>\n<p style=\"text-align: justify;\">Jornada de Trabalho:<\/p>\n<ul style=\"text-align: justify;\">\n<li>Segunda a sexta feira das\u00a0 \u00a008:00 \u00e0s 17:00 e S\u00e1bado das\u00a0 08:00 \u00e0s 12:00<\/li>\n<\/ul>\n<p style=\"text-align: justify;\">Remunera\u00e7\u00e3o:<\/p>\n<ul style=\"text-align: justify;\">\n<li>R$ 1.500,00<\/li>\n<\/ul>\n<p style=\"text-align: justify;\">Benef\u00edcios:<\/p>\n<ul style=\"text-align: justify;\">\n<li>Sal\u00e1rio + Transporte + Alimenta\u00e7\u00e3o;<\/li>\n<li>Aux\u00edlio Sa\u00fade + Odonto;<\/li>\n<li>Assist. Funeral + Seguro de Vida;<\/li>\n<li>Assist. Veicular + Residencial.<\/li>\n<li>Comiss\u00e3o de vendas e de metas.<\/li>\n<\/ul>\n<p style=\"text-align: justify;\">Observa\u00e7\u00f5es:<\/p>\n<ul style=\"text-align: justify;\">\n<li>Data m\u00e1xima para envio de curr\u00edculos: 24-11-2023<\/li>\n<\/ul>\n<p style=\"text-align: justify;\">Enviar curr\u00edculo informando no assunto do e-mail a vaga de interesse para <a href=\"mailto:sesmt@saudevivaz.com.br\">sesmt@saudevivaz.com.br<\/a><\/p>\n","protected":false},"excerpt":{"rendered":"<p>Atribui\u00e7\u00f5es: Atendimento ao p\u00fablico; Agendamento de consultas e exames; Uso de sistema web de gest\u00e3o e financeiro Requisitos: N\u00edvel M\u00e9dio (Gradua\u00e7\u00e3o ser\u00e1 diferencial); Conhecimento na [&#8230;]<\/p>\n","protected":false},"author":2,"featured_media":0,"comment_status":"closed","ping_status":"closed","sticky":false,"template":"","format":"standard","meta":{"footnotes":""},"categories":[11,123],"tags":[],"class_list":["post-33637","post","type-post","status-publish","format-standard","hentry","category-atendimento-recepcao","category-ensino-medio-completo"],"yoast_head":"<!-- This site is optimized with the Yoast SEO plugin v27.5 - https:\/\/yoast.com\/product\/yoast-seo-wordpress\/ -->\n<title>Vaga Para Atendente - Asa Norte \/ Bras\u00edlia - DF - VagasDF<\/title>\n<meta name=\"robots\" content=\"index, follow, max-snippet:-1, max-image-preview:large, max-video-preview:-1\" \/>\n<link rel=\"canonical\" href=\"https:\/\/www.vagasdf.com.br\/index.php\/2023\/11\/23\/vaga-para-atendente-asa-norte-brasilia-df\/\" \/>\n<meta property=\"og:locale\" content=\"pt_BR\" \/>\n<meta property=\"og:type\" content=\"article\" \/>\n<meta property=\"og:title\" content=\"Vaga Para Atendente - Asa Norte \/ Bras\u00edlia - DF - VagasDF\" \/>\n<meta property=\"og:description\" content=\"Atribui\u00e7\u00f5es: Atendimento ao p\u00fablico; Agendamento de consultas e exames; Uso de sistema web de gest\u00e3o e financeiro Requisitos: N\u00edvel M\u00e9dio (Gradua\u00e7\u00e3o ser\u00e1 diferencial); Conhecimento na [...]\" \/>\n<meta property=\"og:url\" content=\"https:\/\/www.vagasdf.com.br\/index.php\/2023\/11\/23\/vaga-para-atendente-asa-norte-brasilia-df\/\" \/>\n<meta property=\"og:site_name\" content=\"VagasDF\" \/>\n<meta property=\"article:published_time\" content=\"2023-11-23T13:00:39+00:00\" \/>\n<meta name=\"author\" content=\"Vagas Emprego DF\" \/>\n<meta name=\"twitter:card\" content=\"summary_large_image\" \/>\n<meta name=\"twitter:label1\" content=\"Escrito por\" \/>\n\t<meta name=\"twitter:data1\" content=\"Vagas Emprego DF\" \/>\n\t<meta name=\"twitter:label2\" content=\"Est. tempo de leitura\" \/>\n\t<meta name=\"twitter:data2\" content=\"1 minuto\" \/>\n<!-- \/ Yoast SEO plugin. -->","yoast_head_json":{"title":"Vaga Para Atendente - Asa Norte \/ Bras\u00edlia - DF - VagasDF","robots":{"index":"index","follow":"follow","max-snippet":"max-snippet:-1","max-image-preview":"max-image-preview:large","max-video-preview":"max-video-preview:-1"},"canonical":"https:\/\/www.vagasdf.com.br\/index.php\/2023\/11\/23\/vaga-para-atendente-asa-norte-brasilia-df\/","og_locale":"pt_BR","og_type":"article","og_title":"Vaga Para Atendente - Asa Norte \/ Bras\u00edlia - DF - VagasDF","og_description":"Atribui\u00e7\u00f5es: Atendimento ao p\u00fablico; Agendamento de consultas e exames; Uso de sistema web de gest\u00e3o e financeiro Requisitos: N\u00edvel M\u00e9dio (Gradua\u00e7\u00e3o ser\u00e1 diferencial); Conhecimento na [...]","og_url":"https:\/\/www.vagasdf.com.br\/index.php\/2023\/11\/23\/vaga-para-atendente-asa-norte-brasilia-df\/","og_site_name":"VagasDF","article_published_time":"2023-11-23T13:00:39+00:00","author":"Vagas Emprego DF","twitter_card":"summary_large_image","twitter_misc":{"Escrito por":"Vagas Emprego DF","Est. tempo de leitura":"1 minuto"},"schema":{"@context":"https:\/\/schema.org","@graph":[{"@type":"Article","@id":"https:\/\/www.vagasdf.com.br\/index.php\/2023\/11\/23\/vaga-para-atendente-asa-norte-brasilia-df\/#article","isPartOf":{"@id":"https:\/\/www.vagasdf.com.br\/index.php\/2023\/11\/23\/vaga-para-atendente-asa-norte-brasilia-df\/"},"author":{"name":"Vagas Emprego DF","@id":"https:\/\/www.vagasdf.com.br\/#\/schema\/person\/9384a559252cca63e85a3316d81df8a9"},"headline":"Vaga Para Atendente &#8211; Asa Norte \/ Bras\u00edlia &#8211; DF","datePublished":"2023-11-23T13:00:39+00:00","mainEntityOfPage":{"@id":"https:\/\/www.vagasdf.com.br\/index.php\/2023\/11\/23\/vaga-para-atendente-asa-norte-brasilia-df\/"},"wordCount":125,"publisher":{"@id":"https:\/\/www.vagasdf.com.br\/#organization"},"articleSection":["atendimento e recep\u00e7\u00e3o","ensino m\u00e9dio"],"inLanguage":"pt-BR"},{"@type":"WebPage","@id":"https:\/\/www.vagasdf.com.br\/index.php\/2023\/11\/23\/vaga-para-atendente-asa-norte-brasilia-df\/","url":"https:\/\/www.vagasdf.com.br\/index.php\/2023\/11\/23\/vaga-para-atendente-asa-norte-brasilia-df\/","name":"Vaga Para Atendente - Asa Norte \/ Bras\u00edlia - DF - VagasDF","isPartOf":{"@id":"https:\/\/www.vagasdf.com.br\/#website"},"datePublished":"2023-11-23T13:00:39+00:00","breadcrumb":{"@id":"https:\/\/www.vagasdf.com.br\/index.php\/2023\/11\/23\/vaga-para-atendente-asa-norte-brasilia-df\/#breadcrumb"},"inLanguage":"pt-BR","potentialAction":[{"@type":"ReadAction","target":["https:\/\/www.vagasdf.com.br\/index.php\/2023\/11\/23\/vaga-para-atendente-asa-norte-brasilia-df\/"]}]},{"@type":"BreadcrumbList","@id":"https:\/\/www.vagasdf.com.br\/index.php\/2023\/11\/23\/vaga-para-atendente-asa-norte-brasilia-df\/#breadcrumb","itemListElement":[{"@type":"ListItem","position":1,"name":"Home","item":"https:\/\/www.vagasdf.com.br\/"},{"@type":"ListItem","position":2,"name":"Vaga Para Atendente &#8211; Asa Norte \/ Bras\u00edlia &#8211; DF"}]},{"@type":"WebSite","@id":"https:\/\/www.vagasdf.com.br\/#website","url":"https:\/\/www.vagasdf.com.br\/","name":"VagasDF","description":"Vagas de Emprego e Est\u00e1gio no DF","publisher":{"@id":"https:\/\/www.vagasdf.com.br\/#organization"},"potentialAction":[{"@type":"SearchAction","target":{"@type":"EntryPoint","urlTemplate":"https:\/\/www.vagasdf.com.br\/?s={search_term_string}"},"query-input":{"@type":"PropertyValueSpecification","valueRequired":true,"valueName":"search_term_string"}}],"inLanguage":"pt-BR"},{"@type":"Organization","@id":"https:\/\/www.vagasdf.com.br\/#organization","name":"VagasDF","url":"https:\/\/www.vagasdf.com.br\/","logo":{"@type":"ImageObject","inLanguage":"pt-BR","@id":"https:\/\/www.vagasdf.com.br\/#\/schema\/logo\/image\/","url":"https:\/\/www.vagasdf.com.br\/wp-content\/uploads\/2025\/06\/cropped-vdf-logo-2021.jpg","contentUrl":"https:\/\/www.vagasdf.com.br\/wp-content\/uploads\/2025\/06\/cropped-vdf-logo-2021.jpg","width":350,"height":100,"caption":"VagasDF"},"image":{"@id":"https:\/\/www.vagasdf.com.br\/#\/schema\/logo\/image\/"}},{"@type":"Person","@id":"https:\/\/www.vagasdf.com.br\/#\/schema\/person\/9384a559252cca63e85a3316d81df8a9","name":"Vagas Emprego DF","image":{"@type":"ImageObject","inLanguage":"pt-BR","@id":"https:\/\/secure.gravatar.com\/avatar\/e198f9393383244894b06db503be8cb43011f384a429c7a9f84f3f61c138a35e?s=96&d=mm&r=g","url":"https:\/\/secure.gravatar.com\/avatar\/e198f9393383244894b06db503be8cb43011f384a429c7a9f84f3f61c138a35e?s=96&d=mm&r=g","contentUrl":"https:\/\/secure.gravatar.com\/avatar\/e198f9393383244894b06db503be8cb43011f384a429c7a9f84f3f61c138a35e?s=96&d=mm&r=g","caption":"Vagas Emprego DF"},"url":"https:\/\/www.vagasdf.com.br\/index.php\/author\/vagasemprego\/"}]}},"_links":{"self":[{"href":"https:\/\/www.vagasdf.com.br\/index.php\/wp-json\/wp\/v2\/posts\/33637","targetHints":{"allow":["GET"]}}],"collection":[{"href":"https:\/\/www.vagasdf.com.br\/index.php\/wp-json\/wp\/v2\/posts"}],"about":[{"href":"https:\/\/www.vagasdf.com.br\/index.php\/wp-json\/wp\/v2\/types\/post"}],"author":[{"embeddable":true,"href":"https:\/\/www.vagasdf.com.br\/index.php\/wp-json\/wp\/v2\/users\/2"}],"replies":[{"embeddable":true,"href":"https:\/\/www.vagasdf.com.br\/index.php\/wp-json\/wp\/v2\/comments?post=33637"}],"version-history":[{"count":0,"href":"https:\/\/www.vagasdf.com.br\/index.php\/wp-json\/wp\/v2\/posts\/33637\/revisions"}],"wp:attachment":[{"href":"https:\/\/www.vagasdf.com.br\/index.php\/wp-json\/wp\/v2\/media?parent=33637"}],"wp:term":[{"taxonomy":"category","embeddable":true,"href":"https:\/\/www.vagasdf.com.br\/index.php\/wp-json\/wp\/v2\/categories?post=33637"},{"taxonomy":"post_tag","embeddable":true,"href":"https:\/\/www.vagasdf.com.br\/index.php\/wp-json\/wp\/v2\/tags?post=33637"}],"curies":[{"name":"wp","href":"https:\/\/api.w.org\/{rel}","templated":true}]}}