{"id":33671,"date":"2023-11-27T09:00:36","date_gmt":"2023-11-27T12:00:36","guid":{"rendered":"https:\/\/www.vagasdf.com.br\/?p=33671"},"modified":"2023-11-27T09:00:36","modified_gmt":"2023-11-27T12:00:36","slug":"servicos-gerais-pcd-sia-trecho-8-df","status":"publish","type":"post","link":"https:\/\/www.vagasdf.com.br\/index.php\/2023\/11\/27\/servicos-gerais-pcd-sia-trecho-8-df\/","title":{"rendered":"Servi\u00e7os Gerais PCD &#8211; SIA Trecho 8 &#8211; DF"},"content":{"rendered":"<p>Descri\u00e7\u00e3o:<\/p>\n<ul>\n<li>Seguimento da empresa: Topografia, Engenharia e Aerolevantamento.<\/li>\n<\/ul>\n<p>Requisitos:<\/p>\n<ul>\n<li>Necess\u00e1rio possuir experi\u00eancia na \u00e1rea<\/li>\n<li>Vaga exclusiva para PCD.<\/li>\n<\/ul>\n<p>Atividades:<\/p>\n<ul>\n<li>Realizar a limpeza em geral e zelar pela conserva\u00e7\u00e3o e manuten\u00e7\u00e3o da empresa.<\/li>\n<\/ul>\n<p>Jornada de trabalho:<\/p>\n<ul>\n<li>Hor\u00e1rio a Definir<\/li>\n<\/ul>\n<p>Remunera\u00e7\u00e3o:<\/p>\n<ul>\n<li>R$ 1.438,80<\/li>\n<\/ul>\n<p>Benef\u00edcios:<\/p>\n<ul>\n<li>VA: R$30,00; VT; Happy day; Conv\u00eanio com o SESC; Gympass.<\/li>\n<\/ul>\n<p>Data m\u00e1xima para envio de curr\u00edculos: 30\/11\/2023<\/p>\n<p>Enviar curr\u00edculo informando no assunto do e-mail a vaga de interesse para <a href=\"mailto:recrutamento@topocart.com.br\">recrutamento@topocart.com.br<\/a><\/p>\n","protected":false},"excerpt":{"rendered":"<p>Descri\u00e7\u00e3o: Seguimento da empresa: Topografia, Engenharia e Aerolevantamento. Requisitos: Necess\u00e1rio possuir experi\u00eancia na \u00e1rea Vaga exclusiva para PCD. Atividades: Realizar a limpeza em geral e [&#8230;]<\/p>\n","protected":false},"author":2,"featured_media":0,"comment_status":"closed","ping_status":"closed","sticky":false,"template":"","format":"standard","meta":{"footnotes":""},"categories":[102],"tags":[],"class_list":["post-33671","post","type-post","status-publish","format-standard","hentry","category-servicos-gerais"],"yoast_head":"<!-- This site is optimized with the Yoast SEO plugin v27.5 - https:\/\/yoast.com\/product\/yoast-seo-wordpress\/ -->\n<title>Servi\u00e7os Gerais PCD - SIA Trecho 8 - DF - VagasDF<\/title>\n<meta name=\"robots\" content=\"index, follow, max-snippet:-1, max-image-preview:large, max-video-preview:-1\" \/>\n<link rel=\"canonical\" href=\"https:\/\/www.vagasdf.com.br\/index.php\/2023\/11\/27\/servicos-gerais-pcd-sia-trecho-8-df\/\" \/>\n<meta property=\"og:locale\" content=\"pt_BR\" \/>\n<meta property=\"og:type\" content=\"article\" \/>\n<meta property=\"og:title\" content=\"Servi\u00e7os Gerais PCD - SIA Trecho 8 - DF - VagasDF\" \/>\n<meta property=\"og:description\" content=\"Descri\u00e7\u00e3o: Seguimento da empresa: Topografia, Engenharia e Aerolevantamento. Requisitos: Necess\u00e1rio possuir experi\u00eancia na \u00e1rea Vaga exclusiva para PCD. Atividades: Realizar a limpeza em geral e [...]\" \/>\n<meta property=\"og:url\" content=\"https:\/\/www.vagasdf.com.br\/index.php\/2023\/11\/27\/servicos-gerais-pcd-sia-trecho-8-df\/\" \/>\n<meta property=\"og:site_name\" content=\"VagasDF\" \/>\n<meta property=\"article:published_time\" content=\"2023-11-27T12:00:36+00:00\" \/>\n<meta name=\"author\" content=\"Vagas Emprego DF\" \/>\n<meta name=\"twitter:card\" content=\"summary_large_image\" \/>\n<meta name=\"twitter:label1\" content=\"Escrito por\" \/>\n\t<meta name=\"twitter:data1\" content=\"Vagas Emprego DF\" \/>\n<!-- \/ Yoast SEO plugin. -->","yoast_head_json":{"title":"Servi\u00e7os Gerais PCD - SIA Trecho 8 - DF - VagasDF","robots":{"index":"index","follow":"follow","max-snippet":"max-snippet:-1","max-image-preview":"max-image-preview:large","max-video-preview":"max-video-preview:-1"},"canonical":"https:\/\/www.vagasdf.com.br\/index.php\/2023\/11\/27\/servicos-gerais-pcd-sia-trecho-8-df\/","og_locale":"pt_BR","og_type":"article","og_title":"Servi\u00e7os Gerais PCD - SIA Trecho 8 - DF - VagasDF","og_description":"Descri\u00e7\u00e3o: Seguimento da empresa: Topografia, Engenharia e Aerolevantamento. Requisitos: Necess\u00e1rio possuir experi\u00eancia na \u00e1rea Vaga exclusiva para PCD. Atividades: Realizar a limpeza em geral e [...]","og_url":"https:\/\/www.vagasdf.com.br\/index.php\/2023\/11\/27\/servicos-gerais-pcd-sia-trecho-8-df\/","og_site_name":"VagasDF","article_published_time":"2023-11-27T12:00:36+00:00","author":"Vagas Emprego DF","twitter_card":"summary_large_image","twitter_misc":{"Escrito por":"Vagas Emprego DF"},"schema":{"@context":"https:\/\/schema.org","@graph":[{"@type":"Article","@id":"https:\/\/www.vagasdf.com.br\/index.php\/2023\/11\/27\/servicos-gerais-pcd-sia-trecho-8-df\/#article","isPartOf":{"@id":"https:\/\/www.vagasdf.com.br\/index.php\/2023\/11\/27\/servicos-gerais-pcd-sia-trecho-8-df\/"},"author":{"name":"Vagas Emprego DF","@id":"https:\/\/www.vagasdf.com.br\/#\/schema\/person\/9384a559252cca63e85a3316d81df8a9"},"headline":"Servi\u00e7os Gerais PCD &#8211; SIA Trecho 8 &#8211; DF","datePublished":"2023-11-27T12:00:36+00:00","mainEntityOfPage":{"@id":"https:\/\/www.vagasdf.com.br\/index.php\/2023\/11\/27\/servicos-gerais-pcd-sia-trecho-8-df\/"},"wordCount":94,"publisher":{"@id":"https:\/\/www.vagasdf.com.br\/#organization"},"articleSection":["servi\u00e7os gerais"],"inLanguage":"pt-BR"},{"@type":"WebPage","@id":"https:\/\/www.vagasdf.com.br\/index.php\/2023\/11\/27\/servicos-gerais-pcd-sia-trecho-8-df\/","url":"https:\/\/www.vagasdf.com.br\/index.php\/2023\/11\/27\/servicos-gerais-pcd-sia-trecho-8-df\/","name":"Servi\u00e7os Gerais PCD - SIA Trecho 8 - DF - VagasDF","isPartOf":{"@id":"https:\/\/www.vagasdf.com.br\/#website"},"datePublished":"2023-11-27T12:00:36+00:00","breadcrumb":{"@id":"https:\/\/www.vagasdf.com.br\/index.php\/2023\/11\/27\/servicos-gerais-pcd-sia-trecho-8-df\/#breadcrumb"},"inLanguage":"pt-BR","potentialAction":[{"@type":"ReadAction","target":["https:\/\/www.vagasdf.com.br\/index.php\/2023\/11\/27\/servicos-gerais-pcd-sia-trecho-8-df\/"]}]},{"@type":"BreadcrumbList","@id":"https:\/\/www.vagasdf.com.br\/index.php\/2023\/11\/27\/servicos-gerais-pcd-sia-trecho-8-df\/#breadcrumb","itemListElement":[{"@type":"ListItem","position":1,"name":"Home","item":"https:\/\/www.vagasdf.com.br\/"},{"@type":"ListItem","position":2,"name":"Servi\u00e7os Gerais PCD &#8211; SIA Trecho 8 &#8211; DF"}]},{"@type":"WebSite","@id":"https:\/\/www.vagasdf.com.br\/#website","url":"https:\/\/www.vagasdf.com.br\/","name":"VagasDF","description":"Vagas de Emprego e Est\u00e1gio no DF","publisher":{"@id":"https:\/\/www.vagasdf.com.br\/#organization"},"potentialAction":[{"@type":"SearchAction","target":{"@type":"EntryPoint","urlTemplate":"https:\/\/www.vagasdf.com.br\/?s={search_term_string}"},"query-input":{"@type":"PropertyValueSpecification","valueRequired":true,"valueName":"search_term_string"}}],"inLanguage":"pt-BR"},{"@type":"Organization","@id":"https:\/\/www.vagasdf.com.br\/#organization","name":"VagasDF","url":"https:\/\/www.vagasdf.com.br\/","logo":{"@type":"ImageObject","inLanguage":"pt-BR","@id":"https:\/\/www.vagasdf.com.br\/#\/schema\/logo\/image\/","url":"https:\/\/www.vagasdf.com.br\/wp-content\/uploads\/2025\/06\/cropped-vdf-logo-2021.jpg","contentUrl":"https:\/\/www.vagasdf.com.br\/wp-content\/uploads\/2025\/06\/cropped-vdf-logo-2021.jpg","width":350,"height":100,"caption":"VagasDF"},"image":{"@id":"https:\/\/www.vagasdf.com.br\/#\/schema\/logo\/image\/"}},{"@type":"Person","@id":"https:\/\/www.vagasdf.com.br\/#\/schema\/person\/9384a559252cca63e85a3316d81df8a9","name":"Vagas Emprego DF","image":{"@type":"ImageObject","inLanguage":"pt-BR","@id":"https:\/\/secure.gravatar.com\/avatar\/e198f9393383244894b06db503be8cb43011f384a429c7a9f84f3f61c138a35e?s=96&d=mm&r=g","url":"https:\/\/secure.gravatar.com\/avatar\/e198f9393383244894b06db503be8cb43011f384a429c7a9f84f3f61c138a35e?s=96&d=mm&r=g","contentUrl":"https:\/\/secure.gravatar.com\/avatar\/e198f9393383244894b06db503be8cb43011f384a429c7a9f84f3f61c138a35e?s=96&d=mm&r=g","caption":"Vagas Emprego DF"},"url":"https:\/\/www.vagasdf.com.br\/index.php\/author\/vagasemprego\/"}]}},"_links":{"self":[{"href":"https:\/\/www.vagasdf.com.br\/index.php\/wp-json\/wp\/v2\/posts\/33671","targetHints":{"allow":["GET"]}}],"collection":[{"href":"https:\/\/www.vagasdf.com.br\/index.php\/wp-json\/wp\/v2\/posts"}],"about":[{"href":"https:\/\/www.vagasdf.com.br\/index.php\/wp-json\/wp\/v2\/types\/post"}],"author":[{"embeddable":true,"href":"https:\/\/www.vagasdf.com.br\/index.php\/wp-json\/wp\/v2\/users\/2"}],"replies":[{"embeddable":true,"href":"https:\/\/www.vagasdf.com.br\/index.php\/wp-json\/wp\/v2\/comments?post=33671"}],"version-history":[{"count":0,"href":"https:\/\/www.vagasdf.com.br\/index.php\/wp-json\/wp\/v2\/posts\/33671\/revisions"}],"wp:attachment":[{"href":"https:\/\/www.vagasdf.com.br\/index.php\/wp-json\/wp\/v2\/media?parent=33671"}],"wp:term":[{"taxonomy":"category","embeddable":true,"href":"https:\/\/www.vagasdf.com.br\/index.php\/wp-json\/wp\/v2\/categories?post=33671"},{"taxonomy":"post_tag","embeddable":true,"href":"https:\/\/www.vagasdf.com.br\/index.php\/wp-json\/wp\/v2\/tags?post=33671"}],"curies":[{"name":"wp","href":"https:\/\/api.w.org\/{rel}","templated":true}]}}