{"id":33675,"date":"2023-11-27T11:00:18","date_gmt":"2023-11-27T14:00:18","guid":{"rendered":"https:\/\/www.vagasdf.com.br\/?p=33675"},"modified":"2023-11-27T11:00:18","modified_gmt":"2023-11-27T14:00:18","slug":"assistente-administrativo-taguatinga-df-5","status":"publish","type":"post","link":"https:\/\/www.vagasdf.com.br\/index.php\/2023\/11\/27\/assistente-administrativo-taguatinga-df-5\/","title":{"rendered":"Assistente Administrativo &#8211;  Taguatinga &#8211; DF"},"content":{"rendered":"<p style=\"text-align: justify;\">Requisitos:<\/p>\n<ul style=\"text-align: justify;\">\n<li>Ensino Superior Cursando Administra\u00e7\u00e3o, Arquitetura ou Engenharia.<\/li>\n<li>Desej\u00e1vel ter conhecimento intermedi\u00e1rio de Inform\u00e1tica e pacote office; Proatividade; Boa orat\u00f3ria;<\/li>\n<li>Disponibilidade de hor\u00e1rio;<\/li>\n<li>Contrata\u00e7\u00e3o CLT;<\/li>\n<\/ul>\n<p style=\"text-align: justify;\">Atividades:<\/p>\n<ul style=\"text-align: justify;\">\n<li>Organizar e alimentar a agenda de servi\u00e7os. Recebimento e controle de notas de mat\u00e9rias do setor de obras e manuten\u00e7\u00f5es. Acompanhamento dos e-mail e telefonemas. Auxiliar nas demandas da arquiteta respons\u00e1vel.<\/li>\n<li>Acompanhar a conclus\u00e3o das demandas de manuten\u00e7\u00e3o. Envio das notas de fornecedores para o Financeiro.<\/li>\n<\/ul>\n<p style=\"text-align: justify;\">Jornada de trabalho:<\/p>\n<ul style=\"text-align: justify;\">\n<li>Hor\u00e1rio a Definir<\/li>\n<\/ul>\n<p style=\"text-align: justify;\">Remunera\u00e7\u00e3o:<\/p>\n<ul style=\"text-align: justify;\">\n<li>R$ 1.510,00<\/li>\n<\/ul>\n<p style=\"text-align: justify;\">Benef\u00edcios:<\/p>\n<ul style=\"text-align: justify;\">\n<li>VT + VA + Plano odontol\u00f3gico.<\/li>\n<\/ul>\n<p style=\"text-align: justify;\">Data m\u00e1xima para envio de curr\u00edculos: 30\/11\/2023<\/p>\n<p style=\"text-align: justify;\">Enviar curr\u00edculo informando no assunto do e-mail a vaga de interesse para <a href=\"mailto:seletivodf2022@gmail.com\">seletivodf2022@gmail.com<\/a><\/p>\n","protected":false},"excerpt":{"rendered":"<p>Requisitos: Ensino Superior Cursando Administra\u00e7\u00e3o, Arquitetura ou Engenharia. Desej\u00e1vel ter conhecimento intermedi\u00e1rio de Inform\u00e1tica e pacote office; Proatividade; Boa orat\u00f3ria; Disponibilidade de hor\u00e1rio; Contrata\u00e7\u00e3o CLT; [&#8230;]<\/p>\n","protected":false},"author":2,"featured_media":0,"comment_status":"closed","ping_status":"closed","sticky":false,"template":"","format":"standard","meta":{"footnotes":""},"categories":[4,10,126],"tags":[],"class_list":["post-33675","post","type-post","status-publish","format-standard","hentry","category-administrativa","category-arquitetura-decoracao","category-ensino-superior-incompleto"],"yoast_head":"<!-- This site is optimized with the Yoast SEO plugin v27.5 - https:\/\/yoast.com\/product\/yoast-seo-wordpress\/ -->\n<title>Assistente Administrativo - Taguatinga - DF - VagasDF<\/title>\n<meta name=\"robots\" content=\"index, follow, max-snippet:-1, max-image-preview:large, max-video-preview:-1\" \/>\n<link rel=\"canonical\" href=\"https:\/\/www.vagasdf.com.br\/index.php\/2023\/11\/27\/assistente-administrativo-taguatinga-df-5\/\" \/>\n<meta property=\"og:locale\" content=\"pt_BR\" \/>\n<meta property=\"og:type\" content=\"article\" \/>\n<meta property=\"og:title\" content=\"Assistente Administrativo - Taguatinga - DF - VagasDF\" \/>\n<meta property=\"og:description\" content=\"Requisitos: Ensino Superior Cursando Administra\u00e7\u00e3o, Arquitetura ou Engenharia. Desej\u00e1vel ter conhecimento intermedi\u00e1rio de Inform\u00e1tica e pacote office; Proatividade; Boa orat\u00f3ria; Disponibilidade de hor\u00e1rio; Contrata\u00e7\u00e3o CLT; [...]\" \/>\n<meta property=\"og:url\" content=\"https:\/\/www.vagasdf.com.br\/index.php\/2023\/11\/27\/assistente-administrativo-taguatinga-df-5\/\" \/>\n<meta property=\"og:site_name\" content=\"VagasDF\" \/>\n<meta property=\"article:published_time\" content=\"2023-11-27T14:00:18+00:00\" \/>\n<meta name=\"author\" content=\"Vagas Emprego DF\" \/>\n<meta name=\"twitter:card\" content=\"summary_large_image\" \/>\n<meta name=\"twitter:label1\" content=\"Escrito por\" \/>\n\t<meta name=\"twitter:data1\" content=\"Vagas Emprego DF\" \/>\n\t<meta name=\"twitter:label2\" content=\"Est. tempo de leitura\" \/>\n\t<meta name=\"twitter:data2\" content=\"1 minuto\" \/>\n<!-- \/ Yoast SEO plugin. -->","yoast_head_json":{"title":"Assistente Administrativo - Taguatinga - DF - VagasDF","robots":{"index":"index","follow":"follow","max-snippet":"max-snippet:-1","max-image-preview":"max-image-preview:large","max-video-preview":"max-video-preview:-1"},"canonical":"https:\/\/www.vagasdf.com.br\/index.php\/2023\/11\/27\/assistente-administrativo-taguatinga-df-5\/","og_locale":"pt_BR","og_type":"article","og_title":"Assistente Administrativo - Taguatinga - DF - VagasDF","og_description":"Requisitos: Ensino Superior Cursando Administra\u00e7\u00e3o, Arquitetura ou Engenharia. Desej\u00e1vel ter conhecimento intermedi\u00e1rio de Inform\u00e1tica e pacote office; Proatividade; Boa orat\u00f3ria; Disponibilidade de hor\u00e1rio; Contrata\u00e7\u00e3o CLT; [...]","og_url":"https:\/\/www.vagasdf.com.br\/index.php\/2023\/11\/27\/assistente-administrativo-taguatinga-df-5\/","og_site_name":"VagasDF","article_published_time":"2023-11-27T14:00:18+00:00","author":"Vagas Emprego DF","twitter_card":"summary_large_image","twitter_misc":{"Escrito por":"Vagas Emprego DF","Est. tempo de leitura":"1 minuto"},"schema":{"@context":"https:\/\/schema.org","@graph":[{"@type":"Article","@id":"https:\/\/www.vagasdf.com.br\/index.php\/2023\/11\/27\/assistente-administrativo-taguatinga-df-5\/#article","isPartOf":{"@id":"https:\/\/www.vagasdf.com.br\/index.php\/2023\/11\/27\/assistente-administrativo-taguatinga-df-5\/"},"author":{"name":"Vagas Emprego DF","@id":"https:\/\/www.vagasdf.com.br\/#\/schema\/person\/9384a559252cca63e85a3316d81df8a9"},"headline":"Assistente Administrativo &#8211; Taguatinga &#8211; DF","datePublished":"2023-11-27T14:00:18+00:00","mainEntityOfPage":{"@id":"https:\/\/www.vagasdf.com.br\/index.php\/2023\/11\/27\/assistente-administrativo-taguatinga-df-5\/"},"wordCount":132,"publisher":{"@id":"https:\/\/www.vagasdf.com.br\/#organization"},"articleSection":["administra\u00e7\u00e3o geral","arquitetura e decora\u00e7\u00e3o","ensino superior incompleto"],"inLanguage":"pt-BR"},{"@type":"WebPage","@id":"https:\/\/www.vagasdf.com.br\/index.php\/2023\/11\/27\/assistente-administrativo-taguatinga-df-5\/","url":"https:\/\/www.vagasdf.com.br\/index.php\/2023\/11\/27\/assistente-administrativo-taguatinga-df-5\/","name":"Assistente Administrativo - Taguatinga - DF - VagasDF","isPartOf":{"@id":"https:\/\/www.vagasdf.com.br\/#website"},"datePublished":"2023-11-27T14:00:18+00:00","breadcrumb":{"@id":"https:\/\/www.vagasdf.com.br\/index.php\/2023\/11\/27\/assistente-administrativo-taguatinga-df-5\/#breadcrumb"},"inLanguage":"pt-BR","potentialAction":[{"@type":"ReadAction","target":["https:\/\/www.vagasdf.com.br\/index.php\/2023\/11\/27\/assistente-administrativo-taguatinga-df-5\/"]}]},{"@type":"BreadcrumbList","@id":"https:\/\/www.vagasdf.com.br\/index.php\/2023\/11\/27\/assistente-administrativo-taguatinga-df-5\/#breadcrumb","itemListElement":[{"@type":"ListItem","position":1,"name":"Home","item":"https:\/\/www.vagasdf.com.br\/"},{"@type":"ListItem","position":2,"name":"Assistente Administrativo &#8211; Taguatinga &#8211; DF"}]},{"@type":"WebSite","@id":"https:\/\/www.vagasdf.com.br\/#website","url":"https:\/\/www.vagasdf.com.br\/","name":"VagasDF","description":"Vagas de Emprego e Est\u00e1gio no DF","publisher":{"@id":"https:\/\/www.vagasdf.com.br\/#organization"},"potentialAction":[{"@type":"SearchAction","target":{"@type":"EntryPoint","urlTemplate":"https:\/\/www.vagasdf.com.br\/?s={search_term_string}"},"query-input":{"@type":"PropertyValueSpecification","valueRequired":true,"valueName":"search_term_string"}}],"inLanguage":"pt-BR"},{"@type":"Organization","@id":"https:\/\/www.vagasdf.com.br\/#organization","name":"VagasDF","url":"https:\/\/www.vagasdf.com.br\/","logo":{"@type":"ImageObject","inLanguage":"pt-BR","@id":"https:\/\/www.vagasdf.com.br\/#\/schema\/logo\/image\/","url":"https:\/\/www.vagasdf.com.br\/wp-content\/uploads\/2025\/06\/cropped-vdf-logo-2021.jpg","contentUrl":"https:\/\/www.vagasdf.com.br\/wp-content\/uploads\/2025\/06\/cropped-vdf-logo-2021.jpg","width":350,"height":100,"caption":"VagasDF"},"image":{"@id":"https:\/\/www.vagasdf.com.br\/#\/schema\/logo\/image\/"}},{"@type":"Person","@id":"https:\/\/www.vagasdf.com.br\/#\/schema\/person\/9384a559252cca63e85a3316d81df8a9","name":"Vagas Emprego DF","image":{"@type":"ImageObject","inLanguage":"pt-BR","@id":"https:\/\/secure.gravatar.com\/avatar\/e198f9393383244894b06db503be8cb43011f384a429c7a9f84f3f61c138a35e?s=96&d=mm&r=g","url":"https:\/\/secure.gravatar.com\/avatar\/e198f9393383244894b06db503be8cb43011f384a429c7a9f84f3f61c138a35e?s=96&d=mm&r=g","contentUrl":"https:\/\/secure.gravatar.com\/avatar\/e198f9393383244894b06db503be8cb43011f384a429c7a9f84f3f61c138a35e?s=96&d=mm&r=g","caption":"Vagas Emprego DF"},"url":"https:\/\/www.vagasdf.com.br\/index.php\/author\/vagasemprego\/"}]}},"_links":{"self":[{"href":"https:\/\/www.vagasdf.com.br\/index.php\/wp-json\/wp\/v2\/posts\/33675","targetHints":{"allow":["GET"]}}],"collection":[{"href":"https:\/\/www.vagasdf.com.br\/index.php\/wp-json\/wp\/v2\/posts"}],"about":[{"href":"https:\/\/www.vagasdf.com.br\/index.php\/wp-json\/wp\/v2\/types\/post"}],"author":[{"embeddable":true,"href":"https:\/\/www.vagasdf.com.br\/index.php\/wp-json\/wp\/v2\/users\/2"}],"replies":[{"embeddable":true,"href":"https:\/\/www.vagasdf.com.br\/index.php\/wp-json\/wp\/v2\/comments?post=33675"}],"version-history":[{"count":0,"href":"https:\/\/www.vagasdf.com.br\/index.php\/wp-json\/wp\/v2\/posts\/33675\/revisions"}],"wp:attachment":[{"href":"https:\/\/www.vagasdf.com.br\/index.php\/wp-json\/wp\/v2\/media?parent=33675"}],"wp:term":[{"taxonomy":"category","embeddable":true,"href":"https:\/\/www.vagasdf.com.br\/index.php\/wp-json\/wp\/v2\/categories?post=33675"},{"taxonomy":"post_tag","embeddable":true,"href":"https:\/\/www.vagasdf.com.br\/index.php\/wp-json\/wp\/v2\/tags?post=33675"}],"curies":[{"name":"wp","href":"https:\/\/api.w.org\/{rel}","templated":true}]}}