{"id":34549,"date":"2024-02-07T17:00:18","date_gmt":"2024-02-07T20:00:18","guid":{"rendered":"https:\/\/www.vagasdf.com.br\/?p=34549"},"modified":"2024-02-07T17:00:18","modified_gmt":"2024-02-07T20:00:18","slug":"gestor-de-clinica-medica-supervisor-guara-guara-df","status":"publish","type":"post","link":"https:\/\/www.vagasdf.com.br\/index.php\/2024\/02\/07\/gestor-de-clinica-medica-supervisor-guara-guara-df\/","title":{"rendered":"Gestor de Cl\u00ednica M\u00e9dica\/Supervisor &#8211; Guar\u00e1 &#8211; Guar\u00e1 &#8211; DF"},"content":{"rendered":"<p style=\"text-align: justify;\">Atribui\u00e7\u00f5es:<\/p>\n<ul style=\"text-align: justify;\">\n<li>Gerir a cl\u00ednica, responsabilizando-se pelos processos comerciais, operacionais, assistenciais, administrativo financeiro, respondendo como um gestor geral de filial;<\/li>\n<li>Implantar plano de a\u00e7\u00e3o da Unidade, garantindo o cumprimento dos objetivos estrat\u00e9gicos da Organiza\u00e7\u00e3o;<\/li>\n<li>Supervisionar o fluxo do atendimento, da marca\u00e7\u00e3o de consultas e exames, at\u00e9 a entrega do laudo, com vistas \u00e0 satisfa\u00e7\u00e3o do paciente;<\/li>\n<li>Manter alinhamento do servi\u00e7o por meio da boa comunica\u00e7\u00e3o com equipe m\u00e9dica da unidade;<\/li>\n<li>Supervisionar as atividades t\u00e9cnicas e administrativas da equipe, assegurando o cumprimento dos procedimentos e rotinas da unidade de neg\u00f3cio;<\/li>\n<li>Acompanhar diariamente as metas de procedimentos e faturamento, planejando e supervisionando a busca ativa de clientes e a manuten\u00e7\u00e3o\/fideliza\u00e7\u00e3o dos mesmos;<\/li>\n<li>Supervisionar as compras da Unidade, observando o correto controle de estoque e o adequado garantindo a disponibilidade e uso racional dos insumos;<\/li>\n<li>Assegurar o asseio e limpeza da Unidade, cumprindo as determina\u00e7\u00f5es t\u00e9cnicas e assegurando o conforto do paciente;<\/li>\n<li>Assegurar a conserva\u00e7\u00e3o e a manuten\u00e7\u00e3o das instala\u00e7\u00f5es f\u00edsicas da Unidade;<\/li>\n<li>Zelar por todo o patrim\u00f4nio da organiza\u00e7\u00e3o, notadamente os seus equipamentos de imagem, bem como pela sua correta manuten\u00e7\u00e3o preventiva e corretiva;<\/li>\n<li>Acompanhar o desempenho de todos os colaboradores ligados \u00e0 sua gest\u00e3o, desde a sele\u00e7\u00e3o, processo de integra\u00e7\u00e3o, desenvolvimento dos colaboradores, avalia\u00e7\u00e3o e administra\u00e7\u00e3o de pessoal at\u00e9 o desligamento;<\/li>\n<li>Garantir a capacita\u00e7\u00e3o da equipe para o exerc\u00edcio de suas fun\u00e7\u00f5es, estimulando seu aperfei\u00e7oamento comportamental e t\u00e9cnico;<\/li>\n<li>Manter a equipe de trabalho motivada e produtiva, assegurando o bom clima organizacional;<\/li>\n<li>Supervisionar receitas e despesas\/custos da Unidade, garantindo o correto recebimento, seja por conv\u00eanio ou atendimento particular e o cumprimento de or\u00e7amento de despesas;<\/li>\n<li>Assegurar que processos de comunica\u00e7\u00e3o apropriados sejam estabelecidos na Unidade, garantindo a efetividade da dissemina\u00e7\u00e3o das diretrizes organizacionais.<\/li>\n<\/ul>\n<p style=\"text-align: justify;\">Requisitos:<\/p>\n<ul style=\"text-align: justify;\">\n<li>Conhecimento na \u00e1rea de sa\u00fade (Cl\u00ednica ambulatorial e\/ou cl\u00ednica diagn\u00f3stico);<\/li>\n<li>Ensino Superior Completo;<\/li>\n<li>Ter experi\u00eancia com lideran\u00e7a de equipes.<\/li>\n<\/ul>\n<p style=\"text-align: justify;\">Jornada de Trabalho:<\/p>\n<ul style=\"text-align: justify;\">\n<li>Tipo de contrata\u00e7\u00e3o: PJ<\/li>\n<\/ul>\n<p style=\"text-align: justify;\">Enviar curr\u00edculo informando no assunto do e-mail a vaga de interesse para <a href=\"mailto:vagas@insight-consultores.com.br\">vagas@insight-consultores.com.br<\/a><\/p>\n","protected":false},"excerpt":{"rendered":"<p>Atribui\u00e7\u00f5es: Gerir a cl\u00ednica, responsabilizando-se pelos processos comerciais, operacionais, assistenciais, administrativo financeiro, respondendo como um gestor geral de filial; Implantar plano de a\u00e7\u00e3o da Unidade, [&#8230;]<\/p>\n","protected":false},"author":2,"featured_media":0,"comment_status":"closed","ping_status":"closed","sticky":false,"template":"","format":"standard","meta":{"footnotes":""},"categories":[4,125,97],"tags":[],"class_list":["post-34549","post","type-post","status-publish","format-standard","hentry","category-administrativa","category-ensino-superior-completo","category-saude"],"yoast_head":"<!-- This site is optimized with the Yoast SEO plugin v27.5 - https:\/\/yoast.com\/product\/yoast-seo-wordpress\/ -->\n<title>Gestor de Cl\u00ednica M\u00e9dica\/Supervisor - Guar\u00e1 - Guar\u00e1 - DF - VagasDF<\/title>\n<meta name=\"robots\" content=\"index, follow, max-snippet:-1, max-image-preview:large, max-video-preview:-1\" \/>\n<link rel=\"canonical\" href=\"https:\/\/www.vagasdf.com.br\/index.php\/2024\/02\/07\/gestor-de-clinica-medica-supervisor-guara-guara-df\/\" \/>\n<meta property=\"og:locale\" content=\"pt_BR\" \/>\n<meta property=\"og:type\" content=\"article\" \/>\n<meta property=\"og:title\" content=\"Gestor de Cl\u00ednica M\u00e9dica\/Supervisor - Guar\u00e1 - Guar\u00e1 - DF - VagasDF\" \/>\n<meta property=\"og:description\" content=\"Atribui\u00e7\u00f5es: Gerir a cl\u00ednica, responsabilizando-se pelos processos comerciais, operacionais, assistenciais, administrativo financeiro, respondendo como um gestor geral de filial; Implantar plano de a\u00e7\u00e3o da Unidade, [...]\" \/>\n<meta property=\"og:url\" content=\"https:\/\/www.vagasdf.com.br\/index.php\/2024\/02\/07\/gestor-de-clinica-medica-supervisor-guara-guara-df\/\" \/>\n<meta property=\"og:site_name\" content=\"VagasDF\" \/>\n<meta property=\"article:published_time\" content=\"2024-02-07T20:00:18+00:00\" \/>\n<meta name=\"author\" content=\"Vagas Emprego DF\" \/>\n<meta name=\"twitter:card\" content=\"summary_large_image\" \/>\n<meta name=\"twitter:label1\" content=\"Escrito por\" \/>\n\t<meta name=\"twitter:data1\" content=\"Vagas Emprego DF\" \/>\n\t<meta name=\"twitter:label2\" content=\"Est. tempo de leitura\" \/>\n\t<meta name=\"twitter:data2\" content=\"2 minutos\" \/>\n<!-- \/ Yoast SEO plugin. -->","yoast_head_json":{"title":"Gestor de Cl\u00ednica M\u00e9dica\/Supervisor - Guar\u00e1 - Guar\u00e1 - DF - VagasDF","robots":{"index":"index","follow":"follow","max-snippet":"max-snippet:-1","max-image-preview":"max-image-preview:large","max-video-preview":"max-video-preview:-1"},"canonical":"https:\/\/www.vagasdf.com.br\/index.php\/2024\/02\/07\/gestor-de-clinica-medica-supervisor-guara-guara-df\/","og_locale":"pt_BR","og_type":"article","og_title":"Gestor de Cl\u00ednica M\u00e9dica\/Supervisor - Guar\u00e1 - Guar\u00e1 - DF - VagasDF","og_description":"Atribui\u00e7\u00f5es: Gerir a cl\u00ednica, responsabilizando-se pelos processos comerciais, operacionais, assistenciais, administrativo financeiro, respondendo como um gestor geral de filial; Implantar plano de a\u00e7\u00e3o da Unidade, [...]","og_url":"https:\/\/www.vagasdf.com.br\/index.php\/2024\/02\/07\/gestor-de-clinica-medica-supervisor-guara-guara-df\/","og_site_name":"VagasDF","article_published_time":"2024-02-07T20:00:18+00:00","author":"Vagas Emprego DF","twitter_card":"summary_large_image","twitter_misc":{"Escrito por":"Vagas Emprego DF","Est. tempo de leitura":"2 minutos"},"schema":{"@context":"https:\/\/schema.org","@graph":[{"@type":"Article","@id":"https:\/\/www.vagasdf.com.br\/index.php\/2024\/02\/07\/gestor-de-clinica-medica-supervisor-guara-guara-df\/#article","isPartOf":{"@id":"https:\/\/www.vagasdf.com.br\/index.php\/2024\/02\/07\/gestor-de-clinica-medica-supervisor-guara-guara-df\/"},"author":{"name":"Vagas Emprego DF","@id":"https:\/\/www.vagasdf.com.br\/#\/schema\/person\/9384a559252cca63e85a3316d81df8a9"},"headline":"Gestor de Cl\u00ednica M\u00e9dica\/Supervisor &#8211; Guar\u00e1 &#8211; Guar\u00e1 &#8211; DF","datePublished":"2024-02-07T20:00:18+00:00","mainEntityOfPage":{"@id":"https:\/\/www.vagasdf.com.br\/index.php\/2024\/02\/07\/gestor-de-clinica-medica-supervisor-guara-guara-df\/"},"wordCount":382,"publisher":{"@id":"https:\/\/www.vagasdf.com.br\/#organization"},"articleSection":["administra\u00e7\u00e3o geral","ensino superior","sa\u00fade"],"inLanguage":"pt-BR"},{"@type":"WebPage","@id":"https:\/\/www.vagasdf.com.br\/index.php\/2024\/02\/07\/gestor-de-clinica-medica-supervisor-guara-guara-df\/","url":"https:\/\/www.vagasdf.com.br\/index.php\/2024\/02\/07\/gestor-de-clinica-medica-supervisor-guara-guara-df\/","name":"Gestor de Cl\u00ednica M\u00e9dica\/Supervisor - Guar\u00e1 - Guar\u00e1 - DF - VagasDF","isPartOf":{"@id":"https:\/\/www.vagasdf.com.br\/#website"},"datePublished":"2024-02-07T20:00:18+00:00","breadcrumb":{"@id":"https:\/\/www.vagasdf.com.br\/index.php\/2024\/02\/07\/gestor-de-clinica-medica-supervisor-guara-guara-df\/#breadcrumb"},"inLanguage":"pt-BR","potentialAction":[{"@type":"ReadAction","target":["https:\/\/www.vagasdf.com.br\/index.php\/2024\/02\/07\/gestor-de-clinica-medica-supervisor-guara-guara-df\/"]}]},{"@type":"BreadcrumbList","@id":"https:\/\/www.vagasdf.com.br\/index.php\/2024\/02\/07\/gestor-de-clinica-medica-supervisor-guara-guara-df\/#breadcrumb","itemListElement":[{"@type":"ListItem","position":1,"name":"Home","item":"https:\/\/www.vagasdf.com.br\/"},{"@type":"ListItem","position":2,"name":"Gestor de Cl\u00ednica M\u00e9dica\/Supervisor &#8211; Guar\u00e1 &#8211; Guar\u00e1 &#8211; DF"}]},{"@type":"WebSite","@id":"https:\/\/www.vagasdf.com.br\/#website","url":"https:\/\/www.vagasdf.com.br\/","name":"VagasDF","description":"Vagas de Emprego e Est\u00e1gio no DF","publisher":{"@id":"https:\/\/www.vagasdf.com.br\/#organization"},"potentialAction":[{"@type":"SearchAction","target":{"@type":"EntryPoint","urlTemplate":"https:\/\/www.vagasdf.com.br\/?s={search_term_string}"},"query-input":{"@type":"PropertyValueSpecification","valueRequired":true,"valueName":"search_term_string"}}],"inLanguage":"pt-BR"},{"@type":"Organization","@id":"https:\/\/www.vagasdf.com.br\/#organization","name":"VagasDF","url":"https:\/\/www.vagasdf.com.br\/","logo":{"@type":"ImageObject","inLanguage":"pt-BR","@id":"https:\/\/www.vagasdf.com.br\/#\/schema\/logo\/image\/","url":"https:\/\/www.vagasdf.com.br\/wp-content\/uploads\/2025\/06\/cropped-vdf-logo-2021.jpg","contentUrl":"https:\/\/www.vagasdf.com.br\/wp-content\/uploads\/2025\/06\/cropped-vdf-logo-2021.jpg","width":350,"height":100,"caption":"VagasDF"},"image":{"@id":"https:\/\/www.vagasdf.com.br\/#\/schema\/logo\/image\/"}},{"@type":"Person","@id":"https:\/\/www.vagasdf.com.br\/#\/schema\/person\/9384a559252cca63e85a3316d81df8a9","name":"Vagas Emprego DF","image":{"@type":"ImageObject","inLanguage":"pt-BR","@id":"https:\/\/secure.gravatar.com\/avatar\/e198f9393383244894b06db503be8cb43011f384a429c7a9f84f3f61c138a35e?s=96&d=mm&r=g","url":"https:\/\/secure.gravatar.com\/avatar\/e198f9393383244894b06db503be8cb43011f384a429c7a9f84f3f61c138a35e?s=96&d=mm&r=g","contentUrl":"https:\/\/secure.gravatar.com\/avatar\/e198f9393383244894b06db503be8cb43011f384a429c7a9f84f3f61c138a35e?s=96&d=mm&r=g","caption":"Vagas Emprego DF"},"url":"https:\/\/www.vagasdf.com.br\/index.php\/author\/vagasemprego\/"}]}},"_links":{"self":[{"href":"https:\/\/www.vagasdf.com.br\/index.php\/wp-json\/wp\/v2\/posts\/34549","targetHints":{"allow":["GET"]}}],"collection":[{"href":"https:\/\/www.vagasdf.com.br\/index.php\/wp-json\/wp\/v2\/posts"}],"about":[{"href":"https:\/\/www.vagasdf.com.br\/index.php\/wp-json\/wp\/v2\/types\/post"}],"author":[{"embeddable":true,"href":"https:\/\/www.vagasdf.com.br\/index.php\/wp-json\/wp\/v2\/users\/2"}],"replies":[{"embeddable":true,"href":"https:\/\/www.vagasdf.com.br\/index.php\/wp-json\/wp\/v2\/comments?post=34549"}],"version-history":[{"count":0,"href":"https:\/\/www.vagasdf.com.br\/index.php\/wp-json\/wp\/v2\/posts\/34549\/revisions"}],"wp:attachment":[{"href":"https:\/\/www.vagasdf.com.br\/index.php\/wp-json\/wp\/v2\/media?parent=34549"}],"wp:term":[{"taxonomy":"category","embeddable":true,"href":"https:\/\/www.vagasdf.com.br\/index.php\/wp-json\/wp\/v2\/categories?post=34549"},{"taxonomy":"post_tag","embeddable":true,"href":"https:\/\/www.vagasdf.com.br\/index.php\/wp-json\/wp\/v2\/tags?post=34549"}],"curies":[{"name":"wp","href":"https:\/\/api.w.org\/{rel}","templated":true}]}}