{"id":37363,"date":"2024-08-15T13:00:48","date_gmt":"2024-08-15T16:00:48","guid":{"rendered":"https:\/\/www.vagasdf.com.br\/?p=37363"},"modified":"2024-08-15T13:00:48","modified_gmt":"2024-08-15T16:00:48","slug":"faturista-sobradinho-df-3","status":"publish","type":"post","link":"https:\/\/www.vagasdf.com.br\/index.php\/2024\/08\/15\/faturista-sobradinho-df-3\/","title":{"rendered":"Faturista &#8211; Sobradinho &#8211; DF"},"content":{"rendered":"<p style=\"text-align: justify;\">Atribui\u00e7\u00f5es:<\/p>\n<ul style=\"text-align: justify;\">\n<li>Conferir e analisar a composi\u00e7\u00e3o da ficha e prontu\u00e1rio do paciente (documentos obrigat\u00f3rios e preenchimentos); conferir o preenchimento m\u00e9dico referente o laudo de autoriza\u00e7\u00e3o; organizar e finalizar o fechamento mensal das contas de acordo com as normas do conv\u00eanio; executar o faturamento, codificando e digitando os procedimentos de acordo com o conv\u00eanio; executar outras tarefas correlatas \u00e0 \u00e1rea.<\/li>\n<\/ul>\n<p style=\"text-align: justify;\">Requisitos:<\/p>\n<ul style=\"text-align: justify;\">\n<li>Diferencial Ensino Superior ou Curso na \u00e1rea de conhecimento do faturamento.<\/li>\n<li>Conhecimentos do pacote Office; organizar, controlar, analisar e faturar as contas da institui\u00e7\u00e3o; conhecer c\u00e1lculo das principais tabelas (amb92\/CIEFAS, Cbhpm), Bras\u00edndice\/Simpro;<\/li>\n<li>Residir pr\u00f3ximo ao local da vaga.<\/li>\n<\/ul>\n<p style=\"text-align: justify;\">Jornada de Trabalho:<\/p>\n<ul style=\"text-align: justify;\">\n<li>Segunda \u00e0 Sexta feira das 07:00 \u00e0s 17:00 com 01:00 de almo\u00e7o.<\/li>\n<li>Redu\u00e7\u00e3o na jornada de 01 hora nas sextas-feiras.<\/li>\n<\/ul>\n<p style=\"text-align: justify;\">Remunera\u00e7\u00e3o:<\/p>\n<ul style=\"text-align: justify;\">\n<li>R$ 2.266,19<\/li>\n<\/ul>\n<p style=\"text-align: justify;\">Benef\u00edcios:<\/p>\n<ul style=\"text-align: justify;\">\n<li>Vale Refei\u00e7\u00e3o (35,00 por dia em dinheiro) + Vale transporte + Plano de Sa\u00fade com coparticipa\u00e7\u00e3o (ap\u00f3s o per\u00edodo de experi\u00eancia) + Parceria com o SESC;<\/li>\n<\/ul>\n<p style=\"text-align: justify;\">Observa\u00e7\u00f5es:<\/p>\n<ul style=\"text-align: justify;\">\n<li>Data m\u00e1xima para envio de curr\u00edculos: 01-09-2024<\/li>\n<\/ul>\n<p style=\"text-align: justify;\">Enviar curr\u00edculo informando no assunto do e-mail a vaga de interesse para <a href=\"mailto:recrutamento0763@gmail.com\">recrutamento0763@gmail.com<\/a><\/p>\n","protected":false},"excerpt":{"rendered":"<p>Atribui\u00e7\u00f5es: Conferir e analisar a composi\u00e7\u00e3o da ficha e prontu\u00e1rio do paciente (documentos obrigat\u00f3rios e preenchimentos); conferir o preenchimento m\u00e9dico referente o laudo de autoriza\u00e7\u00e3o; [&#8230;]<\/p>\n","protected":false},"author":2,"featured_media":0,"comment_status":"closed","ping_status":"closed","sticky":false,"template":"","format":"standard","meta":{"footnotes":""},"categories":[4,27,125],"tags":[],"class_list":["post-37363","post","type-post","status-publish","format-standard","hentry","category-administrativa","category-contabil-financeiro","category-ensino-superior-completo"],"yoast_head":"<!-- This site is optimized with the Yoast SEO plugin v27.5 - https:\/\/yoast.com\/product\/yoast-seo-wordpress\/ -->\n<title>Faturista - Sobradinho - DF - VagasDF<\/title>\n<meta name=\"robots\" content=\"index, follow, max-snippet:-1, max-image-preview:large, max-video-preview:-1\" \/>\n<link rel=\"canonical\" href=\"https:\/\/www.vagasdf.com.br\/index.php\/2024\/08\/15\/faturista-sobradinho-df-3\/\" \/>\n<meta property=\"og:locale\" content=\"pt_BR\" \/>\n<meta property=\"og:type\" content=\"article\" \/>\n<meta property=\"og:title\" content=\"Faturista - Sobradinho - DF - VagasDF\" \/>\n<meta property=\"og:description\" content=\"Atribui\u00e7\u00f5es: Conferir e analisar a composi\u00e7\u00e3o da ficha e prontu\u00e1rio do paciente (documentos obrigat\u00f3rios e preenchimentos); conferir o preenchimento m\u00e9dico referente o laudo de autoriza\u00e7\u00e3o; [...]\" \/>\n<meta property=\"og:url\" content=\"https:\/\/www.vagasdf.com.br\/index.php\/2024\/08\/15\/faturista-sobradinho-df-3\/\" \/>\n<meta property=\"og:site_name\" content=\"VagasDF\" \/>\n<meta property=\"article:published_time\" content=\"2024-08-15T16:00:48+00:00\" \/>\n<meta name=\"author\" content=\"Vagas Emprego DF\" \/>\n<meta name=\"twitter:card\" content=\"summary_large_image\" \/>\n<meta name=\"twitter:label1\" content=\"Escrito por\" \/>\n\t<meta name=\"twitter:data1\" content=\"Vagas Emprego DF\" \/>\n\t<meta name=\"twitter:label2\" content=\"Est. tempo de leitura\" \/>\n\t<meta name=\"twitter:data2\" content=\"1 minuto\" \/>\n<!-- \/ Yoast SEO plugin. -->","yoast_head_json":{"title":"Faturista - Sobradinho - DF - VagasDF","robots":{"index":"index","follow":"follow","max-snippet":"max-snippet:-1","max-image-preview":"max-image-preview:large","max-video-preview":"max-video-preview:-1"},"canonical":"https:\/\/www.vagasdf.com.br\/index.php\/2024\/08\/15\/faturista-sobradinho-df-3\/","og_locale":"pt_BR","og_type":"article","og_title":"Faturista - Sobradinho - DF - VagasDF","og_description":"Atribui\u00e7\u00f5es: Conferir e analisar a composi\u00e7\u00e3o da ficha e prontu\u00e1rio do paciente (documentos obrigat\u00f3rios e preenchimentos); conferir o preenchimento m\u00e9dico referente o laudo de autoriza\u00e7\u00e3o; [...]","og_url":"https:\/\/www.vagasdf.com.br\/index.php\/2024\/08\/15\/faturista-sobradinho-df-3\/","og_site_name":"VagasDF","article_published_time":"2024-08-15T16:00:48+00:00","author":"Vagas Emprego DF","twitter_card":"summary_large_image","twitter_misc":{"Escrito por":"Vagas Emprego DF","Est. tempo de leitura":"1 minuto"},"schema":{"@context":"https:\/\/schema.org","@graph":[{"@type":"Article","@id":"https:\/\/www.vagasdf.com.br\/index.php\/2024\/08\/15\/faturista-sobradinho-df-3\/#article","isPartOf":{"@id":"https:\/\/www.vagasdf.com.br\/index.php\/2024\/08\/15\/faturista-sobradinho-df-3\/"},"author":{"name":"Vagas Emprego DF","@id":"https:\/\/www.vagasdf.com.br\/#\/schema\/person\/9384a559252cca63e85a3316d81df8a9"},"headline":"Faturista &#8211; Sobradinho &#8211; DF","datePublished":"2024-08-15T16:00:48+00:00","mainEntityOfPage":{"@id":"https:\/\/www.vagasdf.com.br\/index.php\/2024\/08\/15\/faturista-sobradinho-df-3\/"},"wordCount":197,"publisher":{"@id":"https:\/\/www.vagasdf.com.br\/#organization"},"articleSection":["administra\u00e7\u00e3o geral","cont\u00e1bil \/ financeiro","ensino superior"],"inLanguage":"pt-BR"},{"@type":"WebPage","@id":"https:\/\/www.vagasdf.com.br\/index.php\/2024\/08\/15\/faturista-sobradinho-df-3\/","url":"https:\/\/www.vagasdf.com.br\/index.php\/2024\/08\/15\/faturista-sobradinho-df-3\/","name":"Faturista - Sobradinho - DF - VagasDF","isPartOf":{"@id":"https:\/\/www.vagasdf.com.br\/#website"},"datePublished":"2024-08-15T16:00:48+00:00","breadcrumb":{"@id":"https:\/\/www.vagasdf.com.br\/index.php\/2024\/08\/15\/faturista-sobradinho-df-3\/#breadcrumb"},"inLanguage":"pt-BR","potentialAction":[{"@type":"ReadAction","target":["https:\/\/www.vagasdf.com.br\/index.php\/2024\/08\/15\/faturista-sobradinho-df-3\/"]}]},{"@type":"BreadcrumbList","@id":"https:\/\/www.vagasdf.com.br\/index.php\/2024\/08\/15\/faturista-sobradinho-df-3\/#breadcrumb","itemListElement":[{"@type":"ListItem","position":1,"name":"Home","item":"https:\/\/www.vagasdf.com.br\/"},{"@type":"ListItem","position":2,"name":"Faturista &#8211; Sobradinho &#8211; DF"}]},{"@type":"WebSite","@id":"https:\/\/www.vagasdf.com.br\/#website","url":"https:\/\/www.vagasdf.com.br\/","name":"VagasDF","description":"Vagas de Emprego e Est\u00e1gio no DF","publisher":{"@id":"https:\/\/www.vagasdf.com.br\/#organization"},"potentialAction":[{"@type":"SearchAction","target":{"@type":"EntryPoint","urlTemplate":"https:\/\/www.vagasdf.com.br\/?s={search_term_string}"},"query-input":{"@type":"PropertyValueSpecification","valueRequired":true,"valueName":"search_term_string"}}],"inLanguage":"pt-BR"},{"@type":"Organization","@id":"https:\/\/www.vagasdf.com.br\/#organization","name":"VagasDF","url":"https:\/\/www.vagasdf.com.br\/","logo":{"@type":"ImageObject","inLanguage":"pt-BR","@id":"https:\/\/www.vagasdf.com.br\/#\/schema\/logo\/image\/","url":"https:\/\/www.vagasdf.com.br\/wp-content\/uploads\/2025\/06\/cropped-vdf-logo-2021.jpg","contentUrl":"https:\/\/www.vagasdf.com.br\/wp-content\/uploads\/2025\/06\/cropped-vdf-logo-2021.jpg","width":350,"height":100,"caption":"VagasDF"},"image":{"@id":"https:\/\/www.vagasdf.com.br\/#\/schema\/logo\/image\/"}},{"@type":"Person","@id":"https:\/\/www.vagasdf.com.br\/#\/schema\/person\/9384a559252cca63e85a3316d81df8a9","name":"Vagas Emprego DF","image":{"@type":"ImageObject","inLanguage":"pt-BR","@id":"https:\/\/secure.gravatar.com\/avatar\/e198f9393383244894b06db503be8cb43011f384a429c7a9f84f3f61c138a35e?s=96&d=mm&r=g","url":"https:\/\/secure.gravatar.com\/avatar\/e198f9393383244894b06db503be8cb43011f384a429c7a9f84f3f61c138a35e?s=96&d=mm&r=g","contentUrl":"https:\/\/secure.gravatar.com\/avatar\/e198f9393383244894b06db503be8cb43011f384a429c7a9f84f3f61c138a35e?s=96&d=mm&r=g","caption":"Vagas Emprego DF"},"url":"https:\/\/www.vagasdf.com.br\/index.php\/author\/vagasemprego\/"}]}},"_links":{"self":[{"href":"https:\/\/www.vagasdf.com.br\/index.php\/wp-json\/wp\/v2\/posts\/37363","targetHints":{"allow":["GET"]}}],"collection":[{"href":"https:\/\/www.vagasdf.com.br\/index.php\/wp-json\/wp\/v2\/posts"}],"about":[{"href":"https:\/\/www.vagasdf.com.br\/index.php\/wp-json\/wp\/v2\/types\/post"}],"author":[{"embeddable":true,"href":"https:\/\/www.vagasdf.com.br\/index.php\/wp-json\/wp\/v2\/users\/2"}],"replies":[{"embeddable":true,"href":"https:\/\/www.vagasdf.com.br\/index.php\/wp-json\/wp\/v2\/comments?post=37363"}],"version-history":[{"count":0,"href":"https:\/\/www.vagasdf.com.br\/index.php\/wp-json\/wp\/v2\/posts\/37363\/revisions"}],"wp:attachment":[{"href":"https:\/\/www.vagasdf.com.br\/index.php\/wp-json\/wp\/v2\/media?parent=37363"}],"wp:term":[{"taxonomy":"category","embeddable":true,"href":"https:\/\/www.vagasdf.com.br\/index.php\/wp-json\/wp\/v2\/categories?post=37363"},{"taxonomy":"post_tag","embeddable":true,"href":"https:\/\/www.vagasdf.com.br\/index.php\/wp-json\/wp\/v2\/tags?post=37363"}],"curies":[{"name":"wp","href":"https:\/\/api.w.org\/{rel}","templated":true}]}}