{"id":37665,"date":"2024-09-10T14:00:34","date_gmt":"2024-09-10T17:00:34","guid":{"rendered":"https:\/\/www.vagasdf.com.br\/?p=37665"},"modified":"2024-09-10T14:00:34","modified_gmt":"2024-09-10T17:00:34","slug":"vaga-temporaria-leroy-merlin-vaga-assessor-de-vendas-de-natal-sof-norte-leroy-merlin-df","status":"publish","type":"post","link":"https:\/\/www.vagasdf.com.br\/index.php\/2024\/09\/10\/vaga-temporaria-leroy-merlin-vaga-assessor-de-vendas-de-natal-sof-norte-leroy-merlin-df\/","title":{"rendered":"Vaga Tempor\u00e1ria Leroy Merlin Vaga: Assessor de Vendas de Natal &#8211; SOF &#8211; Norte &#8211; Leroy Merlin &#8211; DF"},"content":{"rendered":"<p style=\"text-align: justify;\">Atribui\u00e7\u00f5es:<\/p>\n<ul style=\"text-align: justify;\">\n<li>Como \u00e9 o dia a dia de um(a) Assessor(a) de Vendas:<\/li>\n<li>Atende ao cliente e vende produtos nas se\u00e7\u00f5es\/fam\u00edlias onde a venda \u00e9 autosservi\u00e7o ou semi assistida.<\/li>\n<li>Aborda o cliente, escuta, pesquisa suas necessidades e cuida dos lineares.<\/li>\n<li>Argumenta, fecha a venda e desenvolve uma rela\u00e7\u00e3o pr\u00f3xima com o cliente.<\/li>\n<li>Auxilia o cliente a encontrar o produto que ele precisa, seus complementares e suplementares.<\/li>\n<\/ul>\n<p style=\"text-align: justify;\">Requisitos:<\/p>\n<ul style=\"text-align: justify;\">\n<li>Ensino M\u00e9dio Completo.<\/li>\n<li>Experi\u00eancia anterior com vendas ser\u00e1 considerada um diferencial.<\/li>\n<li>Disponibilidade para trabalhar aos finais de semana e feriados.<\/li>\n<li>Orienta\u00e7\u00e3o para a satisfa\u00e7\u00e3o do cliente.<\/li>\n<li>Iniciativa para fazer acontecer.<\/li>\n<\/ul>\n<p style=\"text-align: justify;\">Jornada de Trabalho:<\/p>\n<ul style=\"text-align: justify;\">\n<li>Flex\u00edvel<\/li>\n<\/ul>\n<p style=\"text-align: justify;\">Remunera\u00e7\u00e3o:<\/p>\n<ul style=\"text-align: justify;\">\n<li>Negoci\u00e1vel<\/li>\n<\/ul>\n<p style=\"text-align: justify;\">Benef\u00edcios:<\/p>\n<ul style=\"text-align: justify;\">\n<li>Vale alimenta\u00e7\u00e3o<\/li>\n<li>Vale transporte<\/li>\n<li>DAYOFF<\/li>\n<li>Cesta b\u00e1sica<\/li>\n<li>Plano de sa\u00fade<\/li>\n<li>Plano odontol\u00f3gico<\/li>\n<li>Seguro de vida<\/li>\n<\/ul>\n<p style=\"text-align: justify;\">Observa\u00e7\u00f5es:<\/p>\n<ul style=\"text-align: justify;\">\n<li>Data m\u00e1xima para envio de curr\u00edculos: 30-09- 2024<\/li>\n<\/ul>\n<p style=\"text-align: justify;\">Enviar curr\u00edculo informando no assunto do e-mail a vaga de interesse para <a href=\"mailto:kamartins@leroymerlin.com.br\">kamartins@leroymerlin.com.br<\/a><\/p>\n","protected":false},"excerpt":{"rendered":"<p>Atribui\u00e7\u00f5es: Como \u00e9 o dia a dia de um(a) Assessor(a) de Vendas: Atende ao cliente e vende produtos nas se\u00e7\u00f5es\/fam\u00edlias onde a venda \u00e9 autosservi\u00e7o [&#8230;]<\/p>\n","protected":false},"author":2,"featured_media":0,"comment_status":"closed","ping_status":"closed","sticky":false,"template":"","format":"standard","meta":{"footnotes":""},"categories":[21,123,107],"tags":[],"class_list":["post-37665","post","type-post","status-publish","format-standard","hentry","category-comercial-vendas","category-ensino-medio-completo","category-trabalho-temporario"],"yoast_head":"<!-- This site is optimized with the Yoast SEO plugin v27.5 - https:\/\/yoast.com\/product\/yoast-seo-wordpress\/ -->\n<title>Vaga Tempor\u00e1ria Leroy Merlin Vaga: Assessor de Vendas de Natal - SOF - Norte - Leroy Merlin - DF - VagasDF<\/title>\n<meta name=\"robots\" content=\"index, follow, max-snippet:-1, max-image-preview:large, max-video-preview:-1\" \/>\n<link rel=\"canonical\" href=\"https:\/\/www.vagasdf.com.br\/index.php\/2024\/09\/10\/vaga-temporaria-leroy-merlin-vaga-assessor-de-vendas-de-natal-sof-norte-leroy-merlin-df\/\" \/>\n<meta property=\"og:locale\" content=\"pt_BR\" \/>\n<meta property=\"og:type\" content=\"article\" \/>\n<meta property=\"og:title\" content=\"Vaga Tempor\u00e1ria Leroy Merlin Vaga: Assessor de Vendas de Natal - SOF - Norte - Leroy Merlin - DF - VagasDF\" \/>\n<meta property=\"og:description\" content=\"Atribui\u00e7\u00f5es: Como \u00e9 o dia a dia de um(a) Assessor(a) de Vendas: Atende ao cliente e vende produtos nas se\u00e7\u00f5es\/fam\u00edlias onde a venda \u00e9 autosservi\u00e7o [...]\" \/>\n<meta property=\"og:url\" content=\"https:\/\/www.vagasdf.com.br\/index.php\/2024\/09\/10\/vaga-temporaria-leroy-merlin-vaga-assessor-de-vendas-de-natal-sof-norte-leroy-merlin-df\/\" \/>\n<meta property=\"og:site_name\" content=\"VagasDF\" \/>\n<meta property=\"article:published_time\" content=\"2024-09-10T17:00:34+00:00\" \/>\n<meta name=\"author\" content=\"Vagas Emprego DF\" \/>\n<meta name=\"twitter:card\" content=\"summary_large_image\" \/>\n<meta name=\"twitter:label1\" content=\"Escrito por\" \/>\n\t<meta name=\"twitter:data1\" content=\"Vagas Emprego DF\" \/>\n\t<meta name=\"twitter:label2\" content=\"Est. tempo de leitura\" \/>\n\t<meta name=\"twitter:data2\" content=\"1 minuto\" \/>\n<!-- \/ Yoast SEO plugin. -->","yoast_head_json":{"title":"Vaga Tempor\u00e1ria Leroy Merlin Vaga: Assessor de Vendas de Natal - SOF - Norte - Leroy Merlin - DF - VagasDF","robots":{"index":"index","follow":"follow","max-snippet":"max-snippet:-1","max-image-preview":"max-image-preview:large","max-video-preview":"max-video-preview:-1"},"canonical":"https:\/\/www.vagasdf.com.br\/index.php\/2024\/09\/10\/vaga-temporaria-leroy-merlin-vaga-assessor-de-vendas-de-natal-sof-norte-leroy-merlin-df\/","og_locale":"pt_BR","og_type":"article","og_title":"Vaga Tempor\u00e1ria Leroy Merlin Vaga: Assessor de Vendas de Natal - SOF - Norte - Leroy Merlin - DF - VagasDF","og_description":"Atribui\u00e7\u00f5es: Como \u00e9 o dia a dia de um(a) Assessor(a) de Vendas: Atende ao cliente e vende produtos nas se\u00e7\u00f5es\/fam\u00edlias onde a venda \u00e9 autosservi\u00e7o [...]","og_url":"https:\/\/www.vagasdf.com.br\/index.php\/2024\/09\/10\/vaga-temporaria-leroy-merlin-vaga-assessor-de-vendas-de-natal-sof-norte-leroy-merlin-df\/","og_site_name":"VagasDF","article_published_time":"2024-09-10T17:00:34+00:00","author":"Vagas Emprego DF","twitter_card":"summary_large_image","twitter_misc":{"Escrito por":"Vagas Emprego DF","Est. tempo de leitura":"1 minuto"},"schema":{"@context":"https:\/\/schema.org","@graph":[{"@type":"Article","@id":"https:\/\/www.vagasdf.com.br\/index.php\/2024\/09\/10\/vaga-temporaria-leroy-merlin-vaga-assessor-de-vendas-de-natal-sof-norte-leroy-merlin-df\/#article","isPartOf":{"@id":"https:\/\/www.vagasdf.com.br\/index.php\/2024\/09\/10\/vaga-temporaria-leroy-merlin-vaga-assessor-de-vendas-de-natal-sof-norte-leroy-merlin-df\/"},"author":{"name":"Vagas Emprego DF","@id":"https:\/\/www.vagasdf.com.br\/#\/schema\/person\/9384a559252cca63e85a3316d81df8a9"},"headline":"Vaga Tempor\u00e1ria Leroy Merlin Vaga: Assessor de Vendas de Natal &#8211; SOF &#8211; Norte &#8211; Leroy Merlin &#8211; DF","datePublished":"2024-09-10T17:00:34+00:00","mainEntityOfPage":{"@id":"https:\/\/www.vagasdf.com.br\/index.php\/2024\/09\/10\/vaga-temporaria-leroy-merlin-vaga-assessor-de-vendas-de-natal-sof-norte-leroy-merlin-df\/"},"wordCount":186,"publisher":{"@id":"https:\/\/www.vagasdf.com.br\/#organization"},"articleSection":["comercial \/ vendas","ensino m\u00e9dio","trabalho tempor\u00e1rio"],"inLanguage":"pt-BR"},{"@type":"WebPage","@id":"https:\/\/www.vagasdf.com.br\/index.php\/2024\/09\/10\/vaga-temporaria-leroy-merlin-vaga-assessor-de-vendas-de-natal-sof-norte-leroy-merlin-df\/","url":"https:\/\/www.vagasdf.com.br\/index.php\/2024\/09\/10\/vaga-temporaria-leroy-merlin-vaga-assessor-de-vendas-de-natal-sof-norte-leroy-merlin-df\/","name":"Vaga Tempor\u00e1ria Leroy Merlin Vaga: Assessor de Vendas de Natal - SOF - Norte - Leroy Merlin - DF - VagasDF","isPartOf":{"@id":"https:\/\/www.vagasdf.com.br\/#website"},"datePublished":"2024-09-10T17:00:34+00:00","breadcrumb":{"@id":"https:\/\/www.vagasdf.com.br\/index.php\/2024\/09\/10\/vaga-temporaria-leroy-merlin-vaga-assessor-de-vendas-de-natal-sof-norte-leroy-merlin-df\/#breadcrumb"},"inLanguage":"pt-BR","potentialAction":[{"@type":"ReadAction","target":["https:\/\/www.vagasdf.com.br\/index.php\/2024\/09\/10\/vaga-temporaria-leroy-merlin-vaga-assessor-de-vendas-de-natal-sof-norte-leroy-merlin-df\/"]}]},{"@type":"BreadcrumbList","@id":"https:\/\/www.vagasdf.com.br\/index.php\/2024\/09\/10\/vaga-temporaria-leroy-merlin-vaga-assessor-de-vendas-de-natal-sof-norte-leroy-merlin-df\/#breadcrumb","itemListElement":[{"@type":"ListItem","position":1,"name":"Home","item":"https:\/\/www.vagasdf.com.br\/"},{"@type":"ListItem","position":2,"name":"Vaga Tempor\u00e1ria Leroy Merlin Vaga: Assessor de Vendas de Natal &#8211; SOF &#8211; Norte &#8211; Leroy Merlin &#8211; DF"}]},{"@type":"WebSite","@id":"https:\/\/www.vagasdf.com.br\/#website","url":"https:\/\/www.vagasdf.com.br\/","name":"VagasDF","description":"Vagas de Emprego e Est\u00e1gio no DF","publisher":{"@id":"https:\/\/www.vagasdf.com.br\/#organization"},"potentialAction":[{"@type":"SearchAction","target":{"@type":"EntryPoint","urlTemplate":"https:\/\/www.vagasdf.com.br\/?s={search_term_string}"},"query-input":{"@type":"PropertyValueSpecification","valueRequired":true,"valueName":"search_term_string"}}],"inLanguage":"pt-BR"},{"@type":"Organization","@id":"https:\/\/www.vagasdf.com.br\/#organization","name":"VagasDF","url":"https:\/\/www.vagasdf.com.br\/","logo":{"@type":"ImageObject","inLanguage":"pt-BR","@id":"https:\/\/www.vagasdf.com.br\/#\/schema\/logo\/image\/","url":"https:\/\/www.vagasdf.com.br\/wp-content\/uploads\/2025\/06\/cropped-vdf-logo-2021.jpg","contentUrl":"https:\/\/www.vagasdf.com.br\/wp-content\/uploads\/2025\/06\/cropped-vdf-logo-2021.jpg","width":350,"height":100,"caption":"VagasDF"},"image":{"@id":"https:\/\/www.vagasdf.com.br\/#\/schema\/logo\/image\/"}},{"@type":"Person","@id":"https:\/\/www.vagasdf.com.br\/#\/schema\/person\/9384a559252cca63e85a3316d81df8a9","name":"Vagas Emprego DF","image":{"@type":"ImageObject","inLanguage":"pt-BR","@id":"https:\/\/secure.gravatar.com\/avatar\/e198f9393383244894b06db503be8cb43011f384a429c7a9f84f3f61c138a35e?s=96&d=mm&r=g","url":"https:\/\/secure.gravatar.com\/avatar\/e198f9393383244894b06db503be8cb43011f384a429c7a9f84f3f61c138a35e?s=96&d=mm&r=g","contentUrl":"https:\/\/secure.gravatar.com\/avatar\/e198f9393383244894b06db503be8cb43011f384a429c7a9f84f3f61c138a35e?s=96&d=mm&r=g","caption":"Vagas Emprego DF"},"url":"https:\/\/www.vagasdf.com.br\/index.php\/author\/vagasemprego\/"}]}},"_links":{"self":[{"href":"https:\/\/www.vagasdf.com.br\/index.php\/wp-json\/wp\/v2\/posts\/37665","targetHints":{"allow":["GET"]}}],"collection":[{"href":"https:\/\/www.vagasdf.com.br\/index.php\/wp-json\/wp\/v2\/posts"}],"about":[{"href":"https:\/\/www.vagasdf.com.br\/index.php\/wp-json\/wp\/v2\/types\/post"}],"author":[{"embeddable":true,"href":"https:\/\/www.vagasdf.com.br\/index.php\/wp-json\/wp\/v2\/users\/2"}],"replies":[{"embeddable":true,"href":"https:\/\/www.vagasdf.com.br\/index.php\/wp-json\/wp\/v2\/comments?post=37665"}],"version-history":[{"count":0,"href":"https:\/\/www.vagasdf.com.br\/index.php\/wp-json\/wp\/v2\/posts\/37665\/revisions"}],"wp:attachment":[{"href":"https:\/\/www.vagasdf.com.br\/index.php\/wp-json\/wp\/v2\/media?parent=37665"}],"wp:term":[{"taxonomy":"category","embeddable":true,"href":"https:\/\/www.vagasdf.com.br\/index.php\/wp-json\/wp\/v2\/categories?post=37665"},{"taxonomy":"post_tag","embeddable":true,"href":"https:\/\/www.vagasdf.com.br\/index.php\/wp-json\/wp\/v2\/tags?post=37665"}],"curies":[{"name":"wp","href":"https:\/\/api.w.org\/{rel}","templated":true}]}}