{"id":38368,"date":"2024-10-29T13:00:38","date_gmt":"2024-10-29T16:00:38","guid":{"rendered":"https:\/\/www.vagasdf.com.br\/?p=38368"},"modified":"2024-10-29T13:00:38","modified_gmt":"2024-10-29T16:00:38","slug":"tecnico-em-eletrotecnica-eletroeletronica","status":"publish","type":"post","link":"https:\/\/www.vagasdf.com.br\/index.php\/2024\/10\/29\/tecnico-em-eletrotecnica-eletroeletronica\/","title":{"rendered":"T\u00e9cnico em Eletrot\u00e9cnica \/ Eletroeletr\u00f4nica"},"content":{"rendered":"<p>Requisitos:<\/p>\n<ul>\n<li>Ensino M\u00e9dio T\u00e9cnico Completo (com CFT ativo \u00e9 um diferencial) ou Ensino Superior Cursando;<\/li>\n<li>Necess\u00e1rio possuir experi\u00eancia m\u00ednima de 02 anos comprovada em CTPS em montagem ou manuten\u00e7\u00e3o de sistemas eletr\u00f4nicos: como detec\u00e7\u00e3o OU alarme contra inc\u00eandio OU intrus\u00e3o e\/OU CFTV;<\/li>\n<li>Carteira de Motorista: Categoria B.<\/li>\n<li>Com disponibilidade para viagens.<\/li>\n<\/ul>\n<p>Atividades:<\/p>\n<ul>\n<li>Conhecimento no pacote Office (Word e Excel) para preenchimento de planilhas e relat\u00f3rios; Colaborar na assist\u00eancia t\u00e9cnica de equipamentos el\u00e9tricos; Fazer manuten\u00e7\u00e3o dos equipamentos el\u00e9tricos; Montam, testam e inspecionam placas, aparelhos e, ou equipamentos eletroeletr\u00f4nicos e painel de comando; Organizam e mant\u00eam o local de trabalho em condi\u00e7\u00f5es de uso; Abastecer o posto de trabalho de componentes, pe\u00e7as e materiais;\u00a0Executar atribui\u00e7\u00f5es conforme CFT N\u00b0 094 de 13 de fevereiro de 2020.<\/li>\n<\/ul>\n<p>Jornada de Trabalho:<\/p>\n<ul>\n<li>Segunda a Sexta Feira das 08:00 \u00e0s 18:00. (caso seja necess\u00e1rio aos S\u00e1bados, com aviso pr\u00e9vio).<\/li>\n<\/ul>\n<p>Sal\u00e1rio:<\/p>\n<ul>\n<li>R$ 3.200,00<\/li>\n<\/ul>\n<p>Benef\u00edcios:<\/p>\n<ul>\n<li>Vale-refei\u00e7\u00e3o; Vale-transporte; Seguro de Vida Coletivo; Adicional Noturno, caso seja necess\u00e1rio; Hora Extra, caso seja necess\u00e1rio; Participa\u00e7\u00e3o dos lucros (PLR); Periculosidade; Banco de horas; e Day Off.<\/li>\n<\/ul>\n<p>Local de Trabalho:<\/p>\n<ul>\n<li>Bras\u00edlia e Regi\u00e3o<\/li>\n<\/ul>\n<p>Data m\u00e1xima para envio de curr\u00edculos: 04\/11\/2024<\/p>\n<p>Enviar curr\u00edculo informando no assunto do e-mail a vaga de interesse para<a href=\"mailto:contrata.rochacontrols@gmail.com\"> contrata.rochacontrols@gmail.com <\/a><\/p>\n","protected":false},"excerpt":{"rendered":"<p>Requisitos: Ensino M\u00e9dio T\u00e9cnico Completo (com CFT ativo \u00e9 um diferencial) ou Ensino Superior Cursando; Necess\u00e1rio possuir experi\u00eancia m\u00ednima de 02 anos comprovada em CTPS [&#8230;]<\/p>\n","protected":false},"author":2,"featured_media":0,"comment_status":"closed","ping_status":"closed","sticky":false,"template":"","format":"standard","meta":{"footnotes":""},"categories":[39,126,127],"tags":[],"class_list":["post-38368","post","type-post","status-publish","format-standard","hentry","category-eletrotecnica-eletroeletronica","category-ensino-superior-incompleto","category-ensino-tecnico-completo"],"yoast_head":"<!-- This site is optimized with the Yoast SEO plugin v27.5 - https:\/\/yoast.com\/product\/yoast-seo-wordpress\/ -->\n<title>T\u00e9cnico em Eletrot\u00e9cnica \/ Eletroeletr\u00f4nica - VagasDF<\/title>\n<meta name=\"robots\" content=\"index, follow, max-snippet:-1, max-image-preview:large, max-video-preview:-1\" \/>\n<link rel=\"canonical\" href=\"https:\/\/www.vagasdf.com.br\/index.php\/2024\/10\/29\/tecnico-em-eletrotecnica-eletroeletronica\/\" \/>\n<meta property=\"og:locale\" content=\"pt_BR\" \/>\n<meta property=\"og:type\" content=\"article\" \/>\n<meta property=\"og:title\" content=\"T\u00e9cnico em Eletrot\u00e9cnica \/ Eletroeletr\u00f4nica - VagasDF\" \/>\n<meta property=\"og:description\" content=\"Requisitos: Ensino M\u00e9dio T\u00e9cnico Completo (com CFT ativo \u00e9 um diferencial) ou Ensino Superior Cursando; Necess\u00e1rio possuir experi\u00eancia m\u00ednima de 02 anos comprovada em CTPS [...]\" \/>\n<meta property=\"og:url\" content=\"https:\/\/www.vagasdf.com.br\/index.php\/2024\/10\/29\/tecnico-em-eletrotecnica-eletroeletronica\/\" \/>\n<meta property=\"og:site_name\" content=\"VagasDF\" \/>\n<meta property=\"article:published_time\" content=\"2024-10-29T16:00:38+00:00\" \/>\n<meta name=\"author\" content=\"Vagas Emprego DF\" \/>\n<meta name=\"twitter:card\" content=\"summary_large_image\" \/>\n<meta name=\"twitter:label1\" content=\"Escrito por\" \/>\n\t<meta name=\"twitter:data1\" content=\"Vagas Emprego DF\" \/>\n\t<meta name=\"twitter:label2\" content=\"Est. tempo de leitura\" \/>\n\t<meta name=\"twitter:data2\" content=\"1 minuto\" \/>\n<!-- \/ Yoast SEO plugin. -->","yoast_head_json":{"title":"T\u00e9cnico em Eletrot\u00e9cnica \/ Eletroeletr\u00f4nica - VagasDF","robots":{"index":"index","follow":"follow","max-snippet":"max-snippet:-1","max-image-preview":"max-image-preview:large","max-video-preview":"max-video-preview:-1"},"canonical":"https:\/\/www.vagasdf.com.br\/index.php\/2024\/10\/29\/tecnico-em-eletrotecnica-eletroeletronica\/","og_locale":"pt_BR","og_type":"article","og_title":"T\u00e9cnico em Eletrot\u00e9cnica \/ Eletroeletr\u00f4nica - VagasDF","og_description":"Requisitos: Ensino M\u00e9dio T\u00e9cnico Completo (com CFT ativo \u00e9 um diferencial) ou Ensino Superior Cursando; Necess\u00e1rio possuir experi\u00eancia m\u00ednima de 02 anos comprovada em CTPS [...]","og_url":"https:\/\/www.vagasdf.com.br\/index.php\/2024\/10\/29\/tecnico-em-eletrotecnica-eletroeletronica\/","og_site_name":"VagasDF","article_published_time":"2024-10-29T16:00:38+00:00","author":"Vagas Emprego DF","twitter_card":"summary_large_image","twitter_misc":{"Escrito por":"Vagas Emprego DF","Est. tempo de leitura":"1 minuto"},"schema":{"@context":"https:\/\/schema.org","@graph":[{"@type":"Article","@id":"https:\/\/www.vagasdf.com.br\/index.php\/2024\/10\/29\/tecnico-em-eletrotecnica-eletroeletronica\/#article","isPartOf":{"@id":"https:\/\/www.vagasdf.com.br\/index.php\/2024\/10\/29\/tecnico-em-eletrotecnica-eletroeletronica\/"},"author":{"name":"Vagas Emprego DF","@id":"https:\/\/www.vagasdf.com.br\/#\/schema\/person\/9384a559252cca63e85a3316d81df8a9"},"headline":"T\u00e9cnico em Eletrot\u00e9cnica \/ Eletroeletr\u00f4nica","datePublished":"2024-10-29T16:00:38+00:00","mainEntityOfPage":{"@id":"https:\/\/www.vagasdf.com.br\/index.php\/2024\/10\/29\/tecnico-em-eletrotecnica-eletroeletronica\/"},"wordCount":237,"publisher":{"@id":"https:\/\/www.vagasdf.com.br\/#organization"},"articleSection":["eletrot\u00e9cnica\/eletroeletr\u00f4nica","ensino superior incompleto","ensino t\u00e9cnico"],"inLanguage":"pt-BR"},{"@type":"WebPage","@id":"https:\/\/www.vagasdf.com.br\/index.php\/2024\/10\/29\/tecnico-em-eletrotecnica-eletroeletronica\/","url":"https:\/\/www.vagasdf.com.br\/index.php\/2024\/10\/29\/tecnico-em-eletrotecnica-eletroeletronica\/","name":"T\u00e9cnico em Eletrot\u00e9cnica \/ Eletroeletr\u00f4nica - VagasDF","isPartOf":{"@id":"https:\/\/www.vagasdf.com.br\/#website"},"datePublished":"2024-10-29T16:00:38+00:00","breadcrumb":{"@id":"https:\/\/www.vagasdf.com.br\/index.php\/2024\/10\/29\/tecnico-em-eletrotecnica-eletroeletronica\/#breadcrumb"},"inLanguage":"pt-BR","potentialAction":[{"@type":"ReadAction","target":["https:\/\/www.vagasdf.com.br\/index.php\/2024\/10\/29\/tecnico-em-eletrotecnica-eletroeletronica\/"]}]},{"@type":"BreadcrumbList","@id":"https:\/\/www.vagasdf.com.br\/index.php\/2024\/10\/29\/tecnico-em-eletrotecnica-eletroeletronica\/#breadcrumb","itemListElement":[{"@type":"ListItem","position":1,"name":"Home","item":"https:\/\/www.vagasdf.com.br\/"},{"@type":"ListItem","position":2,"name":"T\u00e9cnico em Eletrot\u00e9cnica \/ Eletroeletr\u00f4nica"}]},{"@type":"WebSite","@id":"https:\/\/www.vagasdf.com.br\/#website","url":"https:\/\/www.vagasdf.com.br\/","name":"VagasDF","description":"Vagas de Emprego e Est\u00e1gio no DF","publisher":{"@id":"https:\/\/www.vagasdf.com.br\/#organization"},"potentialAction":[{"@type":"SearchAction","target":{"@type":"EntryPoint","urlTemplate":"https:\/\/www.vagasdf.com.br\/?s={search_term_string}"},"query-input":{"@type":"PropertyValueSpecification","valueRequired":true,"valueName":"search_term_string"}}],"inLanguage":"pt-BR"},{"@type":"Organization","@id":"https:\/\/www.vagasdf.com.br\/#organization","name":"VagasDF","url":"https:\/\/www.vagasdf.com.br\/","logo":{"@type":"ImageObject","inLanguage":"pt-BR","@id":"https:\/\/www.vagasdf.com.br\/#\/schema\/logo\/image\/","url":"https:\/\/www.vagasdf.com.br\/wp-content\/uploads\/2025\/06\/cropped-vdf-logo-2021.jpg","contentUrl":"https:\/\/www.vagasdf.com.br\/wp-content\/uploads\/2025\/06\/cropped-vdf-logo-2021.jpg","width":350,"height":100,"caption":"VagasDF"},"image":{"@id":"https:\/\/www.vagasdf.com.br\/#\/schema\/logo\/image\/"}},{"@type":"Person","@id":"https:\/\/www.vagasdf.com.br\/#\/schema\/person\/9384a559252cca63e85a3316d81df8a9","name":"Vagas Emprego DF","image":{"@type":"ImageObject","inLanguage":"pt-BR","@id":"https:\/\/secure.gravatar.com\/avatar\/e198f9393383244894b06db503be8cb43011f384a429c7a9f84f3f61c138a35e?s=96&d=mm&r=g","url":"https:\/\/secure.gravatar.com\/avatar\/e198f9393383244894b06db503be8cb43011f384a429c7a9f84f3f61c138a35e?s=96&d=mm&r=g","contentUrl":"https:\/\/secure.gravatar.com\/avatar\/e198f9393383244894b06db503be8cb43011f384a429c7a9f84f3f61c138a35e?s=96&d=mm&r=g","caption":"Vagas Emprego DF"},"url":"https:\/\/www.vagasdf.com.br\/index.php\/author\/vagasemprego\/"}]}},"_links":{"self":[{"href":"https:\/\/www.vagasdf.com.br\/index.php\/wp-json\/wp\/v2\/posts\/38368","targetHints":{"allow":["GET"]}}],"collection":[{"href":"https:\/\/www.vagasdf.com.br\/index.php\/wp-json\/wp\/v2\/posts"}],"about":[{"href":"https:\/\/www.vagasdf.com.br\/index.php\/wp-json\/wp\/v2\/types\/post"}],"author":[{"embeddable":true,"href":"https:\/\/www.vagasdf.com.br\/index.php\/wp-json\/wp\/v2\/users\/2"}],"replies":[{"embeddable":true,"href":"https:\/\/www.vagasdf.com.br\/index.php\/wp-json\/wp\/v2\/comments?post=38368"}],"version-history":[{"count":0,"href":"https:\/\/www.vagasdf.com.br\/index.php\/wp-json\/wp\/v2\/posts\/38368\/revisions"}],"wp:attachment":[{"href":"https:\/\/www.vagasdf.com.br\/index.php\/wp-json\/wp\/v2\/media?parent=38368"}],"wp:term":[{"taxonomy":"category","embeddable":true,"href":"https:\/\/www.vagasdf.com.br\/index.php\/wp-json\/wp\/v2\/categories?post=38368"},{"taxonomy":"post_tag","embeddable":true,"href":"https:\/\/www.vagasdf.com.br\/index.php\/wp-json\/wp\/v2\/tags?post=38368"}],"curies":[{"name":"wp","href":"https:\/\/api.w.org\/{rel}","templated":true}]}}