{"id":39727,"date":"2025-02-26T11:00:31","date_gmt":"2025-02-26T14:00:31","guid":{"rendered":"https:\/\/www.vagasdf.com.br\/?p=39727"},"modified":"2025-02-26T11:00:31","modified_gmt":"2025-02-26T14:00:31","slug":"analista-de-logistica-luziania-go","status":"publish","type":"post","link":"https:\/\/www.vagasdf.com.br\/index.php\/2025\/02\/26\/analista-de-logistica-luziania-go\/","title":{"rendered":"Analista de Log\u00edstica &#8211; Luzi\u00e2nia &#8211; GO"},"content":{"rendered":"<p style=\"text-align: justify;\">Informa\u00e7\u00f5es Gerais:<\/p>\n<ul style=\"text-align: justify;\">\n<li>Segmento da empresa: Com\u00e9rcio de M\u00e1rmores e Granitos.<\/li>\n<\/ul>\n<p style=\"text-align: justify;\">Requisitos:<\/p>\n<ul style=\"text-align: justify;\">\n<li>Forma\u00e7\u00e3o em Log\u00edstica, Gest\u00e3o de Suprimentos e \u00e1reas correlatas;<\/li>\n<li>Experi\u00eancia na \u00e1rea de log\u00edstica, preferencialmente no setor de marmoraria ou materiais de constru\u00e7\u00e3o.<\/li>\n<li>Conhecimento em gest\u00e3o de estoques e controle de armazenagem.<\/li>\n<li>Habilidade para planejamento de rotas e controle de frota.<\/li>\n<li>Familiaridade com sistemas de gest\u00e3o log\u00edstica e processos de transporte de cargas pesadas.<\/li>\n<li>Organiza\u00e7\u00e3o, proatividade e capacidade de solucionar problemas log\u00edsticos.<\/li>\n<li>Complementares: Negocia\u00e7\u00e3o com Fornecedores e Transportadoras<\/li>\n<li>Sistemas ERP para Log\u00edstica<\/li>\n<li>Normas de Seguran\u00e7a no Transporte de Cargas Pesadas.<\/li>\n<li>Residir nas regi\u00f5es pr\u00f3ximas (Gama, Santa Maria, Valpara\u00edso<\/li>\n<\/ul>\n<p style=\"text-align: justify;\">Atividade:<\/p>\n<ul style=\"text-align: justify;\">\n<li>Planejar e coordenar a log\u00edstica de recebimento e entrega de materiais, garantindo prazos e seguran\u00e7a no transporte.<\/li>\n<li>Organizar o armazenamento e movimenta\u00e7\u00e3o de chapas e insumos, otimizando espa\u00e7o e reduzindo perdas.<\/li>\n<li>Controlar estoques, registrando entradas e sa\u00eddas de materiais para manter n\u00edveis adequados ao planejamento produtivo.<\/li>\n<li>Acompanhar o fluxo de pedidos e garantir a correta separa\u00e7\u00e3o e expedi\u00e7\u00e3o dos produtos.<\/li>\n<li>Gerir a frota e os motoristas, assegurando a manuten\u00e7\u00e3o dos ve\u00edculos e cumprimento de roteiros.<\/li>\n<li>Implementar boas pr\u00e1ticas de log\u00edstica, visando redu\u00e7\u00e3o de custos e melhoria cont\u00ednua.<\/li>\n<li>Garantir conformidade com normas de seguran\u00e7a no transporte e manuseio dos materiais.<\/li>\n<\/ul>\n<p style=\"text-align: justify;\">Jornada de trabalho:<\/p>\n<ul style=\"text-align: justify;\">\n<li>Hor\u00e1rio comercial de Segunda a Sexta Feira<\/li>\n<\/ul>\n<p style=\"text-align: justify;\">Remunera\u00e7\u00e3o:<\/p>\n<ul style=\"text-align: justify;\">\n<li>Sal\u00e1rio a Compat\u00edvel com a categoria<\/li>\n<\/ul>\n<p style=\"text-align: justify;\">Benef\u00edcios:<\/p>\n<ul style=\"text-align: justify;\">\n<li>VA, VT, Cesta B\u00e1sica, Seguro de Vida, Hora extra.<\/li>\n<\/ul>\n<p style=\"text-align: justify;\">Data m\u00e1xima para envio de curr\u00edculos: 03\/03\/2025<\/p>\n<p style=\"text-align: justify;\">Enviar curr\u00edculo informando no assunto do e-mail a vaga de interesse para <a href=\"mailto:coordenacaorhmultipedras@gmail.com\">coordenacaorhmultipedras@gmail.com<\/a><\/p>\n","protected":false},"excerpt":{"rendered":"<p>Informa\u00e7\u00f5es Gerais: Segmento da empresa: Com\u00e9rcio de M\u00e1rmores e Granitos. Requisitos: Forma\u00e7\u00e3o em Log\u00edstica, Gest\u00e3o de Suprimentos e \u00e1reas correlatas; Experi\u00eancia na \u00e1rea de log\u00edstica, [&#8230;]<\/p>\n","protected":false},"author":2,"featured_media":0,"comment_status":"closed","ping_status":"closed","sticky":false,"template":"","format":"standard","meta":{"footnotes":""},"categories":[125,69],"tags":[],"class_list":["post-39727","post","type-post","status-publish","format-standard","hentry","category-ensino-superior-completo","category-logistica"],"yoast_head":"<!-- This site is optimized with the Yoast SEO plugin v27.5 - https:\/\/yoast.com\/product\/yoast-seo-wordpress\/ -->\n<title>Analista de Log\u00edstica - Luzi\u00e2nia - GO - VagasDF<\/title>\n<meta name=\"robots\" content=\"index, follow, max-snippet:-1, max-image-preview:large, max-video-preview:-1\" \/>\n<link rel=\"canonical\" href=\"https:\/\/www.vagasdf.com.br\/index.php\/2025\/02\/26\/analista-de-logistica-luziania-go\/\" \/>\n<meta property=\"og:locale\" content=\"pt_BR\" \/>\n<meta property=\"og:type\" content=\"article\" \/>\n<meta property=\"og:title\" content=\"Analista de Log\u00edstica - Luzi\u00e2nia - GO - VagasDF\" \/>\n<meta property=\"og:description\" content=\"Informa\u00e7\u00f5es Gerais: Segmento da empresa: Com\u00e9rcio de M\u00e1rmores e Granitos. Requisitos: Forma\u00e7\u00e3o em Log\u00edstica, Gest\u00e3o de Suprimentos e \u00e1reas correlatas; Experi\u00eancia na \u00e1rea de log\u00edstica, [...]\" \/>\n<meta property=\"og:url\" content=\"https:\/\/www.vagasdf.com.br\/index.php\/2025\/02\/26\/analista-de-logistica-luziania-go\/\" \/>\n<meta property=\"og:site_name\" content=\"VagasDF\" \/>\n<meta property=\"article:published_time\" content=\"2025-02-26T14:00:31+00:00\" \/>\n<meta name=\"author\" content=\"Vagas Emprego DF\" \/>\n<meta name=\"twitter:card\" content=\"summary_large_image\" \/>\n<meta name=\"twitter:label1\" content=\"Escrito por\" \/>\n\t<meta name=\"twitter:data1\" content=\"Vagas Emprego DF\" \/>\n\t<meta name=\"twitter:label2\" content=\"Est. tempo de leitura\" \/>\n\t<meta name=\"twitter:data2\" content=\"1 minuto\" \/>\n<!-- \/ Yoast SEO plugin. -->","yoast_head_json":{"title":"Analista de Log\u00edstica - Luzi\u00e2nia - GO - VagasDF","robots":{"index":"index","follow":"follow","max-snippet":"max-snippet:-1","max-image-preview":"max-image-preview:large","max-video-preview":"max-video-preview:-1"},"canonical":"https:\/\/www.vagasdf.com.br\/index.php\/2025\/02\/26\/analista-de-logistica-luziania-go\/","og_locale":"pt_BR","og_type":"article","og_title":"Analista de Log\u00edstica - Luzi\u00e2nia - GO - VagasDF","og_description":"Informa\u00e7\u00f5es Gerais: Segmento da empresa: Com\u00e9rcio de M\u00e1rmores e Granitos. Requisitos: Forma\u00e7\u00e3o em Log\u00edstica, Gest\u00e3o de Suprimentos e \u00e1reas correlatas; Experi\u00eancia na \u00e1rea de log\u00edstica, [...]","og_url":"https:\/\/www.vagasdf.com.br\/index.php\/2025\/02\/26\/analista-de-logistica-luziania-go\/","og_site_name":"VagasDF","article_published_time":"2025-02-26T14:00:31+00:00","author":"Vagas Emprego DF","twitter_card":"summary_large_image","twitter_misc":{"Escrito por":"Vagas Emprego DF","Est. tempo de leitura":"1 minuto"},"schema":{"@context":"https:\/\/schema.org","@graph":[{"@type":"Article","@id":"https:\/\/www.vagasdf.com.br\/index.php\/2025\/02\/26\/analista-de-logistica-luziania-go\/#article","isPartOf":{"@id":"https:\/\/www.vagasdf.com.br\/index.php\/2025\/02\/26\/analista-de-logistica-luziania-go\/"},"author":{"name":"Vagas Emprego DF","@id":"https:\/\/www.vagasdf.com.br\/#\/schema\/person\/9384a559252cca63e85a3316d81df8a9"},"headline":"Analista de Log\u00edstica &#8211; Luzi\u00e2nia &#8211; GO","datePublished":"2025-02-26T14:00:31+00:00","mainEntityOfPage":{"@id":"https:\/\/www.vagasdf.com.br\/index.php\/2025\/02\/26\/analista-de-logistica-luziania-go\/"},"wordCount":300,"publisher":{"@id":"https:\/\/www.vagasdf.com.br\/#organization"},"articleSection":["ensino superior","log\u00edstica \/ distribui\u00e7\u00e3o"],"inLanguage":"pt-BR"},{"@type":"WebPage","@id":"https:\/\/www.vagasdf.com.br\/index.php\/2025\/02\/26\/analista-de-logistica-luziania-go\/","url":"https:\/\/www.vagasdf.com.br\/index.php\/2025\/02\/26\/analista-de-logistica-luziania-go\/","name":"Analista de Log\u00edstica - Luzi\u00e2nia - GO - VagasDF","isPartOf":{"@id":"https:\/\/www.vagasdf.com.br\/#website"},"datePublished":"2025-02-26T14:00:31+00:00","breadcrumb":{"@id":"https:\/\/www.vagasdf.com.br\/index.php\/2025\/02\/26\/analista-de-logistica-luziania-go\/#breadcrumb"},"inLanguage":"pt-BR","potentialAction":[{"@type":"ReadAction","target":["https:\/\/www.vagasdf.com.br\/index.php\/2025\/02\/26\/analista-de-logistica-luziania-go\/"]}]},{"@type":"BreadcrumbList","@id":"https:\/\/www.vagasdf.com.br\/index.php\/2025\/02\/26\/analista-de-logistica-luziania-go\/#breadcrumb","itemListElement":[{"@type":"ListItem","position":1,"name":"Home","item":"https:\/\/www.vagasdf.com.br\/"},{"@type":"ListItem","position":2,"name":"Analista de Log\u00edstica &#8211; Luzi\u00e2nia &#8211; GO"}]},{"@type":"WebSite","@id":"https:\/\/www.vagasdf.com.br\/#website","url":"https:\/\/www.vagasdf.com.br\/","name":"VagasDF","description":"Vagas de Emprego e Est\u00e1gio no DF","publisher":{"@id":"https:\/\/www.vagasdf.com.br\/#organization"},"potentialAction":[{"@type":"SearchAction","target":{"@type":"EntryPoint","urlTemplate":"https:\/\/www.vagasdf.com.br\/?s={search_term_string}"},"query-input":{"@type":"PropertyValueSpecification","valueRequired":true,"valueName":"search_term_string"}}],"inLanguage":"pt-BR"},{"@type":"Organization","@id":"https:\/\/www.vagasdf.com.br\/#organization","name":"VagasDF","url":"https:\/\/www.vagasdf.com.br\/","logo":{"@type":"ImageObject","inLanguage":"pt-BR","@id":"https:\/\/www.vagasdf.com.br\/#\/schema\/logo\/image\/","url":"https:\/\/www.vagasdf.com.br\/wp-content\/uploads\/2025\/06\/cropped-vdf-logo-2021.jpg","contentUrl":"https:\/\/www.vagasdf.com.br\/wp-content\/uploads\/2025\/06\/cropped-vdf-logo-2021.jpg","width":350,"height":100,"caption":"VagasDF"},"image":{"@id":"https:\/\/www.vagasdf.com.br\/#\/schema\/logo\/image\/"}},{"@type":"Person","@id":"https:\/\/www.vagasdf.com.br\/#\/schema\/person\/9384a559252cca63e85a3316d81df8a9","name":"Vagas Emprego DF","image":{"@type":"ImageObject","inLanguage":"pt-BR","@id":"https:\/\/secure.gravatar.com\/avatar\/e198f9393383244894b06db503be8cb43011f384a429c7a9f84f3f61c138a35e?s=96&d=mm&r=g","url":"https:\/\/secure.gravatar.com\/avatar\/e198f9393383244894b06db503be8cb43011f384a429c7a9f84f3f61c138a35e?s=96&d=mm&r=g","contentUrl":"https:\/\/secure.gravatar.com\/avatar\/e198f9393383244894b06db503be8cb43011f384a429c7a9f84f3f61c138a35e?s=96&d=mm&r=g","caption":"Vagas Emprego DF"},"url":"https:\/\/www.vagasdf.com.br\/index.php\/author\/vagasemprego\/"}]}},"_links":{"self":[{"href":"https:\/\/www.vagasdf.com.br\/index.php\/wp-json\/wp\/v2\/posts\/39727","targetHints":{"allow":["GET"]}}],"collection":[{"href":"https:\/\/www.vagasdf.com.br\/index.php\/wp-json\/wp\/v2\/posts"}],"about":[{"href":"https:\/\/www.vagasdf.com.br\/index.php\/wp-json\/wp\/v2\/types\/post"}],"author":[{"embeddable":true,"href":"https:\/\/www.vagasdf.com.br\/index.php\/wp-json\/wp\/v2\/users\/2"}],"replies":[{"embeddable":true,"href":"https:\/\/www.vagasdf.com.br\/index.php\/wp-json\/wp\/v2\/comments?post=39727"}],"version-history":[{"count":0,"href":"https:\/\/www.vagasdf.com.br\/index.php\/wp-json\/wp\/v2\/posts\/39727\/revisions"}],"wp:attachment":[{"href":"https:\/\/www.vagasdf.com.br\/index.php\/wp-json\/wp\/v2\/media?parent=39727"}],"wp:term":[{"taxonomy":"category","embeddable":true,"href":"https:\/\/www.vagasdf.com.br\/index.php\/wp-json\/wp\/v2\/categories?post=39727"},{"taxonomy":"post_tag","embeddable":true,"href":"https:\/\/www.vagasdf.com.br\/index.php\/wp-json\/wp\/v2\/tags?post=39727"}],"curies":[{"name":"wp","href":"https:\/\/api.w.org\/{rel}","templated":true}]}}