{"id":39731,"date":"2025-02-26T15:00:34","date_gmt":"2025-02-26T18:00:34","guid":{"rendered":"https:\/\/www.vagasdf.com.br\/?p=39731"},"modified":"2025-02-26T15:00:34","modified_gmt":"2025-02-26T18:00:34","slug":"atendente-de-loja-brasilia-df-18","status":"publish","type":"post","link":"https:\/\/www.vagasdf.com.br\/index.php\/2025\/02\/26\/atendente-de-loja-brasilia-df-18\/","title":{"rendered":"Atendente de Loja &#8211; Bras\u00edlia &#8211; DF"},"content":{"rendered":"<p style=\"text-align: justify;\">Atribui\u00e7\u00f5es:<\/p>\n<ul style=\"text-align: justify;\">\n<li>Empresa: Grupo DPSP<\/li>\n<\/ul>\n<p style=\"text-align: justify;\">Jornada de trabalho:<\/p>\n<ul style=\"text-align: justify;\">\n<li>Escala: 6&#215;1 das 14:40 \u00e0s 23:00<\/li>\n<\/ul>\n<p style=\"text-align: justify;\">Sal\u00e1rio:<\/p>\n<ul style=\"text-align: justify;\">\n<li>R$ 1.530,00<\/li>\n<\/ul>\n<p style=\"text-align: justify;\">Benef\u00edcios:<\/p>\n<ul style=\"text-align: justify;\">\n<li>Aux\u00edlio Refei\u00e7\u00e3o<\/li>\n<li>]Vale Transporte<\/li>\n<li>Gympass<\/li>\n<li>Cesta B\u00e1sica<\/li>\n<li>Assist\u00eancia M\u00e9dica + Assist\u00eancia Odontol\u00f3gica<\/li>\n<li>Participa\u00e7\u00e3o Resultados<\/li>\n<li>Universidade Corporativa<\/li>\n<li>Trilha de carreira<\/li>\n<\/ul>\n<p style=\"text-align: justify;\">Local de Trabalho:<\/p>\n<ul style=\"text-align: justify;\">\n<li>Santa Maria, Asa Sul, Asa Norte, Taguatinga, Sudoeste, Lago Sul, \u00c1guas Claras, Noroeste, dentre outros.<\/li>\n<\/ul>\n<p style=\"text-align: justify;\">Data m\u00e1xima para envio de curr\u00edculos: 03\/03\/2025<\/p>\n<p style=\"text-align: justify;\">Enviar curr\u00edculo informando no assunto do e-mail a vaga de interesse para <a href=\"mailto:ianna.santos@dpsp.com.br\">ianna.santos@dpsp.com.br <\/a><\/p>\n","protected":false},"excerpt":{"rendered":"<p>Atribui\u00e7\u00f5es: Empresa: Grupo DPSP Jornada de trabalho: Escala: 6&#215;1 das 14:40 \u00e0s 23:00 Sal\u00e1rio: R$ 1.530,00 Benef\u00edcios: Aux\u00edlio Refei\u00e7\u00e3o ]Vale Transporte Gympass Cesta B\u00e1sica Assist\u00eancia [&#8230;]<\/p>\n","protected":false},"author":2,"featured_media":0,"comment_status":"closed","ping_status":"closed","sticky":false,"template":"","format":"standard","meta":{"footnotes":""},"categories":[11],"tags":[],"class_list":["post-39731","post","type-post","status-publish","format-standard","hentry","category-atendimento-recepcao"],"yoast_head":"<!-- This site is optimized with the Yoast SEO plugin v27.5 - https:\/\/yoast.com\/product\/yoast-seo-wordpress\/ -->\n<title>Atendente de Loja - Bras\u00edlia - DF - VagasDF<\/title>\n<meta name=\"robots\" content=\"index, follow, max-snippet:-1, max-image-preview:large, max-video-preview:-1\" \/>\n<link rel=\"canonical\" href=\"https:\/\/www.vagasdf.com.br\/index.php\/2025\/02\/26\/atendente-de-loja-brasilia-df-18\/\" \/>\n<meta property=\"og:locale\" content=\"pt_BR\" \/>\n<meta property=\"og:type\" content=\"article\" \/>\n<meta property=\"og:title\" content=\"Atendente de Loja - Bras\u00edlia - DF - VagasDF\" \/>\n<meta property=\"og:description\" content=\"Atribui\u00e7\u00f5es: Empresa: Grupo DPSP Jornada de trabalho: Escala: 6&#215;1 das 14:40 \u00e0s 23:00 Sal\u00e1rio: R$ 1.530,00 Benef\u00edcios: Aux\u00edlio Refei\u00e7\u00e3o ]Vale Transporte Gympass Cesta B\u00e1sica Assist\u00eancia [...]\" \/>\n<meta property=\"og:url\" content=\"https:\/\/www.vagasdf.com.br\/index.php\/2025\/02\/26\/atendente-de-loja-brasilia-df-18\/\" \/>\n<meta property=\"og:site_name\" content=\"VagasDF\" \/>\n<meta property=\"article:published_time\" content=\"2025-02-26T18:00:34+00:00\" \/>\n<meta name=\"author\" content=\"Vagas Emprego DF\" \/>\n<meta name=\"twitter:card\" content=\"summary_large_image\" \/>\n<meta name=\"twitter:label1\" content=\"Escrito por\" \/>\n\t<meta name=\"twitter:data1\" content=\"Vagas Emprego DF\" \/>\n<!-- \/ Yoast SEO plugin. -->","yoast_head_json":{"title":"Atendente de Loja - Bras\u00edlia - DF - VagasDF","robots":{"index":"index","follow":"follow","max-snippet":"max-snippet:-1","max-image-preview":"max-image-preview:large","max-video-preview":"max-video-preview:-1"},"canonical":"https:\/\/www.vagasdf.com.br\/index.php\/2025\/02\/26\/atendente-de-loja-brasilia-df-18\/","og_locale":"pt_BR","og_type":"article","og_title":"Atendente de Loja - Bras\u00edlia - DF - VagasDF","og_description":"Atribui\u00e7\u00f5es: Empresa: Grupo DPSP Jornada de trabalho: Escala: 6&#215;1 das 14:40 \u00e0s 23:00 Sal\u00e1rio: R$ 1.530,00 Benef\u00edcios: Aux\u00edlio Refei\u00e7\u00e3o ]Vale Transporte Gympass Cesta B\u00e1sica Assist\u00eancia [...]","og_url":"https:\/\/www.vagasdf.com.br\/index.php\/2025\/02\/26\/atendente-de-loja-brasilia-df-18\/","og_site_name":"VagasDF","article_published_time":"2025-02-26T18:00:34+00:00","author":"Vagas Emprego DF","twitter_card":"summary_large_image","twitter_misc":{"Escrito por":"Vagas Emprego DF"},"schema":{"@context":"https:\/\/schema.org","@graph":[{"@type":"Article","@id":"https:\/\/www.vagasdf.com.br\/index.php\/2025\/02\/26\/atendente-de-loja-brasilia-df-18\/#article","isPartOf":{"@id":"https:\/\/www.vagasdf.com.br\/index.php\/2025\/02\/26\/atendente-de-loja-brasilia-df-18\/"},"author":{"name":"Vagas Emprego DF","@id":"https:\/\/www.vagasdf.com.br\/#\/schema\/person\/9384a559252cca63e85a3316d81df8a9"},"headline":"Atendente de Loja &#8211; Bras\u00edlia &#8211; DF","datePublished":"2025-02-26T18:00:34+00:00","mainEntityOfPage":{"@id":"https:\/\/www.vagasdf.com.br\/index.php\/2025\/02\/26\/atendente-de-loja-brasilia-df-18\/"},"wordCount":95,"publisher":{"@id":"https:\/\/www.vagasdf.com.br\/#organization"},"articleSection":["atendimento e recep\u00e7\u00e3o"],"inLanguage":"pt-BR"},{"@type":"WebPage","@id":"https:\/\/www.vagasdf.com.br\/index.php\/2025\/02\/26\/atendente-de-loja-brasilia-df-18\/","url":"https:\/\/www.vagasdf.com.br\/index.php\/2025\/02\/26\/atendente-de-loja-brasilia-df-18\/","name":"Atendente de Loja - Bras\u00edlia - DF - VagasDF","isPartOf":{"@id":"https:\/\/www.vagasdf.com.br\/#website"},"datePublished":"2025-02-26T18:00:34+00:00","breadcrumb":{"@id":"https:\/\/www.vagasdf.com.br\/index.php\/2025\/02\/26\/atendente-de-loja-brasilia-df-18\/#breadcrumb"},"inLanguage":"pt-BR","potentialAction":[{"@type":"ReadAction","target":["https:\/\/www.vagasdf.com.br\/index.php\/2025\/02\/26\/atendente-de-loja-brasilia-df-18\/"]}]},{"@type":"BreadcrumbList","@id":"https:\/\/www.vagasdf.com.br\/index.php\/2025\/02\/26\/atendente-de-loja-brasilia-df-18\/#breadcrumb","itemListElement":[{"@type":"ListItem","position":1,"name":"Home","item":"https:\/\/www.vagasdf.com.br\/"},{"@type":"ListItem","position":2,"name":"Atendente de Loja &#8211; Bras\u00edlia &#8211; DF"}]},{"@type":"WebSite","@id":"https:\/\/www.vagasdf.com.br\/#website","url":"https:\/\/www.vagasdf.com.br\/","name":"VagasDF","description":"Vagas de Emprego e Est\u00e1gio no DF","publisher":{"@id":"https:\/\/www.vagasdf.com.br\/#organization"},"potentialAction":[{"@type":"SearchAction","target":{"@type":"EntryPoint","urlTemplate":"https:\/\/www.vagasdf.com.br\/?s={search_term_string}"},"query-input":{"@type":"PropertyValueSpecification","valueRequired":true,"valueName":"search_term_string"}}],"inLanguage":"pt-BR"},{"@type":"Organization","@id":"https:\/\/www.vagasdf.com.br\/#organization","name":"VagasDF","url":"https:\/\/www.vagasdf.com.br\/","logo":{"@type":"ImageObject","inLanguage":"pt-BR","@id":"https:\/\/www.vagasdf.com.br\/#\/schema\/logo\/image\/","url":"https:\/\/www.vagasdf.com.br\/wp-content\/uploads\/2025\/06\/cropped-vdf-logo-2021.jpg","contentUrl":"https:\/\/www.vagasdf.com.br\/wp-content\/uploads\/2025\/06\/cropped-vdf-logo-2021.jpg","width":350,"height":100,"caption":"VagasDF"},"image":{"@id":"https:\/\/www.vagasdf.com.br\/#\/schema\/logo\/image\/"}},{"@type":"Person","@id":"https:\/\/www.vagasdf.com.br\/#\/schema\/person\/9384a559252cca63e85a3316d81df8a9","name":"Vagas Emprego DF","image":{"@type":"ImageObject","inLanguage":"pt-BR","@id":"https:\/\/secure.gravatar.com\/avatar\/e198f9393383244894b06db503be8cb43011f384a429c7a9f84f3f61c138a35e?s=96&d=mm&r=g","url":"https:\/\/secure.gravatar.com\/avatar\/e198f9393383244894b06db503be8cb43011f384a429c7a9f84f3f61c138a35e?s=96&d=mm&r=g","contentUrl":"https:\/\/secure.gravatar.com\/avatar\/e198f9393383244894b06db503be8cb43011f384a429c7a9f84f3f61c138a35e?s=96&d=mm&r=g","caption":"Vagas Emprego DF"},"url":"https:\/\/www.vagasdf.com.br\/index.php\/author\/vagasemprego\/"}]}},"_links":{"self":[{"href":"https:\/\/www.vagasdf.com.br\/index.php\/wp-json\/wp\/v2\/posts\/39731","targetHints":{"allow":["GET"]}}],"collection":[{"href":"https:\/\/www.vagasdf.com.br\/index.php\/wp-json\/wp\/v2\/posts"}],"about":[{"href":"https:\/\/www.vagasdf.com.br\/index.php\/wp-json\/wp\/v2\/types\/post"}],"author":[{"embeddable":true,"href":"https:\/\/www.vagasdf.com.br\/index.php\/wp-json\/wp\/v2\/users\/2"}],"replies":[{"embeddable":true,"href":"https:\/\/www.vagasdf.com.br\/index.php\/wp-json\/wp\/v2\/comments?post=39731"}],"version-history":[{"count":0,"href":"https:\/\/www.vagasdf.com.br\/index.php\/wp-json\/wp\/v2\/posts\/39731\/revisions"}],"wp:attachment":[{"href":"https:\/\/www.vagasdf.com.br\/index.php\/wp-json\/wp\/v2\/media?parent=39731"}],"wp:term":[{"taxonomy":"category","embeddable":true,"href":"https:\/\/www.vagasdf.com.br\/index.php\/wp-json\/wp\/v2\/categories?post=39731"},{"taxonomy":"post_tag","embeddable":true,"href":"https:\/\/www.vagasdf.com.br\/index.php\/wp-json\/wp\/v2\/tags?post=39731"}],"curies":[{"name":"wp","href":"https:\/\/api.w.org\/{rel}","templated":true}]}}