{"id":40182,"date":"2025-04-07T14:00:27","date_gmt":"2025-04-07T17:00:27","guid":{"rendered":"https:\/\/www.vagasdf.com.br\/?p=40182"},"modified":"2025-04-07T14:00:27","modified_gmt":"2025-04-07T17:00:27","slug":"atendente-comercial-cirurgia-plastica-brasilia-df","status":"publish","type":"post","link":"https:\/\/www.vagasdf.com.br\/index.php\/2025\/04\/07\/atendente-comercial-cirurgia-plastica-brasilia-df\/","title":{"rendered":"Atendente Comercial &#8211; Cirurgia Pl\u00e1stica &#8211; Bras\u00edlia &#8211; DF"},"content":{"rendered":"<p style=\"text-align: justify;\">Descri\u00e7\u00e3o e Responsabilidades:<\/p>\n<ul style=\"text-align: justify;\">\n<li>Consult\u00f3rio m\u00e9dico exclusivo e focado em cirurgia pl\u00e1stica busca uma profissional com perfil altamente comercial, organizada e ambiciosa. Essa \u00e9 uma oportunidade para quem tem vis\u00e3o estrat\u00e9gica, gosta de desafios e quer crescer junto com um consult\u00f3rio que oferece atendimento premium e procedimentos de alto valor (high ticket).<\/li>\n<\/ul>\n<p style=\"text-align: justify;\">Requisitos:<\/p>\n<ul style=\"text-align: justify;\">\n<li>Experi\u00eancia s\u00f3lida com vendas consultivas<\/li>\n<li>Perfil comercial forte, ambicioso e com foco em resultado<\/li>\n<li>Excelente comunica\u00e7\u00e3o verbal e escrita (portugu\u00eas impec\u00e1vel)<\/li>\n<li>Organiza\u00e7\u00e3o e aten\u00e7\u00e3o a detalhes<\/li>\n<li>Agilidade, esperteza e senso cr\u00edtico<\/li>\n<li>Desej\u00e1vel viv\u00eancia no segmento de cirurgia pl\u00e1stica ou medicina de alta performance<\/li>\n<li>Saber negociar com parceiros (cl\u00ednicas e hospitais)<\/li>\n<li>Ter no\u00e7\u00f5es sobre o que o conv\u00eanio pode ou n\u00e3o cobrir<\/li>\n<li>Ser criativa e ter dom\u00ednio do Canva<\/li>\n<li>Desejo real de crescimento financeiro e profissional<\/li>\n<\/ul>\n<p style=\"text-align: justify;\">Suas principais responsabilidades:<\/p>\n<ul style=\"text-align: justify;\">\n<li>Atender leads com foco em convers\u00e3o para consultas e cirurgias<\/li>\n<li>Realizar follow-up, esclarecer d\u00favidas e conduzir o cliente com seguran\u00e7a at\u00e9 o fechamento<\/li>\n<li>Emitir contratos e orientar sobre o processo cir\u00fargico<\/li>\n<li>Negociar com hospitais e cl\u00ednicas parceiras<\/li>\n<li>Avaliar cobertura de conv\u00eanios com senso cr\u00edtico<\/li>\n<li>Utilizar o Canva para cria\u00e7\u00e3o de materiais simples e institucionais<\/li>\n<li>Garantir um atendimento impec\u00e1vel e personalizado<\/li>\n<\/ul>\n<p style=\"text-align: justify;\">Jornada de trabalho:<\/p>\n<ul style=\"text-align: justify;\">\n<li>Segunda a Sexta Feira das 08:00 \u00e0s 18:00<\/li>\n<\/ul>\n<p style=\"text-align: justify;\">Remunera\u00e7\u00e3o:<\/p>\n<ul style=\"text-align: justify;\">\n<li>Sal\u00e1rio Fixa + comiss\u00e3o atrativa<\/li>\n<\/ul>\n<p style=\"text-align: justify;\">Local: Bras\u00edlia \u2013 DF<\/p>\n<p style=\"text-align: justify;\">Cadastrar curr\u00edculo informando no assunto a vaga de interesse para o Link<br \/>\nhttps:\/\/www.empregare.com\/pt-br\/vaga-atendente-comercial-cirurgia-plastica_109271<\/p>\n","protected":false},"excerpt":{"rendered":"<p>Descri\u00e7\u00e3o e Responsabilidades: Consult\u00f3rio m\u00e9dico exclusivo e focado em cirurgia pl\u00e1stica busca uma profissional com perfil altamente comercial, organizada e ambiciosa. Essa \u00e9 uma oportunidade [&#8230;]<\/p>\n","protected":false},"author":2,"featured_media":0,"comment_status":"closed","ping_status":"closed","sticky":false,"template":"","format":"standard","meta":{"footnotes":""},"categories":[21],"tags":[],"class_list":["post-40182","post","type-post","status-publish","format-standard","hentry","category-comercial-vendas"],"yoast_head":"<!-- This site is optimized with the Yoast SEO plugin v27.5 - https:\/\/yoast.com\/product\/yoast-seo-wordpress\/ -->\n<title>Atendente Comercial - Cirurgia Pl\u00e1stica - Bras\u00edlia - DF - VagasDF<\/title>\n<meta name=\"robots\" content=\"index, follow, max-snippet:-1, max-image-preview:large, max-video-preview:-1\" \/>\n<link rel=\"canonical\" href=\"https:\/\/www.vagasdf.com.br\/index.php\/2025\/04\/07\/atendente-comercial-cirurgia-plastica-brasilia-df\/\" \/>\n<meta property=\"og:locale\" content=\"pt_BR\" \/>\n<meta property=\"og:type\" content=\"article\" \/>\n<meta property=\"og:title\" content=\"Atendente Comercial - Cirurgia Pl\u00e1stica - Bras\u00edlia - DF - VagasDF\" \/>\n<meta property=\"og:description\" content=\"Descri\u00e7\u00e3o e Responsabilidades: Consult\u00f3rio m\u00e9dico exclusivo e focado em cirurgia pl\u00e1stica busca uma profissional com perfil altamente comercial, organizada e ambiciosa. Essa \u00e9 uma oportunidade [...]\" \/>\n<meta property=\"og:url\" content=\"https:\/\/www.vagasdf.com.br\/index.php\/2025\/04\/07\/atendente-comercial-cirurgia-plastica-brasilia-df\/\" \/>\n<meta property=\"og:site_name\" content=\"VagasDF\" \/>\n<meta property=\"article:published_time\" content=\"2025-04-07T17:00:27+00:00\" \/>\n<meta name=\"author\" content=\"Vagas Emprego DF\" \/>\n<meta name=\"twitter:card\" content=\"summary_large_image\" \/>\n<meta name=\"twitter:label1\" content=\"Escrito por\" \/>\n\t<meta name=\"twitter:data1\" content=\"Vagas Emprego DF\" \/>\n\t<meta name=\"twitter:label2\" content=\"Est. tempo de leitura\" \/>\n\t<meta name=\"twitter:data2\" content=\"1 minuto\" \/>\n<!-- \/ Yoast SEO plugin. -->","yoast_head_json":{"title":"Atendente Comercial - Cirurgia Pl\u00e1stica - Bras\u00edlia - DF - VagasDF","robots":{"index":"index","follow":"follow","max-snippet":"max-snippet:-1","max-image-preview":"max-image-preview:large","max-video-preview":"max-video-preview:-1"},"canonical":"https:\/\/www.vagasdf.com.br\/index.php\/2025\/04\/07\/atendente-comercial-cirurgia-plastica-brasilia-df\/","og_locale":"pt_BR","og_type":"article","og_title":"Atendente Comercial - Cirurgia Pl\u00e1stica - Bras\u00edlia - DF - VagasDF","og_description":"Descri\u00e7\u00e3o e Responsabilidades: Consult\u00f3rio m\u00e9dico exclusivo e focado em cirurgia pl\u00e1stica busca uma profissional com perfil altamente comercial, organizada e ambiciosa. Essa \u00e9 uma oportunidade [...]","og_url":"https:\/\/www.vagasdf.com.br\/index.php\/2025\/04\/07\/atendente-comercial-cirurgia-plastica-brasilia-df\/","og_site_name":"VagasDF","article_published_time":"2025-04-07T17:00:27+00:00","author":"Vagas Emprego DF","twitter_card":"summary_large_image","twitter_misc":{"Escrito por":"Vagas Emprego DF","Est. tempo de leitura":"1 minuto"},"schema":{"@context":"https:\/\/schema.org","@graph":[{"@type":"Article","@id":"https:\/\/www.vagasdf.com.br\/index.php\/2025\/04\/07\/atendente-comercial-cirurgia-plastica-brasilia-df\/#article","isPartOf":{"@id":"https:\/\/www.vagasdf.com.br\/index.php\/2025\/04\/07\/atendente-comercial-cirurgia-plastica-brasilia-df\/"},"author":{"name":"Vagas Emprego DF","@id":"https:\/\/www.vagasdf.com.br\/#\/schema\/person\/9384a559252cca63e85a3316d81df8a9"},"headline":"Atendente Comercial &#8211; Cirurgia Pl\u00e1stica &#8211; Bras\u00edlia &#8211; DF","datePublished":"2025-04-07T17:00:27+00:00","mainEntityOfPage":{"@id":"https:\/\/www.vagasdf.com.br\/index.php\/2025\/04\/07\/atendente-comercial-cirurgia-plastica-brasilia-df\/"},"wordCount":272,"publisher":{"@id":"https:\/\/www.vagasdf.com.br\/#organization"},"articleSection":["comercial \/ vendas"],"inLanguage":"pt-BR"},{"@type":"WebPage","@id":"https:\/\/www.vagasdf.com.br\/index.php\/2025\/04\/07\/atendente-comercial-cirurgia-plastica-brasilia-df\/","url":"https:\/\/www.vagasdf.com.br\/index.php\/2025\/04\/07\/atendente-comercial-cirurgia-plastica-brasilia-df\/","name":"Atendente Comercial - Cirurgia Pl\u00e1stica - Bras\u00edlia - DF - VagasDF","isPartOf":{"@id":"https:\/\/www.vagasdf.com.br\/#website"},"datePublished":"2025-04-07T17:00:27+00:00","breadcrumb":{"@id":"https:\/\/www.vagasdf.com.br\/index.php\/2025\/04\/07\/atendente-comercial-cirurgia-plastica-brasilia-df\/#breadcrumb"},"inLanguage":"pt-BR","potentialAction":[{"@type":"ReadAction","target":["https:\/\/www.vagasdf.com.br\/index.php\/2025\/04\/07\/atendente-comercial-cirurgia-plastica-brasilia-df\/"]}]},{"@type":"BreadcrumbList","@id":"https:\/\/www.vagasdf.com.br\/index.php\/2025\/04\/07\/atendente-comercial-cirurgia-plastica-brasilia-df\/#breadcrumb","itemListElement":[{"@type":"ListItem","position":1,"name":"Home","item":"https:\/\/www.vagasdf.com.br\/"},{"@type":"ListItem","position":2,"name":"Atendente Comercial &#8211; Cirurgia Pl\u00e1stica &#8211; Bras\u00edlia &#8211; DF"}]},{"@type":"WebSite","@id":"https:\/\/www.vagasdf.com.br\/#website","url":"https:\/\/www.vagasdf.com.br\/","name":"VagasDF","description":"Vagas de Emprego e Est\u00e1gio no DF","publisher":{"@id":"https:\/\/www.vagasdf.com.br\/#organization"},"potentialAction":[{"@type":"SearchAction","target":{"@type":"EntryPoint","urlTemplate":"https:\/\/www.vagasdf.com.br\/?s={search_term_string}"},"query-input":{"@type":"PropertyValueSpecification","valueRequired":true,"valueName":"search_term_string"}}],"inLanguage":"pt-BR"},{"@type":"Organization","@id":"https:\/\/www.vagasdf.com.br\/#organization","name":"VagasDF","url":"https:\/\/www.vagasdf.com.br\/","logo":{"@type":"ImageObject","inLanguage":"pt-BR","@id":"https:\/\/www.vagasdf.com.br\/#\/schema\/logo\/image\/","url":"https:\/\/www.vagasdf.com.br\/wp-content\/uploads\/2025\/06\/cropped-vdf-logo-2021.jpg","contentUrl":"https:\/\/www.vagasdf.com.br\/wp-content\/uploads\/2025\/06\/cropped-vdf-logo-2021.jpg","width":350,"height":100,"caption":"VagasDF"},"image":{"@id":"https:\/\/www.vagasdf.com.br\/#\/schema\/logo\/image\/"}},{"@type":"Person","@id":"https:\/\/www.vagasdf.com.br\/#\/schema\/person\/9384a559252cca63e85a3316d81df8a9","name":"Vagas Emprego DF","image":{"@type":"ImageObject","inLanguage":"pt-BR","@id":"https:\/\/secure.gravatar.com\/avatar\/e198f9393383244894b06db503be8cb43011f384a429c7a9f84f3f61c138a35e?s=96&d=mm&r=g","url":"https:\/\/secure.gravatar.com\/avatar\/e198f9393383244894b06db503be8cb43011f384a429c7a9f84f3f61c138a35e?s=96&d=mm&r=g","contentUrl":"https:\/\/secure.gravatar.com\/avatar\/e198f9393383244894b06db503be8cb43011f384a429c7a9f84f3f61c138a35e?s=96&d=mm&r=g","caption":"Vagas Emprego DF"},"url":"https:\/\/www.vagasdf.com.br\/index.php\/author\/vagasemprego\/"}]}},"_links":{"self":[{"href":"https:\/\/www.vagasdf.com.br\/index.php\/wp-json\/wp\/v2\/posts\/40182","targetHints":{"allow":["GET"]}}],"collection":[{"href":"https:\/\/www.vagasdf.com.br\/index.php\/wp-json\/wp\/v2\/posts"}],"about":[{"href":"https:\/\/www.vagasdf.com.br\/index.php\/wp-json\/wp\/v2\/types\/post"}],"author":[{"embeddable":true,"href":"https:\/\/www.vagasdf.com.br\/index.php\/wp-json\/wp\/v2\/users\/2"}],"replies":[{"embeddable":true,"href":"https:\/\/www.vagasdf.com.br\/index.php\/wp-json\/wp\/v2\/comments?post=40182"}],"version-history":[{"count":0,"href":"https:\/\/www.vagasdf.com.br\/index.php\/wp-json\/wp\/v2\/posts\/40182\/revisions"}],"wp:attachment":[{"href":"https:\/\/www.vagasdf.com.br\/index.php\/wp-json\/wp\/v2\/media?parent=40182"}],"wp:term":[{"taxonomy":"category","embeddable":true,"href":"https:\/\/www.vagasdf.com.br\/index.php\/wp-json\/wp\/v2\/categories?post=40182"},{"taxonomy":"post_tag","embeddable":true,"href":"https:\/\/www.vagasdf.com.br\/index.php\/wp-json\/wp\/v2\/tags?post=40182"}],"curies":[{"name":"wp","href":"https:\/\/api.w.org\/{rel}","templated":true}]}}