{"id":40184,"date":"2025-04-07T15:00:06","date_gmt":"2025-04-07T18:00:06","guid":{"rendered":"https:\/\/www.vagasdf.com.br\/?p=40184"},"modified":"2025-04-07T15:00:06","modified_gmt":"2025-04-07T18:00:06","slug":"auxiliar-de-instalacao-eletrica-brasilia-df","status":"publish","type":"post","link":"https:\/\/www.vagasdf.com.br\/index.php\/2025\/04\/07\/auxiliar-de-instalacao-eletrica-brasilia-df\/","title":{"rendered":"Auxiliar de Instala\u00e7\u00e3o &#8211; El\u00e9trica &#8211; Bras\u00edlia &#8211; DF"},"content":{"rendered":"<p style=\"text-align: justify;\">Descri\u00e7\u00e3o e Responsabilidades:<\/p>\n<ul style=\"text-align: justify;\">\n<li>Fa\u00e7a parte de uma empresa de ilumina\u00e7\u00e3o com mais de 30 anos de hist\u00f3ria no mercado e 50 anos de tradi\u00e7\u00e3o em fabrica\u00e7\u00e3o sob medida. Atendemos exclusivamente clientes de alto padr\u00e3o, com foco total na qualidade, no cuidado e na personaliza\u00e7\u00e3o. Aqui, cada projeto \u00e9 feito por encomenda \u2013 n\u00e3o trabalhamos com pronta entrega.<\/li>\n<li>Estamos em busca de um AUXILIAR DE INSTALA\u00c7\u00c3O para integrar nosso time t\u00e9cnico.<\/li>\n<\/ul>\n<p style=\"text-align: justify;\">Requisitos:<\/p>\n<ul style=\"text-align: justify;\">\n<li>Ensino M\u00e9dio Completo<\/li>\n<li>Curso b\u00e1sico de El\u00e9trica<\/li>\n<li>Perfil cuidadoso e discreto<\/li>\n<li>Agilidade e proatividade<\/li>\n<li>Zelo com o ambiente e aten\u00e7\u00e3o aos detalhes<\/li>\n<li>Comprometimento com a qualidade do servi\u00e7o<\/li>\n<\/ul>\n<p style=\"text-align: justify;\">Atividades:<\/p>\n<ul style=\"text-align: justify;\">\n<li>Auxiliar o eletricista nas instala\u00e7\u00f5es<\/li>\n<li>Carregar escadas e equipamentos<\/li>\n<li>Cavar buracos para coloca\u00e7\u00e3o de ilumina\u00e7\u00e3o<\/li>\n<li>Passagem de cabos<\/li>\n<li>Forrar o ch\u00e3o para garantir limpeza e organiza\u00e7\u00e3o durante os servi\u00e7os<\/li>\n<li>Auxiliar na prepara\u00e7\u00e3o e finaliza\u00e7\u00e3o dos ambientes de trabalho<\/li>\n<\/ul>\n<p style=\"text-align: justify;\">Jornada de trabalho:<\/p>\n<ul style=\"text-align: justify;\">\n<li>Segunda a Sexta Feira das 07:30 \u00e0s 17:30<\/li>\n<\/ul>\n<p style=\"text-align: justify;\">Remunera\u00e7\u00e3o:<\/p>\n<ul style=\"text-align: justify;\">\n<li>R$ 1.531,00<\/li>\n<\/ul>\n<p style=\"text-align: justify;\">Benef\u00edcios:<\/p>\n<ul style=\"text-align: justify;\">\n<li>Assist\u00eancia m\u00e9dica<\/li>\n<li>Vale Refei\u00e7\u00e3o<\/li>\n<li>Vale Transporte<\/li>\n<\/ul>\n<p style=\"text-align: justify;\">Local: SIA -DF<\/p>\n<p style=\"text-align: justify;\">Cadastrar curr\u00edculo informando no assunto a vaga de interesse para o Link<br \/>\nhttps:\/\/www.empregare.com\/pt-br\/vaga-auxiliar-de-instalacao-eletrica_109270<\/p>\n","protected":false},"excerpt":{"rendered":"<p>Descri\u00e7\u00e3o e Responsabilidades: Fa\u00e7a parte de uma empresa de ilumina\u00e7\u00e3o com mais de 30 anos de hist\u00f3ria no mercado e 50 anos de tradi\u00e7\u00e3o em [&#8230;]<\/p>\n","protected":false},"author":2,"featured_media":0,"comment_status":"closed","ping_status":"closed","sticky":false,"template":"","format":"standard","meta":{"footnotes":""},"categories":[34,123,62],"tags":[],"class_list":["post-40184","post","type-post","status-publish","format-standard","hentry","category-eletricidade","category-ensino-medio-completo","category-instalacoes-diversas"],"yoast_head":"<!-- This site is optimized with the Yoast SEO plugin v27.5 - https:\/\/yoast.com\/product\/yoast-seo-wordpress\/ -->\n<title>Auxiliar de Instala\u00e7\u00e3o - El\u00e9trica - Bras\u00edlia - DF - VagasDF<\/title>\n<meta name=\"robots\" content=\"index, follow, max-snippet:-1, max-image-preview:large, max-video-preview:-1\" \/>\n<link rel=\"canonical\" href=\"https:\/\/www.vagasdf.com.br\/index.php\/2025\/04\/07\/auxiliar-de-instalacao-eletrica-brasilia-df\/\" \/>\n<meta property=\"og:locale\" content=\"pt_BR\" \/>\n<meta property=\"og:type\" content=\"article\" \/>\n<meta property=\"og:title\" content=\"Auxiliar de Instala\u00e7\u00e3o - El\u00e9trica - Bras\u00edlia - DF - VagasDF\" \/>\n<meta property=\"og:description\" content=\"Descri\u00e7\u00e3o e Responsabilidades: Fa\u00e7a parte de uma empresa de ilumina\u00e7\u00e3o com mais de 30 anos de hist\u00f3ria no mercado e 50 anos de tradi\u00e7\u00e3o em [...]\" \/>\n<meta property=\"og:url\" content=\"https:\/\/www.vagasdf.com.br\/index.php\/2025\/04\/07\/auxiliar-de-instalacao-eletrica-brasilia-df\/\" \/>\n<meta property=\"og:site_name\" content=\"VagasDF\" \/>\n<meta property=\"article:published_time\" content=\"2025-04-07T18:00:06+00:00\" \/>\n<meta name=\"author\" content=\"Vagas Emprego DF\" \/>\n<meta name=\"twitter:card\" content=\"summary_large_image\" \/>\n<meta name=\"twitter:label1\" content=\"Escrito por\" \/>\n\t<meta name=\"twitter:data1\" content=\"Vagas Emprego DF\" \/>\n\t<meta name=\"twitter:label2\" content=\"Est. tempo de leitura\" \/>\n\t<meta name=\"twitter:data2\" content=\"1 minuto\" \/>\n<!-- \/ Yoast SEO plugin. -->","yoast_head_json":{"title":"Auxiliar de Instala\u00e7\u00e3o - El\u00e9trica - Bras\u00edlia - DF - VagasDF","robots":{"index":"index","follow":"follow","max-snippet":"max-snippet:-1","max-image-preview":"max-image-preview:large","max-video-preview":"max-video-preview:-1"},"canonical":"https:\/\/www.vagasdf.com.br\/index.php\/2025\/04\/07\/auxiliar-de-instalacao-eletrica-brasilia-df\/","og_locale":"pt_BR","og_type":"article","og_title":"Auxiliar de Instala\u00e7\u00e3o - El\u00e9trica - Bras\u00edlia - DF - VagasDF","og_description":"Descri\u00e7\u00e3o e Responsabilidades: Fa\u00e7a parte de uma empresa de ilumina\u00e7\u00e3o com mais de 30 anos de hist\u00f3ria no mercado e 50 anos de tradi\u00e7\u00e3o em [...]","og_url":"https:\/\/www.vagasdf.com.br\/index.php\/2025\/04\/07\/auxiliar-de-instalacao-eletrica-brasilia-df\/","og_site_name":"VagasDF","article_published_time":"2025-04-07T18:00:06+00:00","author":"Vagas Emprego DF","twitter_card":"summary_large_image","twitter_misc":{"Escrito por":"Vagas Emprego DF","Est. tempo de leitura":"1 minuto"},"schema":{"@context":"https:\/\/schema.org","@graph":[{"@type":"Article","@id":"https:\/\/www.vagasdf.com.br\/index.php\/2025\/04\/07\/auxiliar-de-instalacao-eletrica-brasilia-df\/#article","isPartOf":{"@id":"https:\/\/www.vagasdf.com.br\/index.php\/2025\/04\/07\/auxiliar-de-instalacao-eletrica-brasilia-df\/"},"author":{"name":"Vagas Emprego DF","@id":"https:\/\/www.vagasdf.com.br\/#\/schema\/person\/9384a559252cca63e85a3316d81df8a9"},"headline":"Auxiliar de Instala\u00e7\u00e3o &#8211; El\u00e9trica &#8211; Bras\u00edlia &#8211; DF","datePublished":"2025-04-07T18:00:06+00:00","mainEntityOfPage":{"@id":"https:\/\/www.vagasdf.com.br\/index.php\/2025\/04\/07\/auxiliar-de-instalacao-eletrica-brasilia-df\/"},"wordCount":215,"publisher":{"@id":"https:\/\/www.vagasdf.com.br\/#organization"},"articleSection":["eletricidade","ensino m\u00e9dio","instala\u00e7\u00f5es diversas"],"inLanguage":"pt-BR"},{"@type":"WebPage","@id":"https:\/\/www.vagasdf.com.br\/index.php\/2025\/04\/07\/auxiliar-de-instalacao-eletrica-brasilia-df\/","url":"https:\/\/www.vagasdf.com.br\/index.php\/2025\/04\/07\/auxiliar-de-instalacao-eletrica-brasilia-df\/","name":"Auxiliar de Instala\u00e7\u00e3o - El\u00e9trica - Bras\u00edlia - DF - VagasDF","isPartOf":{"@id":"https:\/\/www.vagasdf.com.br\/#website"},"datePublished":"2025-04-07T18:00:06+00:00","breadcrumb":{"@id":"https:\/\/www.vagasdf.com.br\/index.php\/2025\/04\/07\/auxiliar-de-instalacao-eletrica-brasilia-df\/#breadcrumb"},"inLanguage":"pt-BR","potentialAction":[{"@type":"ReadAction","target":["https:\/\/www.vagasdf.com.br\/index.php\/2025\/04\/07\/auxiliar-de-instalacao-eletrica-brasilia-df\/"]}]},{"@type":"BreadcrumbList","@id":"https:\/\/www.vagasdf.com.br\/index.php\/2025\/04\/07\/auxiliar-de-instalacao-eletrica-brasilia-df\/#breadcrumb","itemListElement":[{"@type":"ListItem","position":1,"name":"Home","item":"https:\/\/www.vagasdf.com.br\/"},{"@type":"ListItem","position":2,"name":"Auxiliar de Instala\u00e7\u00e3o &#8211; El\u00e9trica &#8211; Bras\u00edlia &#8211; DF"}]},{"@type":"WebSite","@id":"https:\/\/www.vagasdf.com.br\/#website","url":"https:\/\/www.vagasdf.com.br\/","name":"VagasDF","description":"Vagas de Emprego e Est\u00e1gio no DF","publisher":{"@id":"https:\/\/www.vagasdf.com.br\/#organization"},"potentialAction":[{"@type":"SearchAction","target":{"@type":"EntryPoint","urlTemplate":"https:\/\/www.vagasdf.com.br\/?s={search_term_string}"},"query-input":{"@type":"PropertyValueSpecification","valueRequired":true,"valueName":"search_term_string"}}],"inLanguage":"pt-BR"},{"@type":"Organization","@id":"https:\/\/www.vagasdf.com.br\/#organization","name":"VagasDF","url":"https:\/\/www.vagasdf.com.br\/","logo":{"@type":"ImageObject","inLanguage":"pt-BR","@id":"https:\/\/www.vagasdf.com.br\/#\/schema\/logo\/image\/","url":"https:\/\/www.vagasdf.com.br\/wp-content\/uploads\/2025\/06\/cropped-vdf-logo-2021.jpg","contentUrl":"https:\/\/www.vagasdf.com.br\/wp-content\/uploads\/2025\/06\/cropped-vdf-logo-2021.jpg","width":350,"height":100,"caption":"VagasDF"},"image":{"@id":"https:\/\/www.vagasdf.com.br\/#\/schema\/logo\/image\/"}},{"@type":"Person","@id":"https:\/\/www.vagasdf.com.br\/#\/schema\/person\/9384a559252cca63e85a3316d81df8a9","name":"Vagas Emprego DF","image":{"@type":"ImageObject","inLanguage":"pt-BR","@id":"https:\/\/secure.gravatar.com\/avatar\/e198f9393383244894b06db503be8cb43011f384a429c7a9f84f3f61c138a35e?s=96&d=mm&r=g","url":"https:\/\/secure.gravatar.com\/avatar\/e198f9393383244894b06db503be8cb43011f384a429c7a9f84f3f61c138a35e?s=96&d=mm&r=g","contentUrl":"https:\/\/secure.gravatar.com\/avatar\/e198f9393383244894b06db503be8cb43011f384a429c7a9f84f3f61c138a35e?s=96&d=mm&r=g","caption":"Vagas Emprego DF"},"url":"https:\/\/www.vagasdf.com.br\/index.php\/author\/vagasemprego\/"}]}},"_links":{"self":[{"href":"https:\/\/www.vagasdf.com.br\/index.php\/wp-json\/wp\/v2\/posts\/40184","targetHints":{"allow":["GET"]}}],"collection":[{"href":"https:\/\/www.vagasdf.com.br\/index.php\/wp-json\/wp\/v2\/posts"}],"about":[{"href":"https:\/\/www.vagasdf.com.br\/index.php\/wp-json\/wp\/v2\/types\/post"}],"author":[{"embeddable":true,"href":"https:\/\/www.vagasdf.com.br\/index.php\/wp-json\/wp\/v2\/users\/2"}],"replies":[{"embeddable":true,"href":"https:\/\/www.vagasdf.com.br\/index.php\/wp-json\/wp\/v2\/comments?post=40184"}],"version-history":[{"count":0,"href":"https:\/\/www.vagasdf.com.br\/index.php\/wp-json\/wp\/v2\/posts\/40184\/revisions"}],"wp:attachment":[{"href":"https:\/\/www.vagasdf.com.br\/index.php\/wp-json\/wp\/v2\/media?parent=40184"}],"wp:term":[{"taxonomy":"category","embeddable":true,"href":"https:\/\/www.vagasdf.com.br\/index.php\/wp-json\/wp\/v2\/categories?post=40184"},{"taxonomy":"post_tag","embeddable":true,"href":"https:\/\/www.vagasdf.com.br\/index.php\/wp-json\/wp\/v2\/tags?post=40184"}],"curies":[{"name":"wp","href":"https:\/\/api.w.org\/{rel}","templated":true}]}}