{"id":43219,"date":"2026-02-23T10:00:40","date_gmt":"2026-02-23T13:00:40","guid":{"rendered":"https:\/\/www.vagasdf.com.br\/?p=43219"},"modified":"2026-02-23T09:42:16","modified_gmt":"2026-02-23T12:42:16","slug":"captador-de-recursos-brasilia-df","status":"publish","type":"post","link":"https:\/\/www.vagasdf.com.br\/index.php\/2026\/02\/23\/captador-de-recursos-brasilia-df\/","title":{"rendered":"Captador de Recursos &#8211; Bras\u00edlia &#8211; DF"},"content":{"rendered":"<p style=\"text-align: justify;\">Requisitos:<\/p>\n<ul style=\"text-align: justify;\">\n<li>N\u00edvel superior em Pedagogia, Servi\u00e7o Social, Ci\u00eancias Sociais, Gest\u00e3o de Pol\u00edticas P\u00fablicas, Comunica\u00e7\u00e3o Social ou \u00e1reas afins.<\/li>\n<li>Experi\u00eancia comprovada na \u00e1rea<\/li>\n<li>Conhecimento do terceiro setor e experi\u00eancia em vendas e telemarketing ser\u00e1 considerado um diferencial<\/li>\n<li>Boa comunica\u00e7\u00e3o, conhecimento em estrat\u00e9gias de negocia\u00e7\u00f5es<\/li>\n<li>Captar doadores, associados e empresas parceiras, recursos via emendas parlamentares, editais p\u00fablicos e privados;<\/li>\n<li>Articular junto \u00e0s empresas p\u00fablicas e privadas parcerias para incrementar as receitas e melhorias das atividades institucionais;<\/li>\n<li>Participar de eventos e a\u00e7\u00f5es sociais que gerem benfeitorias para a Institui\u00e7\u00e3o;<\/li>\n<li>Atender e\/ou acompanhar potenciais doadores\/parceiros e acompanhar evolu\u00e7\u00e3o e perman\u00eancia de parceiros\/doadores.<\/li>\n<\/ul>\n<p style=\"text-align: justify;\">Jornada de trabalho:<\/p>\n<ul style=\"text-align: justify;\">\n<li>Segunda a Sexta Feira das 08:00 as 18:00 com 1:00h de almo\u00e7o<\/li>\n<\/ul>\n<p style=\"text-align: justify;\">Salario:<\/p>\n<ul style=\"text-align: justify;\">\n<li>R$ 3.000,00<\/li>\n<\/ul>\n<p style=\"text-align: justify;\">Benef\u00edcios:<\/p>\n<ul style=\"text-align: justify;\">\n<li>VT + alimenta\u00e7\u00e3o em refeit\u00f3rio pr\u00f3prio + plano de sa\u00fade com percentual pago pela Institui\u00e7\u00e3o de acordo com o sal\u00e1rio recebido<\/li>\n<\/ul>\n<p style=\"text-align: justify;\">Local de Trabalho: Asa Norte<\/p>\n<p style=\"text-align: justify;\">Informa\u00e7\u00f5es Gerais: Modalidade: CLT | Presencial<\/p>\n<p style=\"text-align: justify;\">Data m\u00e1xima para envio de curr\u00edculo: 02\/03\/2026<\/p>\n<p style=\"text-align: justify;\">Enviar curr\u00edculo informando no assunto do e-mail a vaga de interesse para<a href=\"mailto:acontratacerto@gmail.com\"> acontratacerto@gmail.com <\/a><\/p>\n","protected":false},"excerpt":{"rendered":"<p>Requisitos: N\u00edvel superior em Pedagogia, Servi\u00e7o Social, Ci\u00eancias Sociais, Gest\u00e3o de Pol\u00edticas P\u00fablicas, Comunica\u00e7\u00e3o Social ou \u00e1reas afins. Experi\u00eancia comprovada na \u00e1rea Conhecimento do terceiro [&#8230;]<\/p>\n","protected":false},"author":2,"featured_media":0,"comment_status":"open","ping_status":"open","sticky":false,"template":"","format":"standard","meta":{"footnotes":""},"categories":[24,31,125,111],"tags":[],"class_list":["post-43219","post","type-post","status-publish","format-standard","hentry","category-comunicacao-social","category-educacao","category-ensino-superior-completo","category-diversos"],"yoast_head":"<!-- This site is optimized with the Yoast SEO plugin v27.4 - https:\/\/yoast.com\/product\/yoast-seo-wordpress\/ -->\n<title>Captador de Recursos - Bras\u00edlia - DF - VagasDF<\/title>\n<meta name=\"robots\" content=\"index, follow, max-snippet:-1, max-image-preview:large, max-video-preview:-1\" \/>\n<link rel=\"canonical\" href=\"https:\/\/www.vagasdf.com.br\/index.php\/2026\/02\/23\/captador-de-recursos-brasilia-df\/\" \/>\n<meta property=\"og:locale\" content=\"pt_BR\" \/>\n<meta property=\"og:type\" content=\"article\" \/>\n<meta property=\"og:title\" content=\"Captador de Recursos - Bras\u00edlia - DF - VagasDF\" \/>\n<meta property=\"og:description\" content=\"Requisitos: N\u00edvel superior em Pedagogia, Servi\u00e7o Social, Ci\u00eancias Sociais, Gest\u00e3o de Pol\u00edticas P\u00fablicas, Comunica\u00e7\u00e3o Social ou \u00e1reas afins. Experi\u00eancia comprovada na \u00e1rea Conhecimento do terceiro [...]\" \/>\n<meta property=\"og:url\" content=\"https:\/\/www.vagasdf.com.br\/index.php\/2026\/02\/23\/captador-de-recursos-brasilia-df\/\" \/>\n<meta property=\"og:site_name\" content=\"VagasDF\" \/>\n<meta property=\"article:published_time\" content=\"2026-02-23T13:00:40+00:00\" \/>\n<meta name=\"author\" content=\"Vagas Emprego DF\" \/>\n<meta name=\"twitter:card\" content=\"summary_large_image\" \/>\n<meta name=\"twitter:label1\" content=\"Escrito por\" \/>\n\t<meta name=\"twitter:data1\" content=\"Vagas Emprego DF\" \/>\n\t<meta name=\"twitter:label2\" content=\"Est. tempo de leitura\" \/>\n\t<meta name=\"twitter:data2\" content=\"1 minuto\" \/>\n<!-- \/ Yoast SEO plugin. -->","yoast_head_json":{"title":"Captador de Recursos - Bras\u00edlia - DF - VagasDF","robots":{"index":"index","follow":"follow","max-snippet":"max-snippet:-1","max-image-preview":"max-image-preview:large","max-video-preview":"max-video-preview:-1"},"canonical":"https:\/\/www.vagasdf.com.br\/index.php\/2026\/02\/23\/captador-de-recursos-brasilia-df\/","og_locale":"pt_BR","og_type":"article","og_title":"Captador de Recursos - Bras\u00edlia - DF - VagasDF","og_description":"Requisitos: N\u00edvel superior em Pedagogia, Servi\u00e7o Social, Ci\u00eancias Sociais, Gest\u00e3o de Pol\u00edticas P\u00fablicas, Comunica\u00e7\u00e3o Social ou \u00e1reas afins. Experi\u00eancia comprovada na \u00e1rea Conhecimento do terceiro [...]","og_url":"https:\/\/www.vagasdf.com.br\/index.php\/2026\/02\/23\/captador-de-recursos-brasilia-df\/","og_site_name":"VagasDF","article_published_time":"2026-02-23T13:00:40+00:00","author":"Vagas Emprego DF","twitter_card":"summary_large_image","twitter_misc":{"Escrito por":"Vagas Emprego DF","Est. tempo de leitura":"1 minuto"},"schema":{"@context":"https:\/\/schema.org","@graph":[{"@type":"Article","@id":"https:\/\/www.vagasdf.com.br\/index.php\/2026\/02\/23\/captador-de-recursos-brasilia-df\/#article","isPartOf":{"@id":"https:\/\/www.vagasdf.com.br\/index.php\/2026\/02\/23\/captador-de-recursos-brasilia-df\/"},"author":{"name":"Vagas Emprego DF","@id":"https:\/\/www.vagasdf.com.br\/#\/schema\/person\/9384a559252cca63e85a3316d81df8a9"},"headline":"Captador de Recursos &#8211; Bras\u00edlia &#8211; DF","datePublished":"2026-02-23T13:00:40+00:00","mainEntityOfPage":{"@id":"https:\/\/www.vagasdf.com.br\/index.php\/2026\/02\/23\/captador-de-recursos-brasilia-df\/"},"wordCount":205,"commentCount":0,"publisher":{"@id":"https:\/\/www.vagasdf.com.br\/#organization"},"articleSection":["comunica\u00e7\u00e3o social","educa\u00e7\u00e3o","ensino superior","vagas diversas"],"inLanguage":"pt-BR","potentialAction":[{"@type":"CommentAction","name":"Comment","target":["https:\/\/www.vagasdf.com.br\/index.php\/2026\/02\/23\/captador-de-recursos-brasilia-df\/#respond"]}]},{"@type":"WebPage","@id":"https:\/\/www.vagasdf.com.br\/index.php\/2026\/02\/23\/captador-de-recursos-brasilia-df\/","url":"https:\/\/www.vagasdf.com.br\/index.php\/2026\/02\/23\/captador-de-recursos-brasilia-df\/","name":"Captador de Recursos - Bras\u00edlia - DF - VagasDF","isPartOf":{"@id":"https:\/\/www.vagasdf.com.br\/#website"},"datePublished":"2026-02-23T13:00:40+00:00","breadcrumb":{"@id":"https:\/\/www.vagasdf.com.br\/index.php\/2026\/02\/23\/captador-de-recursos-brasilia-df\/#breadcrumb"},"inLanguage":"pt-BR","potentialAction":[{"@type":"ReadAction","target":["https:\/\/www.vagasdf.com.br\/index.php\/2026\/02\/23\/captador-de-recursos-brasilia-df\/"]}]},{"@type":"BreadcrumbList","@id":"https:\/\/www.vagasdf.com.br\/index.php\/2026\/02\/23\/captador-de-recursos-brasilia-df\/#breadcrumb","itemListElement":[{"@type":"ListItem","position":1,"name":"Home","item":"https:\/\/www.vagasdf.com.br\/"},{"@type":"ListItem","position":2,"name":"Captador de Recursos &#8211; Bras\u00edlia &#8211; DF"}]},{"@type":"WebSite","@id":"https:\/\/www.vagasdf.com.br\/#website","url":"https:\/\/www.vagasdf.com.br\/","name":"VagasDF","description":"Vagas de Emprego e Est\u00e1gio no DF","publisher":{"@id":"https:\/\/www.vagasdf.com.br\/#organization"},"potentialAction":[{"@type":"SearchAction","target":{"@type":"EntryPoint","urlTemplate":"https:\/\/www.vagasdf.com.br\/?s={search_term_string}"},"query-input":{"@type":"PropertyValueSpecification","valueRequired":true,"valueName":"search_term_string"}}],"inLanguage":"pt-BR"},{"@type":"Organization","@id":"https:\/\/www.vagasdf.com.br\/#organization","name":"VagasDF","url":"https:\/\/www.vagasdf.com.br\/","logo":{"@type":"ImageObject","inLanguage":"pt-BR","@id":"https:\/\/www.vagasdf.com.br\/#\/schema\/logo\/image\/","url":"https:\/\/www.vagasdf.com.br\/wp-content\/uploads\/2025\/06\/cropped-vdf-logo-2021.jpg","contentUrl":"https:\/\/www.vagasdf.com.br\/wp-content\/uploads\/2025\/06\/cropped-vdf-logo-2021.jpg","width":350,"height":100,"caption":"VagasDF"},"image":{"@id":"https:\/\/www.vagasdf.com.br\/#\/schema\/logo\/image\/"}},{"@type":"Person","@id":"https:\/\/www.vagasdf.com.br\/#\/schema\/person\/9384a559252cca63e85a3316d81df8a9","name":"Vagas Emprego DF","image":{"@type":"ImageObject","inLanguage":"pt-BR","@id":"https:\/\/secure.gravatar.com\/avatar\/e198f9393383244894b06db503be8cb43011f384a429c7a9f84f3f61c138a35e?s=96&d=mm&r=g","url":"https:\/\/secure.gravatar.com\/avatar\/e198f9393383244894b06db503be8cb43011f384a429c7a9f84f3f61c138a35e?s=96&d=mm&r=g","contentUrl":"https:\/\/secure.gravatar.com\/avatar\/e198f9393383244894b06db503be8cb43011f384a429c7a9f84f3f61c138a35e?s=96&d=mm&r=g","caption":"Vagas Emprego DF"},"url":"https:\/\/www.vagasdf.com.br\/index.php\/author\/vagasemprego\/"}]}},"_links":{"self":[{"href":"https:\/\/www.vagasdf.com.br\/index.php\/wp-json\/wp\/v2\/posts\/43219","targetHints":{"allow":["GET"]}}],"collection":[{"href":"https:\/\/www.vagasdf.com.br\/index.php\/wp-json\/wp\/v2\/posts"}],"about":[{"href":"https:\/\/www.vagasdf.com.br\/index.php\/wp-json\/wp\/v2\/types\/post"}],"author":[{"embeddable":true,"href":"https:\/\/www.vagasdf.com.br\/index.php\/wp-json\/wp\/v2\/users\/2"}],"replies":[{"embeddable":true,"href":"https:\/\/www.vagasdf.com.br\/index.php\/wp-json\/wp\/v2\/comments?post=43219"}],"version-history":[{"count":1,"href":"https:\/\/www.vagasdf.com.br\/index.php\/wp-json\/wp\/v2\/posts\/43219\/revisions"}],"predecessor-version":[{"id":43220,"href":"https:\/\/www.vagasdf.com.br\/index.php\/wp-json\/wp\/v2\/posts\/43219\/revisions\/43220"}],"wp:attachment":[{"href":"https:\/\/www.vagasdf.com.br\/index.php\/wp-json\/wp\/v2\/media?parent=43219"}],"wp:term":[{"taxonomy":"category","embeddable":true,"href":"https:\/\/www.vagasdf.com.br\/index.php\/wp-json\/wp\/v2\/categories?post=43219"},{"taxonomy":"post_tag","embeddable":true,"href":"https:\/\/www.vagasdf.com.br\/index.php\/wp-json\/wp\/v2\/tags?post=43219"}],"curies":[{"name":"wp","href":"https:\/\/api.w.org\/{rel}","templated":true}]}}