{"id":43282,"date":"2026-03-02T14:00:45","date_gmt":"2026-03-02T17:00:45","guid":{"rendered":"https:\/\/www.vagasdf.com.br\/?p=43282"},"modified":"2026-03-01T21:32:18","modified_gmt":"2026-03-02T00:32:18","slug":"recepcionista-ceilandia-brasilia-df","status":"publish","type":"post","link":"https:\/\/www.vagasdf.com.br\/index.php\/2026\/03\/02\/recepcionista-ceilandia-brasilia-df\/","title":{"rendered":"Recepcionista &#8211; Ceil\u00e2ndia &#8211; Bras\u00edlia &#8211;  DF"},"content":{"rendered":"<p style=\"text-align: justify;\">Descri\u00e7\u00e3o:<\/p>\n<ul style=\"text-align: justify;\">\n<li>Buscamos uma recepcionista comunicativa, proativa e apaixonada por atender pessoas. Essa \u00e9 uma oportunidade \u00fanica para quem deseja crescer em uma empresa s\u00f3lida, reconhecida e em constante expans\u00e3o.<\/li>\n<\/ul>\n<p style=\"text-align: justify;\">Requisitos:<\/p>\n<ul style=\"text-align: justify;\">\n<li>Ensino m\u00e9dio completo.<\/li>\n<li>Experi\u00eancia com vendas e atendimento ao p\u00fablico.<\/li>\n<li>Boa comunica\u00e7\u00e3o, empatia e perfil comercial.<\/li>\n<li>Organiza\u00e7\u00e3o ser\u00e1 um diferencial.<\/li>\n<\/ul>\n<p style=\"text-align: justify;\">Atividades e Responsabilidades:<\/p>\n<ul style=\"text-align: justify;\">\n<li>Recepcionar clientes com simpatia e cordialidade.<\/li>\n<li>Gerenciar agenda e realizar confirma\u00e7\u00f5es de consultas\/procedimentos.<\/li>\n<li>Oferecer \u00e1gua\/caf\u00e9 e garantir uma recep\u00e7\u00e3o acolhedora.<\/li>\n<li>Realizar vendas de procedimentos, pacotes e produtos.<\/li>\n<li>Apoiar na organiza\u00e7\u00e3o e manuten\u00e7\u00e3o da cl\u00ednica.<\/li>\n<\/ul>\n<p style=\"text-align: justify;\">Jornada de trabalho:<\/p>\n<ul style=\"text-align: justify;\">\n<li>Segunda a Sexta Feira das 09:00 \u00e0s 18:00 e S\u00e1bado das 09:00 \u00e0s 16:00 (escala)<\/li>\n<\/ul>\n<p style=\"text-align: justify;\">Remunera\u00e7\u00e3o:<\/p>\n<ul style=\"text-align: justify;\">\n<li>Sal\u00e1rio compat\u00edvel com o mercado.<\/li>\n<li>Comiss\u00e3o sobre vendas.<\/li>\n<li>Vale transporte (antecipado).<\/li>\n<li>Vale refei\u00e7\u00e3o.<\/li>\n<li>Premia\u00e7\u00f5es mensais e trimestrais por desempenho.<\/li>\n<li>Descontos em tratamentos est\u00e9ticos e consultas nutricionais.<\/li>\n<li>Total Pass, Avus e Star Bem.<\/li>\n<li>Ambiente de trabalho acolhedor e com possibilidade real de crescimento.<\/li>\n<\/ul>\n<p style=\"text-align: justify;\">Observa\u00e7\u00f5es:<\/p>\n<ul style=\"text-align: justify;\">\n<li>Se voc\u00ea \u00e9 comunicativa, organizada, gosta de trabalhar em equipe e tem paix\u00e3o por est\u00e9tica, venha fazer parte da nossa equipe na Emagrecentro Ceil\u00e2ndia\/DF.<\/li>\n<\/ul>\n<p style=\"text-align: justify;\">Cadastrar curr\u00edculo informando no assunto a vaga de interesse para o Link<br \/>\nhttps:\/\/www.empregare.com\/pt-br\/vaga-recepcionista_150880<\/p>\n","protected":false},"excerpt":{"rendered":"<p>Descri\u00e7\u00e3o: Buscamos uma recepcionista comunicativa, proativa e apaixonada por atender pessoas. Essa \u00e9 uma oportunidade \u00fanica para quem deseja crescer em uma empresa s\u00f3lida, reconhecida [&#8230;]<\/p>\n","protected":false},"author":2,"featured_media":0,"comment_status":"open","ping_status":"open","sticky":false,"template":"","format":"standard","meta":{"footnotes":""},"categories":[11,123],"tags":[],"class_list":["post-43282","post","type-post","status-publish","format-standard","hentry","category-atendimento-recepcao","category-ensino-medio-completo"],"yoast_head":"<!-- This site is optimized with the Yoast SEO plugin v27.4 - https:\/\/yoast.com\/product\/yoast-seo-wordpress\/ -->\n<title>Recepcionista - Ceil\u00e2ndia - Bras\u00edlia - DF - VagasDF<\/title>\n<meta name=\"robots\" content=\"index, follow, max-snippet:-1, max-image-preview:large, max-video-preview:-1\" \/>\n<link rel=\"canonical\" href=\"https:\/\/www.vagasdf.com.br\/index.php\/2026\/03\/02\/recepcionista-ceilandia-brasilia-df\/\" \/>\n<meta property=\"og:locale\" content=\"pt_BR\" \/>\n<meta property=\"og:type\" content=\"article\" \/>\n<meta property=\"og:title\" content=\"Recepcionista - Ceil\u00e2ndia - Bras\u00edlia - DF - VagasDF\" \/>\n<meta property=\"og:description\" content=\"Descri\u00e7\u00e3o: Buscamos uma recepcionista comunicativa, proativa e apaixonada por atender pessoas. Essa \u00e9 uma oportunidade \u00fanica para quem deseja crescer em uma empresa s\u00f3lida, reconhecida [...]\" \/>\n<meta property=\"og:url\" content=\"https:\/\/www.vagasdf.com.br\/index.php\/2026\/03\/02\/recepcionista-ceilandia-brasilia-df\/\" \/>\n<meta property=\"og:site_name\" content=\"VagasDF\" \/>\n<meta property=\"article:published_time\" content=\"2026-03-02T17:00:45+00:00\" \/>\n<meta name=\"author\" content=\"Vagas Emprego DF\" \/>\n<meta name=\"twitter:card\" content=\"summary_large_image\" \/>\n<meta name=\"twitter:label1\" content=\"Escrito por\" \/>\n\t<meta name=\"twitter:data1\" content=\"Vagas Emprego DF\" \/>\n\t<meta name=\"twitter:label2\" content=\"Est. tempo de leitura\" \/>\n\t<meta name=\"twitter:data2\" content=\"2 minutos\" \/>\n<!-- \/ Yoast SEO plugin. -->","yoast_head_json":{"title":"Recepcionista - Ceil\u00e2ndia - Bras\u00edlia - DF - VagasDF","robots":{"index":"index","follow":"follow","max-snippet":"max-snippet:-1","max-image-preview":"max-image-preview:large","max-video-preview":"max-video-preview:-1"},"canonical":"https:\/\/www.vagasdf.com.br\/index.php\/2026\/03\/02\/recepcionista-ceilandia-brasilia-df\/","og_locale":"pt_BR","og_type":"article","og_title":"Recepcionista - Ceil\u00e2ndia - Bras\u00edlia - DF - VagasDF","og_description":"Descri\u00e7\u00e3o: Buscamos uma recepcionista comunicativa, proativa e apaixonada por atender pessoas. Essa \u00e9 uma oportunidade \u00fanica para quem deseja crescer em uma empresa s\u00f3lida, reconhecida [...]","og_url":"https:\/\/www.vagasdf.com.br\/index.php\/2026\/03\/02\/recepcionista-ceilandia-brasilia-df\/","og_site_name":"VagasDF","article_published_time":"2026-03-02T17:00:45+00:00","author":"Vagas Emprego DF","twitter_card":"summary_large_image","twitter_misc":{"Escrito por":"Vagas Emprego DF","Est. tempo de leitura":"2 minutos"},"schema":{"@context":"https:\/\/schema.org","@graph":[{"@type":"Article","@id":"https:\/\/www.vagasdf.com.br\/index.php\/2026\/03\/02\/recepcionista-ceilandia-brasilia-df\/#article","isPartOf":{"@id":"https:\/\/www.vagasdf.com.br\/index.php\/2026\/03\/02\/recepcionista-ceilandia-brasilia-df\/"},"author":{"name":"Vagas Emprego DF","@id":"https:\/\/www.vagasdf.com.br\/#\/schema\/person\/9384a559252cca63e85a3316d81df8a9"},"headline":"Recepcionista &#8211; Ceil\u00e2ndia &#8211; Bras\u00edlia &#8211; DF","datePublished":"2026-03-02T17:00:45+00:00","mainEntityOfPage":{"@id":"https:\/\/www.vagasdf.com.br\/index.php\/2026\/03\/02\/recepcionista-ceilandia-brasilia-df\/"},"wordCount":223,"commentCount":0,"publisher":{"@id":"https:\/\/www.vagasdf.com.br\/#organization"},"articleSection":["atendimento e recep\u00e7\u00e3o","ensino m\u00e9dio"],"inLanguage":"pt-BR","potentialAction":[{"@type":"CommentAction","name":"Comment","target":["https:\/\/www.vagasdf.com.br\/index.php\/2026\/03\/02\/recepcionista-ceilandia-brasilia-df\/#respond"]}]},{"@type":"WebPage","@id":"https:\/\/www.vagasdf.com.br\/index.php\/2026\/03\/02\/recepcionista-ceilandia-brasilia-df\/","url":"https:\/\/www.vagasdf.com.br\/index.php\/2026\/03\/02\/recepcionista-ceilandia-brasilia-df\/","name":"Recepcionista - Ceil\u00e2ndia - Bras\u00edlia - DF - VagasDF","isPartOf":{"@id":"https:\/\/www.vagasdf.com.br\/#website"},"datePublished":"2026-03-02T17:00:45+00:00","breadcrumb":{"@id":"https:\/\/www.vagasdf.com.br\/index.php\/2026\/03\/02\/recepcionista-ceilandia-brasilia-df\/#breadcrumb"},"inLanguage":"pt-BR","potentialAction":[{"@type":"ReadAction","target":["https:\/\/www.vagasdf.com.br\/index.php\/2026\/03\/02\/recepcionista-ceilandia-brasilia-df\/"]}]},{"@type":"BreadcrumbList","@id":"https:\/\/www.vagasdf.com.br\/index.php\/2026\/03\/02\/recepcionista-ceilandia-brasilia-df\/#breadcrumb","itemListElement":[{"@type":"ListItem","position":1,"name":"Home","item":"https:\/\/www.vagasdf.com.br\/"},{"@type":"ListItem","position":2,"name":"Recepcionista &#8211; Ceil\u00e2ndia &#8211; Bras\u00edlia &#8211; DF"}]},{"@type":"WebSite","@id":"https:\/\/www.vagasdf.com.br\/#website","url":"https:\/\/www.vagasdf.com.br\/","name":"VagasDF","description":"Vagas de Emprego e Est\u00e1gio no DF","publisher":{"@id":"https:\/\/www.vagasdf.com.br\/#organization"},"potentialAction":[{"@type":"SearchAction","target":{"@type":"EntryPoint","urlTemplate":"https:\/\/www.vagasdf.com.br\/?s={search_term_string}"},"query-input":{"@type":"PropertyValueSpecification","valueRequired":true,"valueName":"search_term_string"}}],"inLanguage":"pt-BR"},{"@type":"Organization","@id":"https:\/\/www.vagasdf.com.br\/#organization","name":"VagasDF","url":"https:\/\/www.vagasdf.com.br\/","logo":{"@type":"ImageObject","inLanguage":"pt-BR","@id":"https:\/\/www.vagasdf.com.br\/#\/schema\/logo\/image\/","url":"https:\/\/www.vagasdf.com.br\/wp-content\/uploads\/2025\/06\/cropped-vdf-logo-2021.jpg","contentUrl":"https:\/\/www.vagasdf.com.br\/wp-content\/uploads\/2025\/06\/cropped-vdf-logo-2021.jpg","width":350,"height":100,"caption":"VagasDF"},"image":{"@id":"https:\/\/www.vagasdf.com.br\/#\/schema\/logo\/image\/"}},{"@type":"Person","@id":"https:\/\/www.vagasdf.com.br\/#\/schema\/person\/9384a559252cca63e85a3316d81df8a9","name":"Vagas Emprego DF","image":{"@type":"ImageObject","inLanguage":"pt-BR","@id":"https:\/\/secure.gravatar.com\/avatar\/e198f9393383244894b06db503be8cb43011f384a429c7a9f84f3f61c138a35e?s=96&d=mm&r=g","url":"https:\/\/secure.gravatar.com\/avatar\/e198f9393383244894b06db503be8cb43011f384a429c7a9f84f3f61c138a35e?s=96&d=mm&r=g","contentUrl":"https:\/\/secure.gravatar.com\/avatar\/e198f9393383244894b06db503be8cb43011f384a429c7a9f84f3f61c138a35e?s=96&d=mm&r=g","caption":"Vagas Emprego DF"},"url":"https:\/\/www.vagasdf.com.br\/index.php\/author\/vagasemprego\/"}]}},"_links":{"self":[{"href":"https:\/\/www.vagasdf.com.br\/index.php\/wp-json\/wp\/v2\/posts\/43282","targetHints":{"allow":["GET"]}}],"collection":[{"href":"https:\/\/www.vagasdf.com.br\/index.php\/wp-json\/wp\/v2\/posts"}],"about":[{"href":"https:\/\/www.vagasdf.com.br\/index.php\/wp-json\/wp\/v2\/types\/post"}],"author":[{"embeddable":true,"href":"https:\/\/www.vagasdf.com.br\/index.php\/wp-json\/wp\/v2\/users\/2"}],"replies":[{"embeddable":true,"href":"https:\/\/www.vagasdf.com.br\/index.php\/wp-json\/wp\/v2\/comments?post=43282"}],"version-history":[{"count":1,"href":"https:\/\/www.vagasdf.com.br\/index.php\/wp-json\/wp\/v2\/posts\/43282\/revisions"}],"predecessor-version":[{"id":43283,"href":"https:\/\/www.vagasdf.com.br\/index.php\/wp-json\/wp\/v2\/posts\/43282\/revisions\/43283"}],"wp:attachment":[{"href":"https:\/\/www.vagasdf.com.br\/index.php\/wp-json\/wp\/v2\/media?parent=43282"}],"wp:term":[{"taxonomy":"category","embeddable":true,"href":"https:\/\/www.vagasdf.com.br\/index.php\/wp-json\/wp\/v2\/categories?post=43282"},{"taxonomy":"post_tag","embeddable":true,"href":"https:\/\/www.vagasdf.com.br\/index.php\/wp-json\/wp\/v2\/tags?post=43282"}],"curies":[{"name":"wp","href":"https:\/\/api.w.org\/{rel}","templated":true}]}}