{"id":43726,"date":"2026-04-22T15:00:44","date_gmt":"2026-04-22T18:00:44","guid":{"rendered":"https:\/\/www.vagasdf.com.br\/?p=43726"},"modified":"2026-04-21T15:44:35","modified_gmt":"2026-04-21T18:44:35","slug":"tecnico-em-saude-bucal-brasilia-df","status":"publish","type":"post","link":"https:\/\/www.vagasdf.com.br\/index.php\/2026\/04\/22\/tecnico-em-saude-bucal-brasilia-df\/","title":{"rendered":"T\u00e9cnico em Sa\u00fade Bucal &#8211; Bras\u00edlia, &#8211; DF"},"content":{"rendered":"<p style=\"text-align: justify;\">Requisitos:<\/p>\n<ul style=\"text-align: justify;\">\n<li>Curso T\u00e9cnico em Sa\u00fade Bucal conclu\u00eddo ou cursando o \u00faltimo semestre.<\/li>\n<li>Experi\u00eancia pr\u00e9via com profilaxia na boca de pacientes e esteriliza\u00e7\u00e3o de instrumentos e equipamentos odontol\u00f3gicos.<\/li>\n<li>Diferencial ter trabalhado com escaneamento intraoral.<\/li>\n<\/ul>\n<p style=\"text-align: justify;\">Atividades e Responsabilidades:<\/p>\n<ul style=\"text-align: justify;\">\n<li>Auxiliar o cirurgi\u00e3o-dentista durante os atendimentos cl\u00ednicos.<\/li>\n<li>Realizar a prepara\u00e7\u00e3o dos pacientes para procedimentos odontol\u00f3gicos.<\/li>\n<li>Organizar e esterilizar instrumentos e materiais utilizados.<\/li>\n<li>Executar procedimentos preventivos, como profilaxia e aplica\u00e7\u00e3o de fl\u00faor na boca dos pacientes.<\/li>\n<li>Orientar pacientes sobre higiene bucal e cuidados preventivos.<\/li>\n<li>Realizar registros e atualiza\u00e7\u00f5es em prontu\u00e1rios.<\/li>\n<li>Controlar o estoque de materiais odontol\u00f3gicos.<\/li>\n<li>Preparar o ambiente de trabalho, garantindo biosseguran\u00e7a.<\/li>\n<li>Apoiar a\u00e7\u00f5es educativas e campanhas de sa\u00fade bucal.<\/li>\n<\/ul>\n<p style=\"text-align: justify;\">Jornada de trabalho:<\/p>\n<ul style=\"text-align: justify;\">\n<li>Segunda a Sexta Feira das 08:00 \u00e0s 19:00<\/li>\n<\/ul>\n<p style=\"text-align: justify;\">Remunera\u00e7\u00e3o:<\/p>\n<ul style=\"text-align: justify;\">\n<li>R$ 1.700,00 at\u00e9 R$ 2.100,00<\/li>\n<\/ul>\n<p style=\"text-align: justify;\">Benef\u00edcios:<\/p>\n<ul style=\"text-align: justify;\">\n<li>Vale-alimenta\u00e7\u00e3o<\/li>\n<li>Vale-transporte<\/li>\n<\/ul>\n<p style=\"text-align: justify;\">Cadastrar curr\u00edculo informando no assunto a vaga de interesse para o Link<br \/>\nhttps:\/\/www.empregare.com\/pt-br\/vaga-tecnico-em-saude-bucal_154977<\/p>\n","protected":false},"excerpt":{"rendered":"<p>Requisitos: Curso T\u00e9cnico em Sa\u00fade Bucal conclu\u00eddo ou cursando o \u00faltimo semestre. Experi\u00eancia pr\u00e9via com profilaxia na boca de pacientes e esteriliza\u00e7\u00e3o de instrumentos e [&#8230;]<\/p>\n","protected":false},"author":2,"featured_media":0,"comment_status":"open","ping_status":"open","sticky":false,"template":"","format":"standard","meta":{"footnotes":""},"categories":[127,128,97],"tags":[],"class_list":["post-43726","post","type-post","status-publish","format-standard","hentry","category-ensino-tecnico-completo","category-ensino-tecnico-incompleto","category-saude"],"yoast_head":"<!-- This site is optimized with the Yoast SEO plugin v27.4 - https:\/\/yoast.com\/product\/yoast-seo-wordpress\/ -->\n<title>T\u00e9cnico em Sa\u00fade Bucal - Bras\u00edlia, - DF - VagasDF<\/title>\n<meta name=\"robots\" content=\"index, follow, max-snippet:-1, max-image-preview:large, max-video-preview:-1\" \/>\n<link rel=\"canonical\" href=\"https:\/\/www.vagasdf.com.br\/index.php\/2026\/04\/22\/tecnico-em-saude-bucal-brasilia-df\/\" \/>\n<meta property=\"og:locale\" content=\"pt_BR\" \/>\n<meta property=\"og:type\" content=\"article\" \/>\n<meta property=\"og:title\" content=\"T\u00e9cnico em Sa\u00fade Bucal - Bras\u00edlia, - DF - VagasDF\" \/>\n<meta property=\"og:description\" content=\"Requisitos: Curso T\u00e9cnico em Sa\u00fade Bucal conclu\u00eddo ou cursando o \u00faltimo semestre. Experi\u00eancia pr\u00e9via com profilaxia na boca de pacientes e esteriliza\u00e7\u00e3o de instrumentos e [...]\" \/>\n<meta property=\"og:url\" content=\"https:\/\/www.vagasdf.com.br\/index.php\/2026\/04\/22\/tecnico-em-saude-bucal-brasilia-df\/\" \/>\n<meta property=\"og:site_name\" content=\"VagasDF\" \/>\n<meta property=\"article:published_time\" content=\"2026-04-22T18:00:44+00:00\" \/>\n<meta name=\"author\" content=\"Vagas Emprego DF\" \/>\n<meta name=\"twitter:card\" content=\"summary_large_image\" \/>\n<meta name=\"twitter:label1\" content=\"Escrito por\" \/>\n\t<meta name=\"twitter:data1\" content=\"Vagas Emprego DF\" \/>\n\t<meta name=\"twitter:label2\" content=\"Est. tempo de leitura\" \/>\n\t<meta name=\"twitter:data2\" content=\"1 minuto\" \/>\n<!-- \/ Yoast SEO plugin. -->","yoast_head_json":{"title":"T\u00e9cnico em Sa\u00fade Bucal - Bras\u00edlia, - DF - VagasDF","robots":{"index":"index","follow":"follow","max-snippet":"max-snippet:-1","max-image-preview":"max-image-preview:large","max-video-preview":"max-video-preview:-1"},"canonical":"https:\/\/www.vagasdf.com.br\/index.php\/2026\/04\/22\/tecnico-em-saude-bucal-brasilia-df\/","og_locale":"pt_BR","og_type":"article","og_title":"T\u00e9cnico em Sa\u00fade Bucal - Bras\u00edlia, - DF - VagasDF","og_description":"Requisitos: Curso T\u00e9cnico em Sa\u00fade Bucal conclu\u00eddo ou cursando o \u00faltimo semestre. Experi\u00eancia pr\u00e9via com profilaxia na boca de pacientes e esteriliza\u00e7\u00e3o de instrumentos e [...]","og_url":"https:\/\/www.vagasdf.com.br\/index.php\/2026\/04\/22\/tecnico-em-saude-bucal-brasilia-df\/","og_site_name":"VagasDF","article_published_time":"2026-04-22T18:00:44+00:00","author":"Vagas Emprego DF","twitter_card":"summary_large_image","twitter_misc":{"Escrito por":"Vagas Emprego DF","Est. tempo de leitura":"1 minuto"},"schema":{"@context":"https:\/\/schema.org","@graph":[{"@type":"Article","@id":"https:\/\/www.vagasdf.com.br\/index.php\/2026\/04\/22\/tecnico-em-saude-bucal-brasilia-df\/#article","isPartOf":{"@id":"https:\/\/www.vagasdf.com.br\/index.php\/2026\/04\/22\/tecnico-em-saude-bucal-brasilia-df\/"},"author":{"name":"Vagas Emprego DF","@id":"https:\/\/www.vagasdf.com.br\/#\/schema\/person\/9384a559252cca63e85a3316d81df8a9"},"headline":"T\u00e9cnico em Sa\u00fade Bucal &#8211; Bras\u00edlia, &#8211; DF","datePublished":"2026-04-22T18:00:44+00:00","mainEntityOfPage":{"@id":"https:\/\/www.vagasdf.com.br\/index.php\/2026\/04\/22\/tecnico-em-saude-bucal-brasilia-df\/"},"wordCount":174,"commentCount":0,"publisher":{"@id":"https:\/\/www.vagasdf.com.br\/#organization"},"articleSection":["ensino t\u00e9cnico","ensino t\u00e9cnico incompleto","sa\u00fade"],"inLanguage":"pt-BR","potentialAction":[{"@type":"CommentAction","name":"Comment","target":["https:\/\/www.vagasdf.com.br\/index.php\/2026\/04\/22\/tecnico-em-saude-bucal-brasilia-df\/#respond"]}]},{"@type":"WebPage","@id":"https:\/\/www.vagasdf.com.br\/index.php\/2026\/04\/22\/tecnico-em-saude-bucal-brasilia-df\/","url":"https:\/\/www.vagasdf.com.br\/index.php\/2026\/04\/22\/tecnico-em-saude-bucal-brasilia-df\/","name":"T\u00e9cnico em Sa\u00fade Bucal - Bras\u00edlia, - DF - VagasDF","isPartOf":{"@id":"https:\/\/www.vagasdf.com.br\/#website"},"datePublished":"2026-04-22T18:00:44+00:00","breadcrumb":{"@id":"https:\/\/www.vagasdf.com.br\/index.php\/2026\/04\/22\/tecnico-em-saude-bucal-brasilia-df\/#breadcrumb"},"inLanguage":"pt-BR","potentialAction":[{"@type":"ReadAction","target":["https:\/\/www.vagasdf.com.br\/index.php\/2026\/04\/22\/tecnico-em-saude-bucal-brasilia-df\/"]}]},{"@type":"BreadcrumbList","@id":"https:\/\/www.vagasdf.com.br\/index.php\/2026\/04\/22\/tecnico-em-saude-bucal-brasilia-df\/#breadcrumb","itemListElement":[{"@type":"ListItem","position":1,"name":"Home","item":"https:\/\/www.vagasdf.com.br\/"},{"@type":"ListItem","position":2,"name":"T\u00e9cnico em Sa\u00fade Bucal &#8211; Bras\u00edlia, &#8211; DF"}]},{"@type":"WebSite","@id":"https:\/\/www.vagasdf.com.br\/#website","url":"https:\/\/www.vagasdf.com.br\/","name":"VagasDF","description":"Vagas de Emprego e Est\u00e1gio no DF","publisher":{"@id":"https:\/\/www.vagasdf.com.br\/#organization"},"potentialAction":[{"@type":"SearchAction","target":{"@type":"EntryPoint","urlTemplate":"https:\/\/www.vagasdf.com.br\/?s={search_term_string}"},"query-input":{"@type":"PropertyValueSpecification","valueRequired":true,"valueName":"search_term_string"}}],"inLanguage":"pt-BR"},{"@type":"Organization","@id":"https:\/\/www.vagasdf.com.br\/#organization","name":"VagasDF","url":"https:\/\/www.vagasdf.com.br\/","logo":{"@type":"ImageObject","inLanguage":"pt-BR","@id":"https:\/\/www.vagasdf.com.br\/#\/schema\/logo\/image\/","url":"https:\/\/www.vagasdf.com.br\/wp-content\/uploads\/2025\/06\/cropped-vdf-logo-2021.jpg","contentUrl":"https:\/\/www.vagasdf.com.br\/wp-content\/uploads\/2025\/06\/cropped-vdf-logo-2021.jpg","width":350,"height":100,"caption":"VagasDF"},"image":{"@id":"https:\/\/www.vagasdf.com.br\/#\/schema\/logo\/image\/"}},{"@type":"Person","@id":"https:\/\/www.vagasdf.com.br\/#\/schema\/person\/9384a559252cca63e85a3316d81df8a9","name":"Vagas Emprego DF","image":{"@type":"ImageObject","inLanguage":"pt-BR","@id":"https:\/\/secure.gravatar.com\/avatar\/e198f9393383244894b06db503be8cb43011f384a429c7a9f84f3f61c138a35e?s=96&d=mm&r=g","url":"https:\/\/secure.gravatar.com\/avatar\/e198f9393383244894b06db503be8cb43011f384a429c7a9f84f3f61c138a35e?s=96&d=mm&r=g","contentUrl":"https:\/\/secure.gravatar.com\/avatar\/e198f9393383244894b06db503be8cb43011f384a429c7a9f84f3f61c138a35e?s=96&d=mm&r=g","caption":"Vagas Emprego DF"},"url":"https:\/\/www.vagasdf.com.br\/index.php\/author\/vagasemprego\/"}]}},"_links":{"self":[{"href":"https:\/\/www.vagasdf.com.br\/index.php\/wp-json\/wp\/v2\/posts\/43726","targetHints":{"allow":["GET"]}}],"collection":[{"href":"https:\/\/www.vagasdf.com.br\/index.php\/wp-json\/wp\/v2\/posts"}],"about":[{"href":"https:\/\/www.vagasdf.com.br\/index.php\/wp-json\/wp\/v2\/types\/post"}],"author":[{"embeddable":true,"href":"https:\/\/www.vagasdf.com.br\/index.php\/wp-json\/wp\/v2\/users\/2"}],"replies":[{"embeddable":true,"href":"https:\/\/www.vagasdf.com.br\/index.php\/wp-json\/wp\/v2\/comments?post=43726"}],"version-history":[{"count":1,"href":"https:\/\/www.vagasdf.com.br\/index.php\/wp-json\/wp\/v2\/posts\/43726\/revisions"}],"predecessor-version":[{"id":43727,"href":"https:\/\/www.vagasdf.com.br\/index.php\/wp-json\/wp\/v2\/posts\/43726\/revisions\/43727"}],"wp:attachment":[{"href":"https:\/\/www.vagasdf.com.br\/index.php\/wp-json\/wp\/v2\/media?parent=43726"}],"wp:term":[{"taxonomy":"category","embeddable":true,"href":"https:\/\/www.vagasdf.com.br\/index.php\/wp-json\/wp\/v2\/categories?post=43726"},{"taxonomy":"post_tag","embeddable":true,"href":"https:\/\/www.vagasdf.com.br\/index.php\/wp-json\/wp\/v2\/tags?post=43726"}],"curies":[{"name":"wp","href":"https:\/\/api.w.org\/{rel}","templated":true}]}}