{"id":43759,"date":"2026-04-28T09:00:07","date_gmt":"2026-04-28T12:00:07","guid":{"rendered":"https:\/\/www.vagasdf.com.br\/?p=43759"},"modified":"2026-04-27T23:31:15","modified_gmt":"2026-04-28T02:31:15","slug":"assistente-executivo-senior-chief-of-staff-brasilia-df","status":"publish","type":"post","link":"https:\/\/www.vagasdf.com.br\/index.php\/2026\/04\/28\/assistente-executivo-senior-chief-of-staff-brasilia-df\/","title":{"rendered":"Assistente Executivo S\u00eanior \/  CHIEF OF STAFF &#8211; Bras\u00edlia &#8211; DF"},"content":{"rendered":"<p style=\"text-align: justify;\">Descri\u00e7\u00e3o:<\/p>\n<ul style=\"text-align: justify;\">\n<li>Buscamos um profissional altamente estrat\u00e9gico para atuar como Chief of Staff, sendo o bra\u00e7o direito do CEO e respons\u00e1vel por garantir fluidez operacional, governan\u00e7a e execu\u00e7\u00e3o das prioridades do neg\u00f3cio.<\/li>\n<li>A posi\u00e7\u00e3o exige maturidade profissional, discri\u00e7\u00e3o e forte capacidade de articula\u00e7\u00e3o, com interface direta com Board, diretoria e \u00e1reas t\u00e9cnicas.<\/li>\n<\/ul>\n<p style=\"text-align: justify;\">Requisitos:<\/p>\n<ul style=\"text-align: justify;\">\n<li>\u00a0Forma\u00e7\u00e3o em Administra\u00e7\u00e3o, Direito, Rela\u00e7\u00f5es Internacionais ou \u00e1reas correlatas<\/li>\n<li>\u00a0Experi\u00eancia pr\u00e9via em suporte direto a C-Level (CEO\/Diretoria)<\/li>\n<li>\u00a0Viv\u00eancia em empresas de infraestrutura, log\u00edstica, minera\u00e7\u00e3o ou ambientes regulados<\/li>\n<li>\u00a0Ingl\u00eas avan\u00e7ado\/fluente (obrigat\u00f3rio) para comunica\u00e7\u00e3o corporativa<\/li>\n<li>\u00a0Alta capacidade de organiza\u00e7\u00e3o, prioriza\u00e7\u00e3o e gest\u00e3o de m\u00faltiplas demandas<\/li>\n<li>\u00a0Postura executiva e elevada discri\u00e7\u00e3o\/confidencialidade<\/li>\n<li>\u00a0Perfil resiliente e firme, com capacidade de cobran\u00e7a e acompanhamento de entregas<\/li>\n<li>\u00a0Comunica\u00e7\u00e3o clara, objetiva e com capacidade de s\u00edntese<\/li>\n<li>\u00a0Proatividade e senso de dono<\/li>\n<li>\u00a0Alta capacidade de articula\u00e7\u00e3o com diferentes n\u00edveis hier\u00e1rquicos<\/li>\n<li>Atuar diretamente com a alta lideran\u00e7a em uma posi\u00e7\u00e3o estrat\u00e9gica, com forte exposi\u00e7\u00e3o e impacto nas decis\u00f5es do neg\u00f3cio.<\/li>\n<\/ul>\n<p style=\"text-align: justify;\">Atividades e Responsabilidades:<\/p>\n<ul style=\"text-align: justify;\">\n<li>Gest\u00e3o de agenda executiva e filtro estrat\u00e9gico: prioriza\u00e7\u00e3o de compromissos com alta lideran\u00e7a, protegendo o tempo do CEO para decis\u00f5es cr\u00edticas; Follow-up executivo e cobran\u00e7a de entregas: acompanhamento de prazos junto \u00e0s \u00e1reas, especialmente em temas regulat\u00f3rios (IBAMA, PCA) e contratos estrat\u00e9gicos (ex.: opera\u00e7\u00f5es portu\u00e1rias\/log\u00edsticas)<\/li>\n<li>\u00a0Governan\u00e7a corporativa: prepara\u00e7\u00e3o de materiais para reuni\u00f5es de diretoria e Board, garantindo desdobramento das decis\u00f5es em planos de a\u00e7\u00e3o; Gest\u00e3o de reuni\u00f5es estrat\u00e9gicas: organiza\u00e7\u00e3o de agendas, atas, alinhamentos e acompanhamento de projetos cr\u00edticos<\/li>\n<li>\u00a0Gest\u00e3o de infraestrutura e suporte executivo: garantir o bom funcionamento do escrit\u00f3rio e ambiente corporativo<\/li>\n<li>\u00a0Interface com stakeholders internos e externos, assegurando comunica\u00e7\u00e3o fluida e alinhamento institucional<\/li>\n<\/ul>\n<p style=\"text-align: justify;\">Jornada de trabalho:<\/p>\n<ul style=\"text-align: justify;\">\n<li>Hor\u00e1rio das 08:00 \u00e0s 18:00<\/li>\n<\/ul>\n<p style=\"text-align: justify;\">Benef\u00edcios:<\/p>\n<ul style=\"text-align: justify;\">\n<li>Assist\u00eancia m\u00e9dica<\/li>\n<li>Assist\u00eancia odontol\u00f3gica<\/li>\n<li>Seguro de Vida<\/li>\n<li>Vale-alimenta\u00e7\u00e3o<\/li>\n<li>Vale-transporte<\/li>\n<\/ul>\n<p style=\"text-align: justify;\">Cadastrar curr\u00edculo informando no assunto a vaga de interesse para o Link<br \/>\nhttps:\/\/www.empregare.com\/pt-br\/vaga-assistente-executivo-senior-chief-of-sta_158848<\/p>\n","protected":false},"excerpt":{"rendered":"<p>Descri\u00e7\u00e3o: Buscamos um profissional altamente estrat\u00e9gico para atuar como Chief of Staff, sendo o bra\u00e7o direito do CEO e respons\u00e1vel por garantir fluidez operacional, governan\u00e7a [&#8230;]<\/p>\n","protected":false},"author":2,"featured_media":0,"comment_status":"open","ping_status":"open","sticky":false,"template":"","format":"standard","meta":{"footnotes":""},"categories":[4,125,59,63],"tags":[],"class_list":["post-43759","post","type-post","status-publish","format-standard","hentry","category-administrativa","category-ensino-superior-completo","category-ingles","category-juridica"],"yoast_head":"<!-- This site is optimized with the Yoast SEO plugin v27.5 - https:\/\/yoast.com\/product\/yoast-seo-wordpress\/ -->\n<title>Assistente Executivo S\u00eanior \/ CHIEF OF STAFF - Bras\u00edlia - DF - VagasDF<\/title>\n<meta name=\"robots\" content=\"index, follow, max-snippet:-1, max-image-preview:large, max-video-preview:-1\" \/>\n<link rel=\"canonical\" href=\"https:\/\/www.vagasdf.com.br\/index.php\/2026\/04\/28\/assistente-executivo-senior-chief-of-staff-brasilia-df\/\" \/>\n<meta property=\"og:locale\" content=\"pt_BR\" \/>\n<meta property=\"og:type\" content=\"article\" \/>\n<meta property=\"og:title\" content=\"Assistente Executivo S\u00eanior \/ CHIEF OF STAFF - Bras\u00edlia - DF - VagasDF\" \/>\n<meta property=\"og:description\" content=\"Descri\u00e7\u00e3o: Buscamos um profissional altamente estrat\u00e9gico para atuar como Chief of Staff, sendo o bra\u00e7o direito do CEO e respons\u00e1vel por garantir fluidez operacional, governan\u00e7a [...]\" \/>\n<meta property=\"og:url\" content=\"https:\/\/www.vagasdf.com.br\/index.php\/2026\/04\/28\/assistente-executivo-senior-chief-of-staff-brasilia-df\/\" \/>\n<meta property=\"og:site_name\" content=\"VagasDF\" \/>\n<meta property=\"article:published_time\" content=\"2026-04-28T12:00:07+00:00\" \/>\n<meta name=\"author\" content=\"Vagas Emprego DF\" \/>\n<meta name=\"twitter:card\" content=\"summary_large_image\" \/>\n<meta name=\"twitter:label1\" content=\"Escrito por\" \/>\n\t<meta name=\"twitter:data1\" content=\"Vagas Emprego DF\" \/>\n\t<meta name=\"twitter:label2\" content=\"Est. tempo de leitura\" \/>\n\t<meta name=\"twitter:data2\" content=\"2 minutos\" \/>\n<!-- \/ Yoast SEO plugin. -->","yoast_head_json":{"title":"Assistente Executivo S\u00eanior \/ CHIEF OF STAFF - Bras\u00edlia - DF - VagasDF","robots":{"index":"index","follow":"follow","max-snippet":"max-snippet:-1","max-image-preview":"max-image-preview:large","max-video-preview":"max-video-preview:-1"},"canonical":"https:\/\/www.vagasdf.com.br\/index.php\/2026\/04\/28\/assistente-executivo-senior-chief-of-staff-brasilia-df\/","og_locale":"pt_BR","og_type":"article","og_title":"Assistente Executivo S\u00eanior \/ CHIEF OF STAFF - Bras\u00edlia - DF - VagasDF","og_description":"Descri\u00e7\u00e3o: Buscamos um profissional altamente estrat\u00e9gico para atuar como Chief of Staff, sendo o bra\u00e7o direito do CEO e respons\u00e1vel por garantir fluidez operacional, governan\u00e7a [...]","og_url":"https:\/\/www.vagasdf.com.br\/index.php\/2026\/04\/28\/assistente-executivo-senior-chief-of-staff-brasilia-df\/","og_site_name":"VagasDF","article_published_time":"2026-04-28T12:00:07+00:00","author":"Vagas Emprego DF","twitter_card":"summary_large_image","twitter_misc":{"Escrito por":"Vagas Emprego DF","Est. tempo de leitura":"2 minutos"},"schema":{"@context":"https:\/\/schema.org","@graph":[{"@type":"Article","@id":"https:\/\/www.vagasdf.com.br\/index.php\/2026\/04\/28\/assistente-executivo-senior-chief-of-staff-brasilia-df\/#article","isPartOf":{"@id":"https:\/\/www.vagasdf.com.br\/index.php\/2026\/04\/28\/assistente-executivo-senior-chief-of-staff-brasilia-df\/"},"author":{"name":"Vagas Emprego DF","@id":"https:\/\/www.vagasdf.com.br\/#\/schema\/person\/9384a559252cca63e85a3316d81df8a9"},"headline":"Assistente Executivo S\u00eanior \/ CHIEF OF STAFF &#8211; Bras\u00edlia &#8211; DF","datePublished":"2026-04-28T12:00:07+00:00","mainEntityOfPage":{"@id":"https:\/\/www.vagasdf.com.br\/index.php\/2026\/04\/28\/assistente-executivo-senior-chief-of-staff-brasilia-df\/"},"wordCount":383,"commentCount":0,"publisher":{"@id":"https:\/\/www.vagasdf.com.br\/#organization"},"articleSection":["administra\u00e7\u00e3o geral","ensino superior","ingl\u00eas","jur\u00eddica"],"inLanguage":"pt-BR","potentialAction":[{"@type":"CommentAction","name":"Comment","target":["https:\/\/www.vagasdf.com.br\/index.php\/2026\/04\/28\/assistente-executivo-senior-chief-of-staff-brasilia-df\/#respond"]}]},{"@type":"WebPage","@id":"https:\/\/www.vagasdf.com.br\/index.php\/2026\/04\/28\/assistente-executivo-senior-chief-of-staff-brasilia-df\/","url":"https:\/\/www.vagasdf.com.br\/index.php\/2026\/04\/28\/assistente-executivo-senior-chief-of-staff-brasilia-df\/","name":"Assistente Executivo S\u00eanior \/ CHIEF OF STAFF - Bras\u00edlia - DF - VagasDF","isPartOf":{"@id":"https:\/\/www.vagasdf.com.br\/#website"},"datePublished":"2026-04-28T12:00:07+00:00","breadcrumb":{"@id":"https:\/\/www.vagasdf.com.br\/index.php\/2026\/04\/28\/assistente-executivo-senior-chief-of-staff-brasilia-df\/#breadcrumb"},"inLanguage":"pt-BR","potentialAction":[{"@type":"ReadAction","target":["https:\/\/www.vagasdf.com.br\/index.php\/2026\/04\/28\/assistente-executivo-senior-chief-of-staff-brasilia-df\/"]}]},{"@type":"BreadcrumbList","@id":"https:\/\/www.vagasdf.com.br\/index.php\/2026\/04\/28\/assistente-executivo-senior-chief-of-staff-brasilia-df\/#breadcrumb","itemListElement":[{"@type":"ListItem","position":1,"name":"Home","item":"https:\/\/www.vagasdf.com.br\/"},{"@type":"ListItem","position":2,"name":"Assistente Executivo S\u00eanior \/ CHIEF OF STAFF &#8211; Bras\u00edlia &#8211; DF"}]},{"@type":"WebSite","@id":"https:\/\/www.vagasdf.com.br\/#website","url":"https:\/\/www.vagasdf.com.br\/","name":"VagasDF","description":"Vagas de Emprego e Est\u00e1gio no DF","publisher":{"@id":"https:\/\/www.vagasdf.com.br\/#organization"},"potentialAction":[{"@type":"SearchAction","target":{"@type":"EntryPoint","urlTemplate":"https:\/\/www.vagasdf.com.br\/?s={search_term_string}"},"query-input":{"@type":"PropertyValueSpecification","valueRequired":true,"valueName":"search_term_string"}}],"inLanguage":"pt-BR"},{"@type":"Organization","@id":"https:\/\/www.vagasdf.com.br\/#organization","name":"VagasDF","url":"https:\/\/www.vagasdf.com.br\/","logo":{"@type":"ImageObject","inLanguage":"pt-BR","@id":"https:\/\/www.vagasdf.com.br\/#\/schema\/logo\/image\/","url":"https:\/\/www.vagasdf.com.br\/wp-content\/uploads\/2025\/06\/cropped-vdf-logo-2021.jpg","contentUrl":"https:\/\/www.vagasdf.com.br\/wp-content\/uploads\/2025\/06\/cropped-vdf-logo-2021.jpg","width":350,"height":100,"caption":"VagasDF"},"image":{"@id":"https:\/\/www.vagasdf.com.br\/#\/schema\/logo\/image\/"}},{"@type":"Person","@id":"https:\/\/www.vagasdf.com.br\/#\/schema\/person\/9384a559252cca63e85a3316d81df8a9","name":"Vagas Emprego DF","image":{"@type":"ImageObject","inLanguage":"pt-BR","@id":"https:\/\/secure.gravatar.com\/avatar\/e198f9393383244894b06db503be8cb43011f384a429c7a9f84f3f61c138a35e?s=96&d=mm&r=g","url":"https:\/\/secure.gravatar.com\/avatar\/e198f9393383244894b06db503be8cb43011f384a429c7a9f84f3f61c138a35e?s=96&d=mm&r=g","contentUrl":"https:\/\/secure.gravatar.com\/avatar\/e198f9393383244894b06db503be8cb43011f384a429c7a9f84f3f61c138a35e?s=96&d=mm&r=g","caption":"Vagas Emprego DF"},"url":"https:\/\/www.vagasdf.com.br\/index.php\/author\/vagasemprego\/"}]}},"_links":{"self":[{"href":"https:\/\/www.vagasdf.com.br\/index.php\/wp-json\/wp\/v2\/posts\/43759","targetHints":{"allow":["GET"]}}],"collection":[{"href":"https:\/\/www.vagasdf.com.br\/index.php\/wp-json\/wp\/v2\/posts"}],"about":[{"href":"https:\/\/www.vagasdf.com.br\/index.php\/wp-json\/wp\/v2\/types\/post"}],"author":[{"embeddable":true,"href":"https:\/\/www.vagasdf.com.br\/index.php\/wp-json\/wp\/v2\/users\/2"}],"replies":[{"embeddable":true,"href":"https:\/\/www.vagasdf.com.br\/index.php\/wp-json\/wp\/v2\/comments?post=43759"}],"version-history":[{"count":1,"href":"https:\/\/www.vagasdf.com.br\/index.php\/wp-json\/wp\/v2\/posts\/43759\/revisions"}],"predecessor-version":[{"id":43760,"href":"https:\/\/www.vagasdf.com.br\/index.php\/wp-json\/wp\/v2\/posts\/43759\/revisions\/43760"}],"wp:attachment":[{"href":"https:\/\/www.vagasdf.com.br\/index.php\/wp-json\/wp\/v2\/media?parent=43759"}],"wp:term":[{"taxonomy":"category","embeddable":true,"href":"https:\/\/www.vagasdf.com.br\/index.php\/wp-json\/wp\/v2\/categories?post=43759"},{"taxonomy":"post_tag","embeddable":true,"href":"https:\/\/www.vagasdf.com.br\/index.php\/wp-json\/wp\/v2\/tags?post=43759"}],"curies":[{"name":"wp","href":"https:\/\/api.w.org\/{rel}","templated":true}]}}