{"id":43761,"date":"2026-04-28T10:00:55","date_gmt":"2026-04-28T13:00:55","guid":{"rendered":"https:\/\/www.vagasdf.com.br\/?p=43761"},"modified":"2026-04-27T23:42:21","modified_gmt":"2026-04-28T02:42:21","slug":"assistente-de-gestao-e-inteligancia-comercial-brasilia-df","status":"publish","type":"post","link":"https:\/\/www.vagasdf.com.br\/index.php\/2026\/04\/28\/assistente-de-gestao-e-inteligancia-comercial-brasilia-df\/","title":{"rendered":"Assistente de Gest\u00e3o e Intelig\u00e2ncia Comercial &#8211; Bras\u00edlia &#8211; DF"},"content":{"rendered":"<p style=\"text-align: justify;\">Descri\u00e7\u00e3o:<\/p>\n<ul style=\"text-align: justify;\">\n<li>Buscamos um profissional com forte perfil anal\u00edtico e vis\u00e3o de neg\u00f3cio para atuar como bra\u00e7o direito do CEO de uma trader internacional, apoiando na gest\u00e3o de indicadores, intelig\u00eancia de mercado e controle do fluxo operacional.<\/li>\n<li>A posi\u00e7\u00e3o \u00e9 estrat\u00e9gica e tem impacto direto na previsibilidade e efici\u00eancia da cadeia de exporta\u00e7\u00e3o.<\/li>\n<\/ul>\n<p style=\"text-align: justify;\">Requisitos:<\/p>\n<ul style=\"text-align: justify;\">\n<li>\u00a0Forma\u00e7\u00e3o em Administra\u00e7\u00e3o, Com\u00e9rcio Exterior, Economia ou \u00e1reas correlatas<\/li>\n<li>\u00a0Ingl\u00eas (obrigat\u00f3rio) e Espanhol (Desej\u00e1vel) fluentes<\/li>\n<li>Experi\u00eancia em traders, exporta\u00e7\u00e3o ou \u00e1rea comercial com vi\u00e9s anal\u00edtico<\/li>\n<li>\u00a0Excel avan\u00e7ado (an\u00e1lise de dados, mix, margem e indicadores)<\/li>\n<li>\u00a0Viv\u00eancia com rotinas de exporta\u00e7\u00e3o e cadeia log\u00edstica ser\u00e1 um diferencial<\/li>\n<li>\u00a0Perfil anal\u00edtico e orientado a dados<\/li>\n<li>\u00a0Vis\u00e3o sist\u00eamica do neg\u00f3cio e da cadeia de exporta\u00e7\u00e3o<\/li>\n<li>\u00a0Proatividade e senso de dono<\/li>\n<li>\u00a0Capacidade de s\u00edntese e comunica\u00e7\u00e3o executiva<\/li>\n<li>\u00a0Organiza\u00e7\u00e3o e gest\u00e3o de m\u00faltiplas demandas<\/li>\n<li>\u00a0Facilidade de intera\u00e7\u00e3o com stakeholders internacionais<\/li>\n<li>Atua\u00e7\u00e3o direta com CEO de opera\u00e7\u00e3o internacional, com forte exposi\u00e7\u00e3o estrat\u00e9gica e desenvolvimento acelerado.<\/li>\n<\/ul>\n<p style=\"text-align: justify;\">Atividades e Responsabilidades:<\/p>\n<ul style=\"text-align: justify;\">\n<li>Controle de fluxo e faturamento: acompanhamento de cronogramas de envio, status de faturamento e reporte proativo de desvios (atrasos, antecipa\u00e7\u00f5es e mudan\u00e7as operacionais); Intelig\u00eancia de mercado: an\u00e1lise de custos, acompanhamento de pre\u00e7os internacionais, estudo de mix de produtos e identifica\u00e7\u00e3o de oportunidades comerciais; Gest\u00e3o de pedidos e amostras: processamento de pedidos, coordena\u00e7\u00e3o log\u00edstica de amostras e acompanhamento de feedbacks de clientes; Interface internacional (escrit\u00f3rio internacional x opera\u00e7\u00e3o Brasil): garantir alinhamento entre opera\u00e7\u00e3o local e trader offshore, refletindo dados de qualidade, planejamento e programa\u00e7\u00e3o nos indicadores estrat\u00e9gicos<\/li>\n<li>\u00a0Elabora\u00e7\u00e3o de relat\u00f3rios executivos: consolida\u00e7\u00e3o de dados e apresenta\u00e7\u00e3o de informa\u00e7\u00f5es estrat\u00e9gicas para apoio \u00e0 tomada de decis\u00e3o do CEO<\/li>\n<\/ul>\n<p style=\"text-align: justify;\">Jornada de trabalho:<\/p>\n<ul style=\"text-align: justify;\">\n<li>Hor\u00e1rio das 08:00 \u00e0s 18:00<\/li>\n<\/ul>\n<p style=\"text-align: justify;\">Benef\u00edcios:<\/p>\n<ul style=\"text-align: justify;\">\n<li>Assist\u00eancia m\u00e9dica<\/li>\n<li>Assist\u00eancia odontol\u00f3gica<\/li>\n<li>Seguro de Vida<\/li>\n<li>Vale-alimenta\u00e7\u00e3o<\/li>\n<li>Vale-transporte<\/li>\n<\/ul>\n<p style=\"text-align: justify;\">Cadastrar curr\u00edculo informando no assunto a vaga de interesse para o Link<br \/>\nhttps:\/\/www.empregare.com\/pt-br\/vaga-assistente-de-gestao-e-inteligencia-come_125337<\/p>\n","protected":false},"excerpt":{"rendered":"<p>Descri\u00e7\u00e3o: Buscamos um profissional com forte perfil anal\u00edtico e vis\u00e3o de neg\u00f3cio para atuar como bra\u00e7o direito do CEO de uma trader internacional, apoiando na [&#8230;]<\/p>\n","protected":false},"author":2,"featured_media":0,"comment_status":"open","ping_status":"open","sticky":false,"template":"","format":"standard","meta":{"footnotes":""},"categories":[4,22,125,59],"tags":[],"class_list":["post-43761","post","type-post","status-publish","format-standard","hentry","category-administrativa","category-comercio-exterior","category-ensino-superior-completo","category-ingles"],"yoast_head":"<!-- This site is optimized with the Yoast SEO plugin v27.5 - https:\/\/yoast.com\/product\/yoast-seo-wordpress\/ -->\n<title>Assistente de Gest\u00e3o e Intelig\u00e2ncia Comercial - Bras\u00edlia - DF - VagasDF<\/title>\n<meta name=\"robots\" content=\"index, follow, max-snippet:-1, max-image-preview:large, max-video-preview:-1\" \/>\n<link rel=\"canonical\" href=\"https:\/\/www.vagasdf.com.br\/index.php\/2026\/04\/28\/assistente-de-gestao-e-inteligancia-comercial-brasilia-df\/\" \/>\n<meta property=\"og:locale\" content=\"pt_BR\" \/>\n<meta property=\"og:type\" content=\"article\" \/>\n<meta property=\"og:title\" content=\"Assistente de Gest\u00e3o e Intelig\u00e2ncia Comercial - Bras\u00edlia - DF - VagasDF\" \/>\n<meta property=\"og:description\" content=\"Descri\u00e7\u00e3o: Buscamos um profissional com forte perfil anal\u00edtico e vis\u00e3o de neg\u00f3cio para atuar como bra\u00e7o direito do CEO de uma trader internacional, apoiando na [...]\" \/>\n<meta property=\"og:url\" content=\"https:\/\/www.vagasdf.com.br\/index.php\/2026\/04\/28\/assistente-de-gestao-e-inteligancia-comercial-brasilia-df\/\" \/>\n<meta property=\"og:site_name\" content=\"VagasDF\" \/>\n<meta property=\"article:published_time\" content=\"2026-04-28T13:00:55+00:00\" \/>\n<meta name=\"author\" content=\"Vagas Emprego DF\" \/>\n<meta name=\"twitter:card\" content=\"summary_large_image\" \/>\n<meta name=\"twitter:label1\" content=\"Escrito por\" \/>\n\t<meta name=\"twitter:data1\" content=\"Vagas Emprego DF\" \/>\n\t<meta name=\"twitter:label2\" content=\"Est. tempo de leitura\" \/>\n\t<meta name=\"twitter:data2\" content=\"2 minutos\" \/>\n<!-- \/ Yoast SEO plugin. -->","yoast_head_json":{"title":"Assistente de Gest\u00e3o e Intelig\u00e2ncia Comercial - Bras\u00edlia - DF - VagasDF","robots":{"index":"index","follow":"follow","max-snippet":"max-snippet:-1","max-image-preview":"max-image-preview:large","max-video-preview":"max-video-preview:-1"},"canonical":"https:\/\/www.vagasdf.com.br\/index.php\/2026\/04\/28\/assistente-de-gestao-e-inteligancia-comercial-brasilia-df\/","og_locale":"pt_BR","og_type":"article","og_title":"Assistente de Gest\u00e3o e Intelig\u00e2ncia Comercial - Bras\u00edlia - DF - VagasDF","og_description":"Descri\u00e7\u00e3o: Buscamos um profissional com forte perfil anal\u00edtico e vis\u00e3o de neg\u00f3cio para atuar como bra\u00e7o direito do CEO de uma trader internacional, apoiando na [...]","og_url":"https:\/\/www.vagasdf.com.br\/index.php\/2026\/04\/28\/assistente-de-gestao-e-inteligancia-comercial-brasilia-df\/","og_site_name":"VagasDF","article_published_time":"2026-04-28T13:00:55+00:00","author":"Vagas Emprego DF","twitter_card":"summary_large_image","twitter_misc":{"Escrito por":"Vagas Emprego DF","Est. tempo de leitura":"2 minutos"},"schema":{"@context":"https:\/\/schema.org","@graph":[{"@type":"Article","@id":"https:\/\/www.vagasdf.com.br\/index.php\/2026\/04\/28\/assistente-de-gestao-e-inteligancia-comercial-brasilia-df\/#article","isPartOf":{"@id":"https:\/\/www.vagasdf.com.br\/index.php\/2026\/04\/28\/assistente-de-gestao-e-inteligancia-comercial-brasilia-df\/"},"author":{"name":"Vagas Emprego DF","@id":"https:\/\/www.vagasdf.com.br\/#\/schema\/person\/9384a559252cca63e85a3316d81df8a9"},"headline":"Assistente de Gest\u00e3o e Intelig\u00e2ncia Comercial &#8211; Bras\u00edlia &#8211; DF","datePublished":"2026-04-28T13:00:55+00:00","mainEntityOfPage":{"@id":"https:\/\/www.vagasdf.com.br\/index.php\/2026\/04\/28\/assistente-de-gestao-e-inteligancia-comercial-brasilia-df\/"},"wordCount":374,"commentCount":0,"publisher":{"@id":"https:\/\/www.vagasdf.com.br\/#organization"},"articleSection":["administra\u00e7\u00e3o geral","com\u00e9rcio exterior","ensino superior","ingl\u00eas"],"inLanguage":"pt-BR","potentialAction":[{"@type":"CommentAction","name":"Comment","target":["https:\/\/www.vagasdf.com.br\/index.php\/2026\/04\/28\/assistente-de-gestao-e-inteligancia-comercial-brasilia-df\/#respond"]}]},{"@type":"WebPage","@id":"https:\/\/www.vagasdf.com.br\/index.php\/2026\/04\/28\/assistente-de-gestao-e-inteligancia-comercial-brasilia-df\/","url":"https:\/\/www.vagasdf.com.br\/index.php\/2026\/04\/28\/assistente-de-gestao-e-inteligancia-comercial-brasilia-df\/","name":"Assistente de Gest\u00e3o e Intelig\u00e2ncia Comercial - Bras\u00edlia - DF - VagasDF","isPartOf":{"@id":"https:\/\/www.vagasdf.com.br\/#website"},"datePublished":"2026-04-28T13:00:55+00:00","breadcrumb":{"@id":"https:\/\/www.vagasdf.com.br\/index.php\/2026\/04\/28\/assistente-de-gestao-e-inteligancia-comercial-brasilia-df\/#breadcrumb"},"inLanguage":"pt-BR","potentialAction":[{"@type":"ReadAction","target":["https:\/\/www.vagasdf.com.br\/index.php\/2026\/04\/28\/assistente-de-gestao-e-inteligancia-comercial-brasilia-df\/"]}]},{"@type":"BreadcrumbList","@id":"https:\/\/www.vagasdf.com.br\/index.php\/2026\/04\/28\/assistente-de-gestao-e-inteligancia-comercial-brasilia-df\/#breadcrumb","itemListElement":[{"@type":"ListItem","position":1,"name":"Home","item":"https:\/\/www.vagasdf.com.br\/"},{"@type":"ListItem","position":2,"name":"Assistente de Gest\u00e3o e Intelig\u00e2ncia Comercial &#8211; Bras\u00edlia &#8211; DF"}]},{"@type":"WebSite","@id":"https:\/\/www.vagasdf.com.br\/#website","url":"https:\/\/www.vagasdf.com.br\/","name":"VagasDF","description":"Vagas de Emprego e Est\u00e1gio no DF","publisher":{"@id":"https:\/\/www.vagasdf.com.br\/#organization"},"potentialAction":[{"@type":"SearchAction","target":{"@type":"EntryPoint","urlTemplate":"https:\/\/www.vagasdf.com.br\/?s={search_term_string}"},"query-input":{"@type":"PropertyValueSpecification","valueRequired":true,"valueName":"search_term_string"}}],"inLanguage":"pt-BR"},{"@type":"Organization","@id":"https:\/\/www.vagasdf.com.br\/#organization","name":"VagasDF","url":"https:\/\/www.vagasdf.com.br\/","logo":{"@type":"ImageObject","inLanguage":"pt-BR","@id":"https:\/\/www.vagasdf.com.br\/#\/schema\/logo\/image\/","url":"https:\/\/www.vagasdf.com.br\/wp-content\/uploads\/2025\/06\/cropped-vdf-logo-2021.jpg","contentUrl":"https:\/\/www.vagasdf.com.br\/wp-content\/uploads\/2025\/06\/cropped-vdf-logo-2021.jpg","width":350,"height":100,"caption":"VagasDF"},"image":{"@id":"https:\/\/www.vagasdf.com.br\/#\/schema\/logo\/image\/"}},{"@type":"Person","@id":"https:\/\/www.vagasdf.com.br\/#\/schema\/person\/9384a559252cca63e85a3316d81df8a9","name":"Vagas Emprego DF","image":{"@type":"ImageObject","inLanguage":"pt-BR","@id":"https:\/\/secure.gravatar.com\/avatar\/e198f9393383244894b06db503be8cb43011f384a429c7a9f84f3f61c138a35e?s=96&d=mm&r=g","url":"https:\/\/secure.gravatar.com\/avatar\/e198f9393383244894b06db503be8cb43011f384a429c7a9f84f3f61c138a35e?s=96&d=mm&r=g","contentUrl":"https:\/\/secure.gravatar.com\/avatar\/e198f9393383244894b06db503be8cb43011f384a429c7a9f84f3f61c138a35e?s=96&d=mm&r=g","caption":"Vagas Emprego DF"},"url":"https:\/\/www.vagasdf.com.br\/index.php\/author\/vagasemprego\/"}]}},"_links":{"self":[{"href":"https:\/\/www.vagasdf.com.br\/index.php\/wp-json\/wp\/v2\/posts\/43761","targetHints":{"allow":["GET"]}}],"collection":[{"href":"https:\/\/www.vagasdf.com.br\/index.php\/wp-json\/wp\/v2\/posts"}],"about":[{"href":"https:\/\/www.vagasdf.com.br\/index.php\/wp-json\/wp\/v2\/types\/post"}],"author":[{"embeddable":true,"href":"https:\/\/www.vagasdf.com.br\/index.php\/wp-json\/wp\/v2\/users\/2"}],"replies":[{"embeddable":true,"href":"https:\/\/www.vagasdf.com.br\/index.php\/wp-json\/wp\/v2\/comments?post=43761"}],"version-history":[{"count":1,"href":"https:\/\/www.vagasdf.com.br\/index.php\/wp-json\/wp\/v2\/posts\/43761\/revisions"}],"predecessor-version":[{"id":43762,"href":"https:\/\/www.vagasdf.com.br\/index.php\/wp-json\/wp\/v2\/posts\/43761\/revisions\/43762"}],"wp:attachment":[{"href":"https:\/\/www.vagasdf.com.br\/index.php\/wp-json\/wp\/v2\/media?parent=43761"}],"wp:term":[{"taxonomy":"category","embeddable":true,"href":"https:\/\/www.vagasdf.com.br\/index.php\/wp-json\/wp\/v2\/categories?post=43761"},{"taxonomy":"post_tag","embeddable":true,"href":"https:\/\/www.vagasdf.com.br\/index.php\/wp-json\/wp\/v2\/tags?post=43761"}],"curies":[{"name":"wp","href":"https:\/\/api.w.org\/{rel}","templated":true}]}}