{"id":43766,"date":"2026-04-28T13:00:48","date_gmt":"2026-04-28T16:00:48","guid":{"rendered":"https:\/\/www.vagasdf.com.br\/?p=43766"},"modified":"2026-04-27T23:56:46","modified_gmt":"2026-04-28T02:56:46","slug":"estagio-em-expansao-comercial-apoio-a-vendas-consultivas-plano-piloto-brasilia-df","status":"publish","type":"post","link":"https:\/\/www.vagasdf.com.br\/index.php\/2026\/04\/28\/estagio-em-expansao-comercial-apoio-a-vendas-consultivas-plano-piloto-brasilia-df\/","title":{"rendered":"Est\u00e1gio em Expans\u00e3o Comercial &#8211; Apoio a vendas consultivas  Plano Piloto &#8211; Bras\u00edlia &#8211; DF"},"content":{"rendered":"<p style=\"text-align: justify;\">Descri\u00e7\u00e3o:<\/p>\n<ul style=\"text-align: justify;\">\n<li>Buscamos estudante com perfil comercial, com facilidade de comunica\u00e7\u00e3o e ambi\u00e7\u00e3o de crescimento, que tenha interesse em atuar com prospec\u00e7\u00e3o e relacionamento no mercado empresarial. Procuramos uma pessoa proativa, com iniciativa e vontade de aprender na pr\u00e1tica, com potencial de desenvolvimento e evolu\u00e7\u00e3o profissional.<\/li>\n<li>A empresa \u00e9 especializada em per\u00edcia. A atua\u00e7\u00e3o abrange o mercado jur\u00eddico \u2014 advogados, escrit\u00f3rios e departamentos jur\u00eddicos \u2014 e o mercado empresarial \u2014 empresas em processos de fus\u00f5es e aquisi\u00e7\u00f5es, disputas societ\u00e1rias, reestrutura\u00e7\u00f5es e negocia\u00e7\u00f5es de alto valor.<\/li>\n<li>A posi\u00e7\u00e3o oferece viv\u00eancia pr\u00e1tica em vendas consultivas B2B, com acesso direto a decisores.<\/li>\n<\/ul>\n<p style=\"text-align: justify;\">Requisitos:<\/p>\n<ul style=\"text-align: justify;\">\n<li>Ensino Superior Cursando Administra\u00e7\u00e3o, Marketing, Publicidade e Propaganda, Gest\u00e3o Comercial ou \u00e1reas correlatas, a partir do 2\u00ba semestre<\/li>\n<li>Interesse pela \u00e1rea comercial, prospec\u00e7\u00e3o e desenvolvimento de neg\u00f3cios<\/li>\n<li>Facilidade com ferramentas digitais (LinkedIn, Instagram e planilhas)<\/li>\n<li>Organiza\u00e7\u00e3o e aten\u00e7\u00e3o a detalhes para gest\u00e3o de informa\u00e7\u00f5es e contatos<\/li>\n<li>Boa comunica\u00e7\u00e3o e iniciativa<\/li>\n<li>No\u00e7\u00f5es de CRM ou interesse em aprender<\/li>\n<li>Interesse\u00a0pelo mercado jur\u00eddico e empresarial<\/li>\n<\/ul>\n<p style=\"text-align: justify;\">Atividades:<\/p>\n<ul style=\"text-align: justify;\">\n<li>Apoiar a prospec\u00e7\u00e3o e o relacionamento com advogados e escrit\u00f3rios<\/li>\n<li>Auxiliar na identifica\u00e7\u00e3o e qualifica\u00e7\u00e3o de oportunidades no mercado jur\u00eddico<\/li>\n<li>Acompanhar o funil de prospec\u00e7\u00e3o com apoio de ferramentas como CRM<\/li>\n<li>Realizar pesquisas para gera\u00e7\u00e3o e atualiza\u00e7\u00e3o de leads<\/li>\n<li>Organizar e acompanhar follow-ups com potenciais clientes<\/li>\n<li>Apoiar a prepara\u00e7\u00e3o e acompanhamento de etapas do processo comercial<\/li>\n<li>Participar das rotinas da \u00e1rea comercial, com foco em aprendizado e desenvolvimento<\/li>\n<\/ul>\n<p style=\"text-align: justify;\">Remunera\u00e7\u00e3o:<\/p>\n<ul style=\"text-align: justify;\">\n<li>Bolsa de R$ 1.000,00<\/li>\n<li>Remunera\u00e7\u00e3o vari\u00e1vel adicional, conforme desempenho, com potencial de ganhos acima da m\u00e9dia para est\u00e1gio e possibilidade de crescimento financeiro na \u00e1rea comercial<\/li>\n<li>Aux\u00edlio transporte<\/li>\n<li>B\u00f4nus por resultado<\/li>\n<\/ul>\n<p style=\"text-align: justify;\">Cadastrar curr\u00edculo informando no assunto a vaga de interesse para o Link<br \/>\nhttps:\/\/www.empregare.com\/pt-br\/vaga-estagio-em-expansao-comercial-apoio-a-ve_156095<\/p>\n","protected":false},"excerpt":{"rendered":"<p>Descri\u00e7\u00e3o: Buscamos estudante com perfil comercial, com facilidade de comunica\u00e7\u00e3o e ambi\u00e7\u00e3o de crescimento, que tenha interesse em atuar com prospec\u00e7\u00e3o e relacionamento no mercado [&#8230;]<\/p>\n","protected":false},"author":2,"featured_media":0,"comment_status":"open","ping_status":"open","sticky":false,"template":"","format":"standard","meta":{"footnotes":""},"categories":[4,21,24,126,73],"tags":[],"class_list":["post-43766","post","type-post","status-publish","format-standard","hentry","category-administrativa","category-comercial-vendas","category-comunicacao-social","category-ensino-superior-incompleto","category-marketing-publicidade-propaganda"],"yoast_head":"<!-- This site is optimized with the Yoast SEO plugin v27.5 - https:\/\/yoast.com\/product\/yoast-seo-wordpress\/ -->\n<title>Est\u00e1gio em Expans\u00e3o Comercial - Apoio a vendas consultivas Plano Piloto - Bras\u00edlia - DF - VagasDF<\/title>\n<meta name=\"robots\" content=\"index, follow, max-snippet:-1, max-image-preview:large, max-video-preview:-1\" \/>\n<link rel=\"canonical\" href=\"https:\/\/www.vagasdf.com.br\/index.php\/2026\/04\/28\/estagio-em-expansao-comercial-apoio-a-vendas-consultivas-plano-piloto-brasilia-df\/\" \/>\n<meta property=\"og:locale\" content=\"pt_BR\" \/>\n<meta property=\"og:type\" content=\"article\" \/>\n<meta property=\"og:title\" content=\"Est\u00e1gio em Expans\u00e3o Comercial - Apoio a vendas consultivas Plano Piloto - Bras\u00edlia - DF - VagasDF\" \/>\n<meta property=\"og:description\" content=\"Descri\u00e7\u00e3o: Buscamos estudante com perfil comercial, com facilidade de comunica\u00e7\u00e3o e ambi\u00e7\u00e3o de crescimento, que tenha interesse em atuar com prospec\u00e7\u00e3o e relacionamento no mercado [...]\" \/>\n<meta property=\"og:url\" content=\"https:\/\/www.vagasdf.com.br\/index.php\/2026\/04\/28\/estagio-em-expansao-comercial-apoio-a-vendas-consultivas-plano-piloto-brasilia-df\/\" \/>\n<meta property=\"og:site_name\" content=\"VagasDF\" \/>\n<meta property=\"article:published_time\" content=\"2026-04-28T16:00:48+00:00\" \/>\n<meta name=\"author\" content=\"Vagas Emprego DF\" \/>\n<meta name=\"twitter:card\" content=\"summary_large_image\" \/>\n<meta name=\"twitter:label1\" content=\"Escrito por\" \/>\n\t<meta name=\"twitter:data1\" content=\"Vagas Emprego DF\" \/>\n\t<meta name=\"twitter:label2\" content=\"Est. tempo de leitura\" \/>\n\t<meta name=\"twitter:data2\" content=\"2 minutos\" \/>\n<!-- \/ Yoast SEO plugin. -->","yoast_head_json":{"title":"Est\u00e1gio em Expans\u00e3o Comercial - Apoio a vendas consultivas Plano Piloto - Bras\u00edlia - DF - VagasDF","robots":{"index":"index","follow":"follow","max-snippet":"max-snippet:-1","max-image-preview":"max-image-preview:large","max-video-preview":"max-video-preview:-1"},"canonical":"https:\/\/www.vagasdf.com.br\/index.php\/2026\/04\/28\/estagio-em-expansao-comercial-apoio-a-vendas-consultivas-plano-piloto-brasilia-df\/","og_locale":"pt_BR","og_type":"article","og_title":"Est\u00e1gio em Expans\u00e3o Comercial - Apoio a vendas consultivas Plano Piloto - Bras\u00edlia - DF - VagasDF","og_description":"Descri\u00e7\u00e3o: Buscamos estudante com perfil comercial, com facilidade de comunica\u00e7\u00e3o e ambi\u00e7\u00e3o de crescimento, que tenha interesse em atuar com prospec\u00e7\u00e3o e relacionamento no mercado [...]","og_url":"https:\/\/www.vagasdf.com.br\/index.php\/2026\/04\/28\/estagio-em-expansao-comercial-apoio-a-vendas-consultivas-plano-piloto-brasilia-df\/","og_site_name":"VagasDF","article_published_time":"2026-04-28T16:00:48+00:00","author":"Vagas Emprego DF","twitter_card":"summary_large_image","twitter_misc":{"Escrito por":"Vagas Emprego DF","Est. tempo de leitura":"2 minutos"},"schema":{"@context":"https:\/\/schema.org","@graph":[{"@type":"Article","@id":"https:\/\/www.vagasdf.com.br\/index.php\/2026\/04\/28\/estagio-em-expansao-comercial-apoio-a-vendas-consultivas-plano-piloto-brasilia-df\/#article","isPartOf":{"@id":"https:\/\/www.vagasdf.com.br\/index.php\/2026\/04\/28\/estagio-em-expansao-comercial-apoio-a-vendas-consultivas-plano-piloto-brasilia-df\/"},"author":{"name":"Vagas Emprego DF","@id":"https:\/\/www.vagasdf.com.br\/#\/schema\/person\/9384a559252cca63e85a3316d81df8a9"},"headline":"Est\u00e1gio em Expans\u00e3o Comercial &#8211; Apoio a vendas consultivas Plano Piloto &#8211; Bras\u00edlia &#8211; DF","datePublished":"2026-04-28T16:00:48+00:00","mainEntityOfPage":{"@id":"https:\/\/www.vagasdf.com.br\/index.php\/2026\/04\/28\/estagio-em-expansao-comercial-apoio-a-vendas-consultivas-plano-piloto-brasilia-df\/"},"wordCount":341,"commentCount":0,"publisher":{"@id":"https:\/\/www.vagasdf.com.br\/#organization"},"articleSection":["administra\u00e7\u00e3o geral","comercial \/ vendas","comunica\u00e7\u00e3o social","ensino superior incompleto","marketing e merchandising"],"inLanguage":"pt-BR","potentialAction":[{"@type":"CommentAction","name":"Comment","target":["https:\/\/www.vagasdf.com.br\/index.php\/2026\/04\/28\/estagio-em-expansao-comercial-apoio-a-vendas-consultivas-plano-piloto-brasilia-df\/#respond"]}]},{"@type":"WebPage","@id":"https:\/\/www.vagasdf.com.br\/index.php\/2026\/04\/28\/estagio-em-expansao-comercial-apoio-a-vendas-consultivas-plano-piloto-brasilia-df\/","url":"https:\/\/www.vagasdf.com.br\/index.php\/2026\/04\/28\/estagio-em-expansao-comercial-apoio-a-vendas-consultivas-plano-piloto-brasilia-df\/","name":"Est\u00e1gio em Expans\u00e3o Comercial - Apoio a vendas consultivas Plano Piloto - Bras\u00edlia - DF - VagasDF","isPartOf":{"@id":"https:\/\/www.vagasdf.com.br\/#website"},"datePublished":"2026-04-28T16:00:48+00:00","breadcrumb":{"@id":"https:\/\/www.vagasdf.com.br\/index.php\/2026\/04\/28\/estagio-em-expansao-comercial-apoio-a-vendas-consultivas-plano-piloto-brasilia-df\/#breadcrumb"},"inLanguage":"pt-BR","potentialAction":[{"@type":"ReadAction","target":["https:\/\/www.vagasdf.com.br\/index.php\/2026\/04\/28\/estagio-em-expansao-comercial-apoio-a-vendas-consultivas-plano-piloto-brasilia-df\/"]}]},{"@type":"BreadcrumbList","@id":"https:\/\/www.vagasdf.com.br\/index.php\/2026\/04\/28\/estagio-em-expansao-comercial-apoio-a-vendas-consultivas-plano-piloto-brasilia-df\/#breadcrumb","itemListElement":[{"@type":"ListItem","position":1,"name":"Home","item":"https:\/\/www.vagasdf.com.br\/"},{"@type":"ListItem","position":2,"name":"Est\u00e1gio em Expans\u00e3o Comercial &#8211; Apoio a vendas consultivas Plano Piloto &#8211; Bras\u00edlia &#8211; DF"}]},{"@type":"WebSite","@id":"https:\/\/www.vagasdf.com.br\/#website","url":"https:\/\/www.vagasdf.com.br\/","name":"VagasDF","description":"Vagas de Emprego e Est\u00e1gio no DF","publisher":{"@id":"https:\/\/www.vagasdf.com.br\/#organization"},"potentialAction":[{"@type":"SearchAction","target":{"@type":"EntryPoint","urlTemplate":"https:\/\/www.vagasdf.com.br\/?s={search_term_string}"},"query-input":{"@type":"PropertyValueSpecification","valueRequired":true,"valueName":"search_term_string"}}],"inLanguage":"pt-BR"},{"@type":"Organization","@id":"https:\/\/www.vagasdf.com.br\/#organization","name":"VagasDF","url":"https:\/\/www.vagasdf.com.br\/","logo":{"@type":"ImageObject","inLanguage":"pt-BR","@id":"https:\/\/www.vagasdf.com.br\/#\/schema\/logo\/image\/","url":"https:\/\/www.vagasdf.com.br\/wp-content\/uploads\/2025\/06\/cropped-vdf-logo-2021.jpg","contentUrl":"https:\/\/www.vagasdf.com.br\/wp-content\/uploads\/2025\/06\/cropped-vdf-logo-2021.jpg","width":350,"height":100,"caption":"VagasDF"},"image":{"@id":"https:\/\/www.vagasdf.com.br\/#\/schema\/logo\/image\/"}},{"@type":"Person","@id":"https:\/\/www.vagasdf.com.br\/#\/schema\/person\/9384a559252cca63e85a3316d81df8a9","name":"Vagas Emprego DF","image":{"@type":"ImageObject","inLanguage":"pt-BR","@id":"https:\/\/secure.gravatar.com\/avatar\/e198f9393383244894b06db503be8cb43011f384a429c7a9f84f3f61c138a35e?s=96&d=mm&r=g","url":"https:\/\/secure.gravatar.com\/avatar\/e198f9393383244894b06db503be8cb43011f384a429c7a9f84f3f61c138a35e?s=96&d=mm&r=g","contentUrl":"https:\/\/secure.gravatar.com\/avatar\/e198f9393383244894b06db503be8cb43011f384a429c7a9f84f3f61c138a35e?s=96&d=mm&r=g","caption":"Vagas Emprego DF"},"url":"https:\/\/www.vagasdf.com.br\/index.php\/author\/vagasemprego\/"}]}},"_links":{"self":[{"href":"https:\/\/www.vagasdf.com.br\/index.php\/wp-json\/wp\/v2\/posts\/43766","targetHints":{"allow":["GET"]}}],"collection":[{"href":"https:\/\/www.vagasdf.com.br\/index.php\/wp-json\/wp\/v2\/posts"}],"about":[{"href":"https:\/\/www.vagasdf.com.br\/index.php\/wp-json\/wp\/v2\/types\/post"}],"author":[{"embeddable":true,"href":"https:\/\/www.vagasdf.com.br\/index.php\/wp-json\/wp\/v2\/users\/2"}],"replies":[{"embeddable":true,"href":"https:\/\/www.vagasdf.com.br\/index.php\/wp-json\/wp\/v2\/comments?post=43766"}],"version-history":[{"count":1,"href":"https:\/\/www.vagasdf.com.br\/index.php\/wp-json\/wp\/v2\/posts\/43766\/revisions"}],"predecessor-version":[{"id":43767,"href":"https:\/\/www.vagasdf.com.br\/index.php\/wp-json\/wp\/v2\/posts\/43766\/revisions\/43767"}],"wp:attachment":[{"href":"https:\/\/www.vagasdf.com.br\/index.php\/wp-json\/wp\/v2\/media?parent=43766"}],"wp:term":[{"taxonomy":"category","embeddable":true,"href":"https:\/\/www.vagasdf.com.br\/index.php\/wp-json\/wp\/v2\/categories?post=43766"},{"taxonomy":"post_tag","embeddable":true,"href":"https:\/\/www.vagasdf.com.br\/index.php\/wp-json\/wp\/v2\/tags?post=43766"}],"curies":[{"name":"wp","href":"https:\/\/api.w.org\/{rel}","templated":true}]}}