{"id":43778,"date":"2026-04-30T14:00:14","date_gmt":"2026-04-30T17:00:14","guid":{"rendered":"https:\/\/www.vagasdf.com.br\/?p=43778"},"modified":"2026-04-29T21:11:46","modified_gmt":"2026-04-30T00:11:46","slug":"analista-de-gestao-de-pessoas-brasilia-df","status":"publish","type":"post","link":"https:\/\/www.vagasdf.com.br\/index.php\/2026\/04\/30\/analista-de-gestao-de-pessoas-brasilia-df\/","title":{"rendered":"Analista de Gest\u00e3o de Pessoas  &#8211; Bras\u00edlia &#8211; DF"},"content":{"rendered":"<p style=\"text-align: justify;\">Requisitos:<\/p>\n<ul style=\"text-align: justify;\">\n<li>Ensino superior completo em Administra\u00e7\u00e3o, Psicologia, Gest\u00e3o de RH ou \u00e1reas correlatas<\/li>\n<li>Conhecimento em legisla\u00e7\u00e3o trabalhista<\/li>\n<li>Pacote office<\/li>\n<\/ul>\n<p style=\"text-align: justify;\">Atividades:<\/p>\n<ul style=\"text-align: justify;\">\n<li>Conduzir processos seletivos; Realizar a integra\u00e7\u00e3o de novos colaboradores; Organizar e acompanhar treinamentos, eventos internos e a\u00e7\u00f5es de endomarketing; Apoiar e acompanhar processos de avalia\u00e7\u00e3o de desempenho; Atuar na comunica\u00e7\u00e3o interna<\/li>\n<li>Apoiar atividades de cargos, sal\u00e1rios e benef\u00edcios; Acompanhar rotinas de seguran\u00e7a e sa\u00fade do trabalho<\/li>\n<li>Gerenciar e monitorar indicadores de desempenho da \u00e1rea; Apoiar a implementa\u00e7\u00e3o de projetos institucionais e demais atividades do instituto<\/li>\n<li>Atender demandas de auditorias internas e externas da \u00e1rea de Gest\u00e3o de Pessoas; Realizar processos de admiss\u00e3o e desligamento, incluindo entrevistas de sa\u00edda; Apoiar o planejamento de f\u00e9rias, controle de ponto eletr\u00f4nico e atendimento a colaboradores<\/li>\n<li>Elaborar e atualizar pol\u00edticas e procedimentos internos de RH; Atuar na media\u00e7\u00e3o de conflitos e apoio \u00e0s lideran\u00e7as em temas de gest\u00e3o de pessoas; Acompanhar o clima organizacional e propor a\u00e7\u00f5es de engajamento<\/li>\n<li>Realizar a gest\u00e3o de contratos com fornecedores da \u00e1rea (benef\u00edcios, treinamentos, etc.)<\/li>\n<li>Acompanhar e controlar o or\u00e7amento da \u00e1rea<\/li>\n<\/ul>\n<p style=\"text-align: justify;\">Jornada de trabalho:<\/p>\n<ul style=\"text-align: justify;\">\n<li>Segunda a Sexta Feira das 08:00 \u00e1s 17:00 com 1 hora de intervalo.<\/li>\n<\/ul>\n<p style=\"text-align: justify;\">Sal\u00e1rio:<\/p>\n<ul style=\"text-align: justify;\">\n<li>R$ 3.119,00<\/li>\n<\/ul>\n<p style=\"text-align: justify;\">Benef\u00edcios:<\/p>\n<ul style=\"text-align: justify;\">\n<li>Assist\u00eancia m\u00e9dica<\/li>\n<li>Assist\u00eancia odontol\u00f3gica<\/li>\n<li>Aux\u00edlio creche<\/li>\n<li>Aux\u00edlio educa\u00e7\u00e3o<\/li>\n<li>Seguro de Vida<\/li>\n<li>Vale-alimenta\u00e7\u00e3o<\/li>\n<li>Vale-refei\u00e7\u00e3o<\/li>\n<li>Vale-transporte<\/li>\n<\/ul>\n<p style=\"text-align: justify;\">Cadastrar curr\u00edculo informando no assunto a vaga de interesse para o Link<br \/>\nhttps:\/\/www.empregare.com\/pt-br\/vaga-analista-de-gestao-de-pessoas_159353<\/p>\n","protected":false},"excerpt":{"rendered":"<p>Requisitos: Ensino superior completo em Administra\u00e7\u00e3o, Psicologia, Gest\u00e3o de RH ou \u00e1reas correlatas Conhecimento em legisla\u00e7\u00e3o trabalhista Pacote office Atividades: Conduzir processos seletivos; Realizar a [&#8230;]<\/p>\n","protected":false},"author":2,"featured_media":0,"comment_status":"open","ping_status":"open","sticky":false,"template":"","format":"standard","meta":{"footnotes":""},"categories":[4,125,96],"tags":[],"class_list":["post-43778","post","type-post","status-publish","format-standard","hentry","category-administrativa","category-ensino-superior-completo","category-rh-dp"],"yoast_head":"<!-- This site is optimized with the Yoast SEO plugin v27.5 - https:\/\/yoast.com\/product\/yoast-seo-wordpress\/ -->\n<title>Analista de Gest\u00e3o de Pessoas - Bras\u00edlia - DF - VagasDF<\/title>\n<meta name=\"robots\" content=\"index, follow, max-snippet:-1, max-image-preview:large, max-video-preview:-1\" \/>\n<link rel=\"canonical\" href=\"https:\/\/www.vagasdf.com.br\/index.php\/2026\/04\/30\/analista-de-gestao-de-pessoas-brasilia-df\/\" \/>\n<meta property=\"og:locale\" content=\"pt_BR\" \/>\n<meta property=\"og:type\" content=\"article\" \/>\n<meta property=\"og:title\" content=\"Analista de Gest\u00e3o de Pessoas - Bras\u00edlia - DF - VagasDF\" \/>\n<meta property=\"og:description\" content=\"Requisitos: Ensino superior completo em Administra\u00e7\u00e3o, Psicologia, Gest\u00e3o de RH ou \u00e1reas correlatas Conhecimento em legisla\u00e7\u00e3o trabalhista Pacote office Atividades: Conduzir processos seletivos; Realizar a [...]\" \/>\n<meta property=\"og:url\" content=\"https:\/\/www.vagasdf.com.br\/index.php\/2026\/04\/30\/analista-de-gestao-de-pessoas-brasilia-df\/\" \/>\n<meta property=\"og:site_name\" content=\"VagasDF\" \/>\n<meta property=\"article:published_time\" content=\"2026-04-30T17:00:14+00:00\" \/>\n<meta name=\"author\" content=\"Vagas Emprego DF\" \/>\n<meta name=\"twitter:card\" content=\"summary_large_image\" \/>\n<meta name=\"twitter:label1\" content=\"Escrito por\" \/>\n\t<meta name=\"twitter:data1\" content=\"Vagas Emprego DF\" \/>\n\t<meta name=\"twitter:label2\" content=\"Est. tempo de leitura\" \/>\n\t<meta name=\"twitter:data2\" content=\"2 minutos\" \/>\n<!-- \/ Yoast SEO plugin. -->","yoast_head_json":{"title":"Analista de Gest\u00e3o de Pessoas - Bras\u00edlia - DF - VagasDF","robots":{"index":"index","follow":"follow","max-snippet":"max-snippet:-1","max-image-preview":"max-image-preview:large","max-video-preview":"max-video-preview:-1"},"canonical":"https:\/\/www.vagasdf.com.br\/index.php\/2026\/04\/30\/analista-de-gestao-de-pessoas-brasilia-df\/","og_locale":"pt_BR","og_type":"article","og_title":"Analista de Gest\u00e3o de Pessoas - Bras\u00edlia - DF - VagasDF","og_description":"Requisitos: Ensino superior completo em Administra\u00e7\u00e3o, Psicologia, Gest\u00e3o de RH ou \u00e1reas correlatas Conhecimento em legisla\u00e7\u00e3o trabalhista Pacote office Atividades: Conduzir processos seletivos; Realizar a [...]","og_url":"https:\/\/www.vagasdf.com.br\/index.php\/2026\/04\/30\/analista-de-gestao-de-pessoas-brasilia-df\/","og_site_name":"VagasDF","article_published_time":"2026-04-30T17:00:14+00:00","author":"Vagas Emprego DF","twitter_card":"summary_large_image","twitter_misc":{"Escrito por":"Vagas Emprego DF","Est. tempo de leitura":"2 minutos"},"schema":{"@context":"https:\/\/schema.org","@graph":[{"@type":"Article","@id":"https:\/\/www.vagasdf.com.br\/index.php\/2026\/04\/30\/analista-de-gestao-de-pessoas-brasilia-df\/#article","isPartOf":{"@id":"https:\/\/www.vagasdf.com.br\/index.php\/2026\/04\/30\/analista-de-gestao-de-pessoas-brasilia-df\/"},"author":{"name":"Vagas Emprego DF","@id":"https:\/\/www.vagasdf.com.br\/#\/schema\/person\/9384a559252cca63e85a3316d81df8a9"},"headline":"Analista de Gest\u00e3o de Pessoas &#8211; Bras\u00edlia &#8211; DF","datePublished":"2026-04-30T17:00:14+00:00","mainEntityOfPage":{"@id":"https:\/\/www.vagasdf.com.br\/index.php\/2026\/04\/30\/analista-de-gestao-de-pessoas-brasilia-df\/"},"wordCount":269,"commentCount":0,"publisher":{"@id":"https:\/\/www.vagasdf.com.br\/#organization"},"articleSection":["administra\u00e7\u00e3o geral","ensino superior","RH \/ DP"],"inLanguage":"pt-BR","potentialAction":[{"@type":"CommentAction","name":"Comment","target":["https:\/\/www.vagasdf.com.br\/index.php\/2026\/04\/30\/analista-de-gestao-de-pessoas-brasilia-df\/#respond"]}]},{"@type":"WebPage","@id":"https:\/\/www.vagasdf.com.br\/index.php\/2026\/04\/30\/analista-de-gestao-de-pessoas-brasilia-df\/","url":"https:\/\/www.vagasdf.com.br\/index.php\/2026\/04\/30\/analista-de-gestao-de-pessoas-brasilia-df\/","name":"Analista de Gest\u00e3o de Pessoas - Bras\u00edlia - DF - VagasDF","isPartOf":{"@id":"https:\/\/www.vagasdf.com.br\/#website"},"datePublished":"2026-04-30T17:00:14+00:00","breadcrumb":{"@id":"https:\/\/www.vagasdf.com.br\/index.php\/2026\/04\/30\/analista-de-gestao-de-pessoas-brasilia-df\/#breadcrumb"},"inLanguage":"pt-BR","potentialAction":[{"@type":"ReadAction","target":["https:\/\/www.vagasdf.com.br\/index.php\/2026\/04\/30\/analista-de-gestao-de-pessoas-brasilia-df\/"]}]},{"@type":"BreadcrumbList","@id":"https:\/\/www.vagasdf.com.br\/index.php\/2026\/04\/30\/analista-de-gestao-de-pessoas-brasilia-df\/#breadcrumb","itemListElement":[{"@type":"ListItem","position":1,"name":"Home","item":"https:\/\/www.vagasdf.com.br\/"},{"@type":"ListItem","position":2,"name":"Analista de Gest\u00e3o de Pessoas &#8211; Bras\u00edlia &#8211; DF"}]},{"@type":"WebSite","@id":"https:\/\/www.vagasdf.com.br\/#website","url":"https:\/\/www.vagasdf.com.br\/","name":"VagasDF","description":"Vagas de Emprego e Est\u00e1gio no DF","publisher":{"@id":"https:\/\/www.vagasdf.com.br\/#organization"},"potentialAction":[{"@type":"SearchAction","target":{"@type":"EntryPoint","urlTemplate":"https:\/\/www.vagasdf.com.br\/?s={search_term_string}"},"query-input":{"@type":"PropertyValueSpecification","valueRequired":true,"valueName":"search_term_string"}}],"inLanguage":"pt-BR"},{"@type":"Organization","@id":"https:\/\/www.vagasdf.com.br\/#organization","name":"VagasDF","url":"https:\/\/www.vagasdf.com.br\/","logo":{"@type":"ImageObject","inLanguage":"pt-BR","@id":"https:\/\/www.vagasdf.com.br\/#\/schema\/logo\/image\/","url":"https:\/\/www.vagasdf.com.br\/wp-content\/uploads\/2025\/06\/cropped-vdf-logo-2021.jpg","contentUrl":"https:\/\/www.vagasdf.com.br\/wp-content\/uploads\/2025\/06\/cropped-vdf-logo-2021.jpg","width":350,"height":100,"caption":"VagasDF"},"image":{"@id":"https:\/\/www.vagasdf.com.br\/#\/schema\/logo\/image\/"}},{"@type":"Person","@id":"https:\/\/www.vagasdf.com.br\/#\/schema\/person\/9384a559252cca63e85a3316d81df8a9","name":"Vagas Emprego DF","image":{"@type":"ImageObject","inLanguage":"pt-BR","@id":"https:\/\/secure.gravatar.com\/avatar\/e198f9393383244894b06db503be8cb43011f384a429c7a9f84f3f61c138a35e?s=96&d=mm&r=g","url":"https:\/\/secure.gravatar.com\/avatar\/e198f9393383244894b06db503be8cb43011f384a429c7a9f84f3f61c138a35e?s=96&d=mm&r=g","contentUrl":"https:\/\/secure.gravatar.com\/avatar\/e198f9393383244894b06db503be8cb43011f384a429c7a9f84f3f61c138a35e?s=96&d=mm&r=g","caption":"Vagas Emprego DF"},"url":"https:\/\/www.vagasdf.com.br\/index.php\/author\/vagasemprego\/"}]}},"_links":{"self":[{"href":"https:\/\/www.vagasdf.com.br\/index.php\/wp-json\/wp\/v2\/posts\/43778","targetHints":{"allow":["GET"]}}],"collection":[{"href":"https:\/\/www.vagasdf.com.br\/index.php\/wp-json\/wp\/v2\/posts"}],"about":[{"href":"https:\/\/www.vagasdf.com.br\/index.php\/wp-json\/wp\/v2\/types\/post"}],"author":[{"embeddable":true,"href":"https:\/\/www.vagasdf.com.br\/index.php\/wp-json\/wp\/v2\/users\/2"}],"replies":[{"embeddable":true,"href":"https:\/\/www.vagasdf.com.br\/index.php\/wp-json\/wp\/v2\/comments?post=43778"}],"version-history":[{"count":1,"href":"https:\/\/www.vagasdf.com.br\/index.php\/wp-json\/wp\/v2\/posts\/43778\/revisions"}],"predecessor-version":[{"id":43779,"href":"https:\/\/www.vagasdf.com.br\/index.php\/wp-json\/wp\/v2\/posts\/43778\/revisions\/43779"}],"wp:attachment":[{"href":"https:\/\/www.vagasdf.com.br\/index.php\/wp-json\/wp\/v2\/media?parent=43778"}],"wp:term":[{"taxonomy":"category","embeddable":true,"href":"https:\/\/www.vagasdf.com.br\/index.php\/wp-json\/wp\/v2\/categories?post=43778"},{"taxonomy":"post_tag","embeddable":true,"href":"https:\/\/www.vagasdf.com.br\/index.php\/wp-json\/wp\/v2\/tags?post=43778"}],"curies":[{"name":"wp","href":"https:\/\/api.w.org\/{rel}","templated":true}]}}