{"id":43780,"date":"2026-04-30T15:00:25","date_gmt":"2026-04-30T18:00:25","guid":{"rendered":"https:\/\/www.vagasdf.com.br\/?p=43780"},"modified":"2026-04-29T21:17:52","modified_gmt":"2026-04-30T00:17:52","slug":"estagiario-de-business-intelligence-brasilia-df","status":"publish","type":"post","link":"https:\/\/www.vagasdf.com.br\/index.php\/2026\/04\/30\/estagiario-de-business-intelligence-brasilia-df\/","title":{"rendered":"Estagi\u00e1rio de Business Intelligence &#8211;  Bras\u00edlia &#8211; DF"},"content":{"rendered":"<p style=\"text-align: justify;\">Requisitos obrigat\u00f3rios:<\/p>\n<ul style=\"text-align: justify;\">\n<li>Ensino Superior Cursando Ci\u00eancias de Dados, Sistemas da Informa\u00e7\u00e3o, Tecnologia da Informa\u00e7\u00e3o ou \u00e1reas correlatas.<\/li>\n<li>Conhecimento Pacote Office (Excel intermedi\u00e1rio)<\/li>\n<li>Conhecimentos iniciais em Power BI, Power Query ou ferramentas similares de visualiza\u00e7\u00e3o, modelagem e tratamento de dados<br \/>\nNo\u00e7\u00f5es de SQL<\/li>\n<\/ul>\n<p style=\"text-align: justify;\">Atividades:<\/p>\n<ul style=\"text-align: justify;\">\n<li>Auxiliar na implementa\u00e7\u00e3o de solu\u00e7\u00f5es de BI, utilizando Power BI e IBM Cognos Analytics<\/li>\n<li>Documentar projetos e atividades realizadas, garantindo organiza\u00e7\u00e3o e clareza na comunica\u00e7\u00e3o dos processos<\/li>\n<li>Colaborar com \u00e1reas internas para entender demandas e traduzir essas necessidades em solu\u00e7\u00f5es anal\u00edticas eficazes.<\/li>\n<\/ul>\n<p style=\"text-align: justify;\">Jornada de trabalho:<\/p>\n<ul style=\"text-align: justify;\">\n<li>Segunda a Sexta Feira das 08:00 \u00e1s 14:00 com 15 minutos<\/li>\n<\/ul>\n<p style=\"text-align: justify;\">Remunera\u00e7\u00e3o:<\/p>\n<ul style=\"text-align: justify;\">\n<li>Bolsa Auxilio R$ 1.621,00<\/li>\n<\/ul>\n<p style=\"text-align: justify;\">Benef\u00edcios:<\/p>\n<ul style=\"text-align: justify;\">\n<li>Aux\u00edlio academia<\/li>\n<li>Seguro de Vida<\/li>\n<li>Vale-alimenta\u00e7\u00e3o<\/li>\n<li>Vale-refei\u00e7\u00e3o<\/li>\n<li>Vale-transporte<\/li>\n<\/ul>\n<p style=\"text-align: justify;\">Cadastrar curr\u00edculo informando no assunto a vaga de interesse para o Link<br \/>\nhttps:\/\/www.empregare.com\/pt-br\/vaga-estagiario-de-business-intelligence_159351<\/p>\n","protected":false},"excerpt":{"rendered":"<p>Requisitos obrigat\u00f3rios: Ensino Superior Cursando Ci\u00eancias de Dados, Sistemas da Informa\u00e7\u00e3o, Tecnologia da Informa\u00e7\u00e3o ou \u00e1reas correlatas. Conhecimento Pacote Office (Excel intermedi\u00e1rio) Conhecimentos iniciais em [&#8230;]<\/p>\n","protected":false},"author":2,"featured_media":0,"comment_status":"open","ping_status":"open","sticky":false,"template":"","format":"standard","meta":{"footnotes":""},"categories":[126,44,58],"tags":[],"class_list":["post-43780","post","type-post","status-publish","format-standard","hentry","category-ensino-superior-incompleto","category-estagio","category-informatica-ti"],"yoast_head":"<!-- This site is optimized with the Yoast SEO plugin v27.5 - https:\/\/yoast.com\/product\/yoast-seo-wordpress\/ -->\n<title>Estagi\u00e1rio de Business Intelligence - Bras\u00edlia - DF - VagasDF<\/title>\n<meta name=\"robots\" content=\"index, follow, max-snippet:-1, max-image-preview:large, max-video-preview:-1\" \/>\n<link rel=\"canonical\" href=\"https:\/\/www.vagasdf.com.br\/index.php\/2026\/04\/30\/estagiario-de-business-intelligence-brasilia-df\/\" \/>\n<meta property=\"og:locale\" content=\"pt_BR\" \/>\n<meta property=\"og:type\" content=\"article\" \/>\n<meta property=\"og:title\" content=\"Estagi\u00e1rio de Business Intelligence - Bras\u00edlia - DF - VagasDF\" \/>\n<meta property=\"og:description\" content=\"Requisitos obrigat\u00f3rios: Ensino Superior Cursando Ci\u00eancias de Dados, Sistemas da Informa\u00e7\u00e3o, Tecnologia da Informa\u00e7\u00e3o ou \u00e1reas correlatas. Conhecimento Pacote Office (Excel intermedi\u00e1rio) Conhecimentos iniciais em [...]\" \/>\n<meta property=\"og:url\" content=\"https:\/\/www.vagasdf.com.br\/index.php\/2026\/04\/30\/estagiario-de-business-intelligence-brasilia-df\/\" \/>\n<meta property=\"og:site_name\" content=\"VagasDF\" \/>\n<meta property=\"article:published_time\" content=\"2026-04-30T18:00:25+00:00\" \/>\n<meta name=\"author\" content=\"Vagas Emprego DF\" \/>\n<meta name=\"twitter:card\" content=\"summary_large_image\" \/>\n<meta name=\"twitter:label1\" content=\"Escrito por\" \/>\n\t<meta name=\"twitter:data1\" content=\"Vagas Emprego DF\" \/>\n\t<meta name=\"twitter:label2\" content=\"Est. tempo de leitura\" \/>\n\t<meta name=\"twitter:data2\" content=\"1 minuto\" \/>\n<!-- \/ Yoast SEO plugin. -->","yoast_head_json":{"title":"Estagi\u00e1rio de Business Intelligence - Bras\u00edlia - DF - VagasDF","robots":{"index":"index","follow":"follow","max-snippet":"max-snippet:-1","max-image-preview":"max-image-preview:large","max-video-preview":"max-video-preview:-1"},"canonical":"https:\/\/www.vagasdf.com.br\/index.php\/2026\/04\/30\/estagiario-de-business-intelligence-brasilia-df\/","og_locale":"pt_BR","og_type":"article","og_title":"Estagi\u00e1rio de Business Intelligence - Bras\u00edlia - DF - VagasDF","og_description":"Requisitos obrigat\u00f3rios: Ensino Superior Cursando Ci\u00eancias de Dados, Sistemas da Informa\u00e7\u00e3o, Tecnologia da Informa\u00e7\u00e3o ou \u00e1reas correlatas. Conhecimento Pacote Office (Excel intermedi\u00e1rio) Conhecimentos iniciais em [...]","og_url":"https:\/\/www.vagasdf.com.br\/index.php\/2026\/04\/30\/estagiario-de-business-intelligence-brasilia-df\/","og_site_name":"VagasDF","article_published_time":"2026-04-30T18:00:25+00:00","author":"Vagas Emprego DF","twitter_card":"summary_large_image","twitter_misc":{"Escrito por":"Vagas Emprego DF","Est. tempo de leitura":"1 minuto"},"schema":{"@context":"https:\/\/schema.org","@graph":[{"@type":"Article","@id":"https:\/\/www.vagasdf.com.br\/index.php\/2026\/04\/30\/estagiario-de-business-intelligence-brasilia-df\/#article","isPartOf":{"@id":"https:\/\/www.vagasdf.com.br\/index.php\/2026\/04\/30\/estagiario-de-business-intelligence-brasilia-df\/"},"author":{"name":"Vagas Emprego DF","@id":"https:\/\/www.vagasdf.com.br\/#\/schema\/person\/9384a559252cca63e85a3316d81df8a9"},"headline":"Estagi\u00e1rio de Business Intelligence &#8211; Bras\u00edlia &#8211; DF","datePublished":"2026-04-30T18:00:25+00:00","mainEntityOfPage":{"@id":"https:\/\/www.vagasdf.com.br\/index.php\/2026\/04\/30\/estagiario-de-business-intelligence-brasilia-df\/"},"wordCount":156,"commentCount":0,"publisher":{"@id":"https:\/\/www.vagasdf.com.br\/#organization"},"articleSection":["ensino superior incompleto","est\u00e1gio","inform\u00e1tica \/ TI \/ Web"],"inLanguage":"pt-BR","potentialAction":[{"@type":"CommentAction","name":"Comment","target":["https:\/\/www.vagasdf.com.br\/index.php\/2026\/04\/30\/estagiario-de-business-intelligence-brasilia-df\/#respond"]}]},{"@type":"WebPage","@id":"https:\/\/www.vagasdf.com.br\/index.php\/2026\/04\/30\/estagiario-de-business-intelligence-brasilia-df\/","url":"https:\/\/www.vagasdf.com.br\/index.php\/2026\/04\/30\/estagiario-de-business-intelligence-brasilia-df\/","name":"Estagi\u00e1rio de Business Intelligence - Bras\u00edlia - DF - VagasDF","isPartOf":{"@id":"https:\/\/www.vagasdf.com.br\/#website"},"datePublished":"2026-04-30T18:00:25+00:00","breadcrumb":{"@id":"https:\/\/www.vagasdf.com.br\/index.php\/2026\/04\/30\/estagiario-de-business-intelligence-brasilia-df\/#breadcrumb"},"inLanguage":"pt-BR","potentialAction":[{"@type":"ReadAction","target":["https:\/\/www.vagasdf.com.br\/index.php\/2026\/04\/30\/estagiario-de-business-intelligence-brasilia-df\/"]}]},{"@type":"BreadcrumbList","@id":"https:\/\/www.vagasdf.com.br\/index.php\/2026\/04\/30\/estagiario-de-business-intelligence-brasilia-df\/#breadcrumb","itemListElement":[{"@type":"ListItem","position":1,"name":"Home","item":"https:\/\/www.vagasdf.com.br\/"},{"@type":"ListItem","position":2,"name":"Estagi\u00e1rio de Business Intelligence &#8211; Bras\u00edlia &#8211; DF"}]},{"@type":"WebSite","@id":"https:\/\/www.vagasdf.com.br\/#website","url":"https:\/\/www.vagasdf.com.br\/","name":"VagasDF","description":"Vagas de Emprego e Est\u00e1gio no DF","publisher":{"@id":"https:\/\/www.vagasdf.com.br\/#organization"},"potentialAction":[{"@type":"SearchAction","target":{"@type":"EntryPoint","urlTemplate":"https:\/\/www.vagasdf.com.br\/?s={search_term_string}"},"query-input":{"@type":"PropertyValueSpecification","valueRequired":true,"valueName":"search_term_string"}}],"inLanguage":"pt-BR"},{"@type":"Organization","@id":"https:\/\/www.vagasdf.com.br\/#organization","name":"VagasDF","url":"https:\/\/www.vagasdf.com.br\/","logo":{"@type":"ImageObject","inLanguage":"pt-BR","@id":"https:\/\/www.vagasdf.com.br\/#\/schema\/logo\/image\/","url":"https:\/\/www.vagasdf.com.br\/wp-content\/uploads\/2025\/06\/cropped-vdf-logo-2021.jpg","contentUrl":"https:\/\/www.vagasdf.com.br\/wp-content\/uploads\/2025\/06\/cropped-vdf-logo-2021.jpg","width":350,"height":100,"caption":"VagasDF"},"image":{"@id":"https:\/\/www.vagasdf.com.br\/#\/schema\/logo\/image\/"}},{"@type":"Person","@id":"https:\/\/www.vagasdf.com.br\/#\/schema\/person\/9384a559252cca63e85a3316d81df8a9","name":"Vagas Emprego DF","image":{"@type":"ImageObject","inLanguage":"pt-BR","@id":"https:\/\/secure.gravatar.com\/avatar\/e198f9393383244894b06db503be8cb43011f384a429c7a9f84f3f61c138a35e?s=96&d=mm&r=g","url":"https:\/\/secure.gravatar.com\/avatar\/e198f9393383244894b06db503be8cb43011f384a429c7a9f84f3f61c138a35e?s=96&d=mm&r=g","contentUrl":"https:\/\/secure.gravatar.com\/avatar\/e198f9393383244894b06db503be8cb43011f384a429c7a9f84f3f61c138a35e?s=96&d=mm&r=g","caption":"Vagas Emprego DF"},"url":"https:\/\/www.vagasdf.com.br\/index.php\/author\/vagasemprego\/"}]}},"_links":{"self":[{"href":"https:\/\/www.vagasdf.com.br\/index.php\/wp-json\/wp\/v2\/posts\/43780","targetHints":{"allow":["GET"]}}],"collection":[{"href":"https:\/\/www.vagasdf.com.br\/index.php\/wp-json\/wp\/v2\/posts"}],"about":[{"href":"https:\/\/www.vagasdf.com.br\/index.php\/wp-json\/wp\/v2\/types\/post"}],"author":[{"embeddable":true,"href":"https:\/\/www.vagasdf.com.br\/index.php\/wp-json\/wp\/v2\/users\/2"}],"replies":[{"embeddable":true,"href":"https:\/\/www.vagasdf.com.br\/index.php\/wp-json\/wp\/v2\/comments?post=43780"}],"version-history":[{"count":1,"href":"https:\/\/www.vagasdf.com.br\/index.php\/wp-json\/wp\/v2\/posts\/43780\/revisions"}],"predecessor-version":[{"id":43781,"href":"https:\/\/www.vagasdf.com.br\/index.php\/wp-json\/wp\/v2\/posts\/43780\/revisions\/43781"}],"wp:attachment":[{"href":"https:\/\/www.vagasdf.com.br\/index.php\/wp-json\/wp\/v2\/media?parent=43780"}],"wp:term":[{"taxonomy":"category","embeddable":true,"href":"https:\/\/www.vagasdf.com.br\/index.php\/wp-json\/wp\/v2\/categories?post=43780"},{"taxonomy":"post_tag","embeddable":true,"href":"https:\/\/www.vagasdf.com.br\/index.php\/wp-json\/wp\/v2\/tags?post=43780"}],"curies":[{"name":"wp","href":"https:\/\/api.w.org\/{rel}","templated":true}]}}